{"id":13235,"date":"2023-08-03T00:02:17","date_gmt":"2023-08-02T21:02:17","guid":{"rendered":"https:\/\/marmarayerelhizmet.com\/?p=13235"},"modified":"2023-08-03T11:51:32","modified_gmt":"2023-08-03T08:51:32","slug":"beykoz-continental-damga-vurdu","status":"publish","type":"post","link":"https:\/\/marmarayerelhizmet.com\/index.php\/2023\/08\/03\/beykoz-continental-damga-vurdu\/","title":{"rendered":"Beykoz Continental Damga Vurdu"},"content":{"rendered":"<p><strong><span style=\"font-family: arial, helvetica, sans-serif; font-size: 14px;\">Beykoz Belediyesi Continental Bisiklet Tak\u0131m\u0131, &#8220;100. Y\u0131l Cumhuriyet Bisiklet Turu&#8221;na (1-5 A\u011fustos) damga vurdu. Beykoz Continental, yurt d\u0131\u015f\u0131 ve yurt i\u00e7inden g\u00fc\u00e7l\u00fc tak\u0131mlar\u0131n yer ald\u0131\u011f\u0131 turda ilk iki etab\u0131 birinci tamamlad\u0131.<br \/>\n<\/span><\/strong><br \/>\n<span style=\"font-family: arial, helvetica, sans-serif; font-size: 14px;\">T\u00fcrkiye Bisiklet Federasyonu taraf\u0131ndan, Cumhuriyetin 100. y\u0131l\u0131 onuruna Sivas&#8217;tan Ankara&#8217;ya d\u00fczenlenen 784 kilometrelik uluslararas\u0131 &#8220;100. Y\u0131l Cumhuriyet Bisiklet Turu&#8221; 16 tak\u0131m ve 100 sporcunun kat\u0131l\u0131m\u0131yla ba\u015flad\u0131.<\/span><br \/>\n<span style=\"font-family: arial, helvetica, sans-serif; font-size: 14px;\">Cumhuriyetin 100. y\u0131l\u0131 onuruna d\u00fczenlenen turun ilk etab\u0131 1 A\u011fustos Sal\u0131 g\u00fcn\u00fc yap\u0131ld\u0131. Sivas Atat\u00fcrk ve Kongre M\u00fczesi \u00f6n\u00fcnden start alan bisiklet\u00e7iler Amasya y\u00f6n\u00fcne uzanan 208 km\u2019lik etapta birincilik i\u00e7in ter d\u00f6kt\u00fc.<\/span><\/p>\n<p><strong><span style=\"font-family: arial, helvetica, sans-serif; font-size: 14px;\">Beykoz Continental ilk 2 etapta birinci<\/span><\/strong><br \/>\n<span style=\"font-family: arial, helvetica, sans-serif; font-size: 14px;\">Cumhuriyet sevgisi ve \u015fampiyonluk hedefiyle pedal \u00e7eviren Beykoz Belediyesi Continental Bisiklet Tak\u0131m\u0131 ilk etab\u0131 toplam 15,35\u2019lik derecesiyle birinci tamamlad\u0131.<\/span><br \/>\n<span style=\"font-family: arial, helvetica, sans-serif; font-size: 14px;\">Tak\u0131m\u0131n Birle\u015fik Krall\u0131k k\u00f6kenli sporcusu Maximilian Stedman 5,11\u2019lik derecesiyle g\u00f6z doldururken, Ukraynal\u0131 bisiklet\u00e7i Yaroslav Parashchak 5,12\u2019lik ve Halil \u0130brahim Do\u011fan 5,12\u2019lik dereceler elde etti. Sporcular\u0131n \u00e7eki\u015fmeli rekabetine sahne olan turun 2. etab\u0131 Amasya \u015eehir Merkezi ve Havza Atat\u00fcrk Evi aras\u0131ndaki 89,4 km\u2019lik parkurda ger\u00e7ekle\u015fti. Beykoz Belediyesi Continental iddial\u0131 ba\u015flad\u0131\u011f\u0131 turun 2 A\u011fustos\u2019ta ko\u015fulan ikinci etab\u0131n\u0131 6,39\u2019luk dereceyle ilk s\u0131rada tamamlayarak \u00fcst\u00fcnl\u00fc\u011f\u00fcn\u00fc korudu. Tak\u0131m\u0131n Afrika k\u00f6kenli \u015fampiyon sporcusu Natnael Berhane etab\u0131 2,12\u2019lik derecesiyle ikinci tamamlarken, Rus Sporcu Serge\u0131 Rostovtsev 2,13 ve Yaroslav Parashchak 2,13\u2019l\u00fck dereceler yapt\u0131.<\/span><\/p>\n<p><strong><span style=\"font-family: arial, helvetica, sans-serif; font-size: 14px;\">T\u00fcrk bayra\u011f\u0131 TBMM\u2019ye teslim edilecek<\/span><\/strong><br \/>\n<span style=\"font-family: arial, helvetica, sans-serif; font-size: 14px;\">Sporcular\u0131n tarihe yolculuk yapt\u0131\u011f\u0131 &#8220;100. Y\u0131l Cumhuriyet Bisiklet Turu\u201d 5 g\u00fcn s\u00fcrecek.<\/span><br \/>\n<span style=\"font-family: arial, helvetica, sans-serif; font-size: 14px;\">Sivas, Amasya, Havza, Samsun, \u00c7orum, \u00c7ank\u0131r\u0131 \u00fczerinden Ankara&#8217;ya pedal \u00e7evirecek bisiklet\u00e7iler, yar\u0131\u015f\u0131 5 A\u011fustos Cumartesi g\u00fcn\u00fc Birinci T\u00fcrkiye B\u00fcy\u00fck Millet Meclisi&#8217;nde tamamlayacak. Etap birincisinin ta\u015f\u0131yaca\u011f\u0131 T\u00fcrk bayra\u011f\u0131, Ankara&#8217;da TBMM Ba\u015fkanl\u0131\u011f\u0131na teslim edilecek.<\/span><\/p>\n<p><strong><span style=\"font-family: arial, helvetica, sans-serif; font-size: 14px;\">Beykoz Continental \u015fampiyonluklara pedal \u00e7eviriyor<\/span><\/strong><br \/>\n<span style=\"font-family: arial, helvetica, sans-serif; font-size: 14px;\">Beykoz\u2019un ad\u0131n\u0131 d\u00fcnyan\u0131n ve Avrupa\u2019n\u0131n en prestijli bisiklet yar\u0131\u015flar\u0131nda duyurmak \u00fczere T\u00fcrkiye\u2019nin bu alandaki 4. tak\u0131m\u0131 olarak kurulan Beykoz Belediyesi Continental Bisiklet Tak\u0131m\u0131 bir\u00e7ok yurt d\u0131\u015f\u0131 yar\u0131\u015fta \u00fclkemizi ba\u015far\u0131yla temsil etti. Afrika ada \u00fclkesi Maritus\u2019ta d\u00fczenlenen Tour De Maurice\u2019ta (5-12 Haziran) 2.&#8217;lik k\u00fcrs\u00fcs\u00fcne \u00e7\u0131kan Beykoz Continental, Afrika \u00fclkesi Gabon\u2019da yap\u0131lan Tropicale Amissa Bongo\u201d Yar\u0131\u015f\u0131\u2019nda (23-29 Ocak) ise Natnael Berhane\u2019yle 4. oldu.<\/span><br \/>\n<span style=\"font-family: arial, helvetica, sans-serif; font-size: 14px;\">Tak\u0131m, Kayseri\u2019de yap\u0131lan Grand Prix K\u00fcltepe Bisiklet Yol Yar\u0131\u015flar\u0131&#8217;nda (8-Temmuz-19 A\u011fustos) zorlu rakiplerini geride b\u0131rakarak tak\u0131m olarak etap \u015fampiyonu oldu.<\/span><br \/>\n<span style=\"font-family: arial, helvetica, sans-serif; font-size: 14px;\">Beykoz Belediyesi Continental Tak\u0131m\u0131 t\u00fcm yar\u0131\u015flara, bisiklet parkurlar\u0131yla T\u00fcrkiye\u2019nin ilk ve en b\u00fcy\u00fck spor orman\u0131 olan Beykoz Belediyesi Spor Orman\u0131nda haz\u0131rlan\u0131yor.<\/span><\/p>\n","protected":false},"excerpt":{"rendered":"<p>Beykoz Belediyesi Continental Bisiklet Tak\u0131m\u0131, &#8220;100. Y\u0131l Cumhuriyet Bisiklet Turu&#8221;na (1-5 A\u011fustos) damga vurdu. Beykoz Continental, yurt d\u0131\u015f\u0131 ve yurt<\/p>\n","protected":false},"author":3,"featured_media":13237,"comment_status":"open","ping_status":"open","sticky":false,"template":"","format":"standard","meta":{"colormag_page_container_layout":"default_layout","colormag_page_sidebar_layout":"default_layout","footnotes":""},"categories":[1,5,8,9],"tags":[],"class_list":["post-13235","post","type-post","status-publish","format-standard","has-post-thumbnail","hentry","category-genel","category-gundem","category-siyaset","category-spor"],"_links":{"self":[{"href":"https:\/\/marmarayerelhizmet.com\/index.php\/wp-json\/wp\/v2\/posts\/13235","targetHints":{"allow":["GET"]}}],"collection":[{"href":"https:\/\/marmarayerelhizmet.com\/index.php\/wp-json\/wp\/v2\/posts"}],"about":[{"href":"https:\/\/marmarayerelhizmet.com\/index.php\/wp-json\/wp\/v2\/types\/post"}],"author":[{"embeddable":true,"href":"https:\/\/marmarayerelhizmet.com\/index.php\/wp-json\/wp\/v2\/users\/3"}],"replies":[{"embeddable":true,"href":"https:\/\/marmarayerelhizmet.com\/index.php\/wp-json\/wp\/v2\/comments?post=13235"}],"version-history":[{"count":0,"href":"https:\/\/marmarayerelhizmet.com\/index.php\/wp-json\/wp\/v2\/posts\/13235\/revisions"}],"wp:featuredmedia":[{"embeddable":true,"href":"https:\/\/marmarayerelhizmet.com\/index.php\/wp-json\/wp\/v2\/media\/13237"}],"wp:attachment":[{"href":"https:\/\/marmarayerelhizmet.com\/index.php\/wp-json\/wp\/v2\/media?parent=13235"}],"wp:term":[{"taxonomy":"category","embeddable":true,"href":"https:\/\/marmarayerelhizmet.com\/index.php\/wp-json\/wp\/v2\/categories?post=13235"},{"taxonomy":"post_tag","embeddable":true,"href":"https:\/\/marmarayerelhizmet.com\/index.php\/wp-json\/wp\/v2\/tags?post=13235"}],"curies":[{"name":"wp","href":"https:\/\/api.w.org\/{rel}","templated":true}]}}