{"id":12983,"date":"2023-07-28T16:25:50","date_gmt":"2023-07-28T13:25:50","guid":{"rendered":"https:\/\/marmarayerelhizmet.com\/?p=12983"},"modified":"2023-07-28T16:25:50","modified_gmt":"2023-07-28T13:25:50","slug":"kultur-ve-sanat-festivali-basladi","status":"publish","type":"post","link":"https:\/\/marmarayerelhizmet.com\/index.php\/2023\/07\/28\/kultur-ve-sanat-festivali-basladi\/","title":{"rendered":"K\u00fclt\u00fcr ve Sanat Festivali Ba\u015flad\u0131"},"content":{"rendered":"<p><strong><span style=\"font-family: arial, helvetica, sans-serif; font-size: 14px;\">D\u00fcnya Festivaller Birli\u011fi taraf\u0131ndan 8 kez \u00fcst \u00fcste \u201cD\u00fcnya\u2019n\u0131n En \u0130yi K\u00fclt\u00fcr-Sanat Festivali\u201d \u00f6d\u00fcl\u00fc alan Uluslararas\u0131 \u0130stanbul B\u00fcy\u00fck\u00e7ekmece K\u00fclt\u00fcr ve Sanat Festivali Taksim\u2019de ba\u015flad\u0131.<br \/>\n<\/span><\/strong><br \/>\n<span style=\"font-family: arial, helvetica, sans-serif; font-size: 14px;\">Uluslararas\u0131 \u0130stanbul B\u00fcy\u00fck\u00e7ekmece K\u00fclt\u00fcr Sanat Festivali\u2019nin a\u00e7\u0131l\u0131\u015f\u0131 Taksim Meydan\u0131\u2019nda g\u00f6rsel bir \u015f\u00f6len ile ger\u00e7ekle\u015ftirildi. D\u00fcnyan\u0131n d\u00f6rt bir yan\u0131ndan festivale kat\u0131lan \u00fclkelerin geleneksel ve renkli kost\u00fcml\u00fc k\u00fclt\u00fcr el\u00e7ileri bu y\u0131l da Taksim Meydan\u0131\u2019nda unutulmaz anlar ya\u015fatt\u0131. T\u00fcm d\u00fcnyaya bar\u0131\u015f ve sevgi mesajlar\u0131n\u0131n verildi\u011fi t\u00f6rende adeta g\u00f6rsel bir \u015f\u00f6len sergilendi. Brezilya, Meksika, Hollanda, Azerbaycan, T\u00fcrkmenistan, Hollanda, Bulgaristan, Macaristan, Japonya, \u00c7in, Pakistan, G\u00fcney Kore ve Hindistan gibi 100 \u00fclke renkli ulusal folklorik k\u0131yafetleriyle kendilerine has m\u00fczikleriyle Taksim\u2019de \u00fclke bayraklar\u0131yla festivalde yer ald\u0131. Kat\u0131l\u0131mc\u0131 \u00fclkelerin dans gruplar\u0131 kendi oyunlar\u0131n\u0131 sergiledi. B\u00fcy\u00fck\u00e7ekmece K\u00fclt\u00fcr Sanat Festivali komitesi de Atat\u00fcrk An\u0131t\u0131\u2019na \u00e7elenk b\u0131rakt\u0131. T\u00f6rende B\u00fcy\u00fck\u00e7ekmece Belediye Ba\u015fkan\u0131 Dr. Hasan Akg\u00fcn konu\u015fma yapt\u0131.<\/span><\/p>\n<p><strong><span style=\"font-family: arial, helvetica, sans-serif; font-size: 14px;\">&#8220;Bu festivali b\u00fcy\u00fcterek bir d\u00fcnya festivali haline getirmenin mutlulu\u011fu i\u00e7erisindeyiz&#8221;<\/span><\/strong><br \/>\n<span style=\"font-family: arial, helvetica, sans-serif; font-size: 14px;\">B\u00fcy\u00fck\u00e7ekmece Belediye Ba\u015fkan\u0131 Hasan Akg\u00fcn, &#8221;Cumhuriyetimizin 100. y\u0131l\u0131nda 2023&#8217;te Uluslararas\u0131 B\u00fcy\u00fck\u00e7ekmece K\u00fclt\u00fcr ve Sanat Festivali&#8217;nin 24.&#8217;s\u00fcn\u00fc bug\u00fcn burada icra etmeye ba\u015flad\u0131k. 1 y\u0131l \u00f6nce \u00e7al\u0131\u015fmalara ba\u015flad\u0131\u011f\u0131m\u0131zda d\u00fcnyada ilk defa bir festivalde 100 ayr\u0131 \u00fclkenin kat\u0131l\u0131m\u0131n\u0131 g\u00f6rmek istedik. UNESCO ve D\u00fcnya Festivaller Birli\u011fi&#8217;ne bunu yazd\u0131k. Ve bug\u00fcn bu dostluk ve bar\u0131\u015f festivalinde 100 \u00fclke temsili olarak burada 100 bayrakla \u0130stanbul halk\u0131m\u0131z\u0131 selaml\u0131yor ve \u0130stanbul halk\u0131m\u0131z\u0131 B\u00fcy\u00fck\u00e7ekmece&#8217;deki k\u00fclt\u00fcr festivaline davet ediyorlar. Bu festival ayn\u0131 zamanda bir bar\u0131\u015f festivalidir, k\u00fclt\u00fcrlerin sevgiyle kucakla\u015ft\u0131\u011f\u0131 ve kayna\u015ft\u0131\u011f\u0131 bir festivaldir. Bu festivali b\u00fcy\u00fcterek bir d\u00fcnya festivali haline getirmenin mutlulu\u011fu i\u00e7erisindeyiz. D\u00fcnya k\u00fclt\u00fcr ve sanat hayat\u0131na bir nebze katk\u0131 sa\u011flayabildikse bu bizim i\u00e7in gurur meselesidir&#8221; dedi.<\/span><\/p>\n","protected":false},"excerpt":{"rendered":"<p>D\u00fcnya Festivaller Birli\u011fi taraf\u0131ndan 8 kez \u00fcst \u00fcste \u201cD\u00fcnya\u2019n\u0131n En \u0130yi K\u00fclt\u00fcr-Sanat Festivali\u201d \u00f6d\u00fcl\u00fc alan Uluslararas\u0131 \u0130stanbul B\u00fcy\u00fck\u00e7ekmece K\u00fclt\u00fcr ve<\/p>\n","protected":false},"author":3,"featured_media":12985,"comment_status":"open","ping_status":"open","sticky":false,"template":"","format":"standard","meta":{"colormag_page_container_layout":"default_layout","colormag_page_sidebar_layout":"default_layout","footnotes":""},"categories":[1,5,6,8],"tags":[],"class_list":["post-12983","post","type-post","status-publish","format-standard","has-post-thumbnail","hentry","category-genel","category-gundem","category-kultur-sanat","category-siyaset"],"_links":{"self":[{"href":"https:\/\/marmarayerelhizmet.com\/index.php\/wp-json\/wp\/v2\/posts\/12983","targetHints":{"allow":["GET"]}}],"collection":[{"href":"https:\/\/marmarayerelhizmet.com\/index.php\/wp-json\/wp\/v2\/posts"}],"about":[{"href":"https:\/\/marmarayerelhizmet.com\/index.php\/wp-json\/wp\/v2\/types\/post"}],"author":[{"embeddable":true,"href":"https:\/\/marmarayerelhizmet.com\/index.php\/wp-json\/wp\/v2\/users\/3"}],"replies":[{"embeddable":true,"href":"https:\/\/marmarayerelhizmet.com\/index.php\/wp-json\/wp\/v2\/comments?post=12983"}],"version-history":[{"count":0,"href":"https:\/\/marmarayerelhizmet.com\/index.php\/wp-json\/wp\/v2\/posts\/12983\/revisions"}],"wp:featuredmedia":[{"embeddable":true,"href":"https:\/\/marmarayerelhizmet.com\/index.php\/wp-json\/wp\/v2\/media\/12985"}],"wp:attachment":[{"href":"https:\/\/marmarayerelhizmet.com\/index.php\/wp-json\/wp\/v2\/media?parent=12983"}],"wp:term":[{"taxonomy":"category","embeddable":true,"href":"https:\/\/marmarayerelhizmet.com\/index.php\/wp-json\/wp\/v2\/categories?post=12983"},{"taxonomy":"post_tag","embeddable":true,"href":"https:\/\/marmarayerelhizmet.com\/index.php\/wp-json\/wp\/v2\/tags?post=12983"}],"curies":[{"name":"wp","href":"https:\/\/api.w.org\/{rel}","templated":true}]}}