{"id":12960,"date":"2023-07-28T16:17:50","date_gmt":"2023-07-28T13:17:50","guid":{"rendered":"https:\/\/marmarayerelhizmet.com\/?p=12960"},"modified":"2023-07-28T16:17:50","modified_gmt":"2023-07-28T13:17:50","slug":"esenyurtta-kerbela-sehitleri-anildi","status":"publish","type":"post","link":"https:\/\/marmarayerelhizmet.com\/index.php\/2023\/07\/28\/esenyurtta-kerbela-sehitleri-anildi\/","title":{"rendered":"Esenyurt&#8217;ta Kerbela \u015eehitleri An\u0131ld\u0131"},"content":{"rendered":"<p><strong><span style=\"font-family: arial, helvetica, sans-serif; font-size: 14px;\">Esenyurt&#8217;ta d\u00fczenlenen programla Kerbela \u015fehitleri an\u0131ld\u0131.<br \/>\n<\/span><\/strong><br \/>\n<span style=\"font-family: arial, helvetica, sans-serif; font-size: 14px;\">Hz. H\u00fcseyin ve beraberindeki 72 ki\u015finin Kerbela&#8217;da \u015fehit edilmesinin y\u0131l d\u00f6n\u00fcm\u00fc nedeniyle Esenyurt\u2019ta program d\u00fczenlendi. \u0130mam Ali Vakf\u0131 ve Esenyurt Sefinet-\u00fcn Necat Gen\u00e7li\u011fi taraf\u0131ndan Esenyurt Belediye Meydan\u0131\u2019nda d\u00fczenlenen programda ilahiler okundu. Programda konu\u015fan Esenyurt Belediye Ba\u015fkan\u0131 Kemal Deniz Bozkurt, \u201cE\u011fer birlik beraberlik i\u00e7inde bu d\u00fcnyada ya\u015famak istiyorsak, adalete inan\u0131yorsak, birbirimize de\u011fer veriyorsak, birbirimizin de d\u00fc\u015f\u00fcncelerine, de\u011ferlerine \u00f6nem veriyorsak bug\u00fcn\u00fc unutmamal\u0131y\u0131z, unutturmamal\u0131y\u0131z&#8221; dedi.<\/span><br \/>\n<span style=\"font-family: arial, helvetica, sans-serif; font-size: 14px;\">Programa Esenyurt Kaymakam\u0131 Vural Karag\u00fcl, Esenyurt Belediye Ba\u015fkan\u0131 Kemal Deniz Bozkurt, Esenyurt \u0130l\u00e7e Milli E\u011fitim M\u00fcd\u00fcr\u00fc Necati Yener, Esenyurt Muhtarlar Derne\u011fi Ba\u015fkan\u0131 Ahmet Kuzgun, belediye ba\u015fkan yard\u0131mc\u0131lar\u0131, siyasi parti temsilcileri ve \u00e7ok say\u0131da vatanda\u015f kat\u0131ld\u0131.<\/span><\/p>\n","protected":false},"excerpt":{"rendered":"<p>Esenyurt&#8217;ta d\u00fczenlenen programla Kerbela \u015fehitleri an\u0131ld\u0131. Hz. H\u00fcseyin ve beraberindeki 72 ki\u015finin Kerbela&#8217;da \u015fehit edilmesinin y\u0131l d\u00f6n\u00fcm\u00fc nedeniyle Esenyurt\u2019ta program<\/p>\n","protected":false},"author":3,"featured_media":12962,"comment_status":"open","ping_status":"open","sticky":false,"template":"","format":"standard","meta":{"colormag_page_container_layout":"default_layout","colormag_page_sidebar_layout":"default_layout","footnotes":""},"categories":[1,5,8],"tags":[],"class_list":["post-12960","post","type-post","status-publish","format-standard","has-post-thumbnail","hentry","category-genel","category-gundem","category-siyaset"],"_links":{"self":[{"href":"https:\/\/marmarayerelhizmet.com\/index.php\/wp-json\/wp\/v2\/posts\/12960","targetHints":{"allow":["GET"]}}],"collection":[{"href":"https:\/\/marmarayerelhizmet.com\/index.php\/wp-json\/wp\/v2\/posts"}],"about":[{"href":"https:\/\/marmarayerelhizmet.com\/index.php\/wp-json\/wp\/v2\/types\/post"}],"author":[{"embeddable":true,"href":"https:\/\/marmarayerelhizmet.com\/index.php\/wp-json\/wp\/v2\/users\/3"}],"replies":[{"embeddable":true,"href":"https:\/\/marmarayerelhizmet.com\/index.php\/wp-json\/wp\/v2\/comments?post=12960"}],"version-history":[{"count":0,"href":"https:\/\/marmarayerelhizmet.com\/index.php\/wp-json\/wp\/v2\/posts\/12960\/revisions"}],"wp:featuredmedia":[{"embeddable":true,"href":"https:\/\/marmarayerelhizmet.com\/index.php\/wp-json\/wp\/v2\/media\/12962"}],"wp:attachment":[{"href":"https:\/\/marmarayerelhizmet.com\/index.php\/wp-json\/wp\/v2\/media?parent=12960"}],"wp:term":[{"taxonomy":"category","embeddable":true,"href":"https:\/\/marmarayerelhizmet.com\/index.php\/wp-json\/wp\/v2\/categories?post=12960"},{"taxonomy":"post_tag","embeddable":true,"href":"https:\/\/marmarayerelhizmet.com\/index.php\/wp-json\/wp\/v2\/tags?post=12960"}],"curies":[{"name":"wp","href":"https:\/\/api.w.org\/{rel}","templated":true}]}}