{"id":12956,"date":"2023-07-28T16:16:15","date_gmt":"2023-07-28T13:16:15","guid":{"rendered":"https:\/\/marmarayerelhizmet.com\/?p=12956"},"modified":"2023-07-28T16:16:15","modified_gmt":"2023-07-28T13:16:15","slug":"buyukcekmecede-asik-veysel-anildi","status":"publish","type":"post","link":"https:\/\/marmarayerelhizmet.com\/index.php\/2023\/07\/28\/buyukcekmecede-asik-veysel-anildi\/","title":{"rendered":"B\u00fcy\u00fck\u00e7ekmece&#8217;de A\u015f\u0131k Veysel An\u0131ld\u0131"},"content":{"rendered":"<p><strong><span style=\"font-family: arial, helvetica, sans-serif; font-size: 14px;\">T\u00fcrkiye\u2019de a\u015f\u0131kl\u0131k gelene\u011finin en \u00f6nemli temsilcilerin olan A\u015f\u0131k Veysel \u015eat\u0131ro\u011flu, 24. Uluslararas\u0131 \u0130stanbul B\u00fcy\u00fck\u00e7ekmece K\u00fclt\u00fcr ve Sanat Festivali \u00e7er\u00e7evesinde ger\u00e7ekle\u015fen bir konserle an\u0131ld\u0131.<br \/>\n<\/span><\/strong><br \/>\n<span style=\"font-family: arial, helvetica, sans-serif; font-size: 14px;\">A\u015f\u0131k Veysel\u2019in eserlerini seslendiren 105 ki\u015filik dev orkestran\u0131n \u201c100 M\u0131zrapl\u0131 A\u015f\u0131k\u201d isimli konserine Veysel\u2019in torunu \u00c7i\u011fdem \u00d6zer\u2019de kat\u0131ld\u0131. Konserde duygu dolu anlar ya\u015fayan \u00d6zer, \u201cA\u015f\u0131k Veysel\u2019imiz sadece benim dedem de\u011fil asl\u0131nda herkesin dedesi\u201d diye konu\u015ftu. UNESCO 2023 A\u015f\u0131k Veysel Anma Y\u0131l\u0131 \u00e7er\u00e7evesinde B\u00fcy\u00fck\u00e7ekmece Atat\u00fcrk K\u00fclt\u00fcr Merkezi\u2019nde ger\u00e7ekle\u015fen konsere vatanda\u015flar\u0131n ilgisi olduk\u00e7a yo\u011fun oldu. Genel Sanat Y\u00f6netmenli\u011fi &#8211; \u015eef Taner Demiralp ve \u015eef Neslinay \u00c7\u0131nar y\u00f6netimindeki koro, A\u015f\u0131k Veysel\u2019in hayat\u0131n\u0131n eserleriyle b\u00fct\u00fcnle\u015ftirildi\u011fi muhte\u015fem bir konsere imza att\u0131. A\u015f\u0131k Veysel\u2019in 10 eserinin icra edildi\u011fi \u201c10 M\u0131zrapl\u0131 A\u015f\u0131k\u201d konseri salonu dolduran y\u00fczlerce dinleyici taraf\u0131ndan ayakta alk\u0131\u015fland\u0131.<br \/>\n<\/span><br \/>\n<strong><span style=\"font-family: arial, helvetica, sans-serif; font-size: 14px;\">\u201cA\u015f\u0131k Veysel bir hayatt\u0131r\u201d<\/span><\/strong><br \/>\n<span style=\"font-family: arial, helvetica, sans-serif; font-size: 14px;\">Konser sonras\u0131nda bir a\u00e7\u0131klama yapan B\u00fcy\u00fck\u00e7ekmece Belediye Ba\u015fkan\u0131 Dr. Hasan Akg\u00fcn, &#8220;Uluslararas\u0131 24. \u0130stanbul B\u00fcy\u00fck\u00e7ekmece K\u00fclt\u00fcr ve Sanat Festivali\u2019nin a\u00e7\u0131l\u0131\u015f\u0131yla ilgili \u00f6zel gecelerden ikincisini ya\u015fad\u0131k. D\u00fcn ak\u015fam Medeniyetler Korosu bu sahneden geldi, ge\u00e7ti. Bu ak\u015fam Cumhuriyetin, bu \u00fclkenin yeti\u015ftirmi\u015f oldu\u011fu en b\u00fcy\u00fck ozanlardan biri olan, en ba\u015fta olan A\u015f\u0131k Veysel geldi, ge\u00e7ti bu sahneden. Muhte\u015fem bir A\u015f\u0131k Veysel gecesi oldu. A\u015f\u0131k Veysel an\u0131ld\u0131. 2023 y\u0131l\u0131 A\u015f\u0131k Veysel Y\u0131l\u0131 oldu\u011funa g\u00f6re UNESCO bu g\u00fczel karar\u0131 ald\u0131\u011f\u0131na g\u00f6re biz de 2023 y\u0131l\u0131 i\u00e7erisinde Cumhuriyetimizin 100\u2019\u00fcnc\u00fc y\u0131l\u0131 kutlama etkinliklerinde \u00e7ok\u00e7a A\u015f\u0131k Veysel\u2019i anaca\u011f\u0131z. A\u015f\u0131k Veysel bir halk ozan\u0131, bir d\u00fc\u015f\u00fcn\u00fcr, bir felsefeci A\u015f\u0131k Veysel bir hayatt\u0131r. Anlatmak ve anlamak bir ba\u015fka olgudur. Anlamaya \u00e7al\u0131\u015faca\u011f\u0131z. Gelecek ku\u015faklara aktarmaya \u00e7al\u0131\u015faca\u011f\u0131z.&#8221; dedi.<br \/>\n<\/span><br \/>\n<strong><span style=\"font-family: arial, helvetica, sans-serif; font-size: 14px;\">\u201cModern \u00e7a\u011f\u0131n filozudur\u201d<\/span><\/strong><br \/>\n<span style=\"font-family: arial, helvetica, sans-serif; font-size: 14px;\">A\u015f\u0131k Veysel\u2019in torunu \u00c7i\u011fdem \u00d6zer duygular\u0131n\u0131 \u015fu s\u00f6zlerle ifade etti: &#8220;Bug\u00fcn B\u00fcy\u00fck\u00e7ekmece\u2019de \u00e7ok \u00f6zel bir gece ya\u015fad\u0131k. 24. Uluslararas\u0131 \u0130stanbul B\u00fcy\u00fck\u00e7ekmece K\u00fclt\u00fcr ve Sanat Program\u0131 \u00e7er\u00e7evesinde Say\u0131n Ba\u015fkan\u0131m\u0131z\u0131n da ifade etti\u011fi gibi o \u00f6zel gecelerin bir tanesinde sa\u011f olsunlar beni de davet ettiler. Bug\u00fcn benim anlatmak isteyece\u011fim her \u015feyi bu sahnede g\u00f6rd\u00fcm ben bug\u00fcn. Koca Veysel\u2019in Cumhuriyet sevgisini, Atat\u00fcrk sevgisini, h\u00fcmanist ve zengin i\u00e7 d\u00fcnya yap\u0131s\u0131n\u0131, toprak sevgisini, tabiat sevgisini, vatan sevgisini bug\u00fcn \u00e7ok g\u00fczel bir \u015fekilde, g\u00fczel bir orkestrayla ve g\u00fczel bir anlat\u0131mla bug\u00fcn B\u00fcy\u00fck\u00e7ekmece halk\u0131yla payla\u015ft\u0131lar. \u00c7ok mutlu olarak ayr\u0131l\u0131yorum ben. Cumhuriyetin 100\u2019\u00fcnc\u00fc y\u0131l\u0131nda A\u015f\u0131k Veysel\u2019in de ben her zaman \u015fey diyorum A\u015f\u0131k Veysel\u2019imiz sadece benim dedem de\u011fil asl\u0131nda herkesin dedesi. \u00c7\u00fcnk\u00fc UNESCO 2023 y\u0131l\u0131n\u0131 t\u00fcm d\u00fcnya insanl\u0131\u011f\u0131n\u0131 ilgilendiren, bar\u0131\u015f ve sevgi dolu mesajlar veren A\u015f\u0131k Veysel i\u00e7in \u2018\u2019A\u015f\u0131k Veysel\u2019in Anma ve Kutlama Y\u0131l\u0131\u2019\u2019 olarak t\u00fcm d\u00fcnyada ilan etti. Bu \u00e7ok \u00f6nemli bir geli\u015fmedir. A\u015f\u0131k Veysel modern \u00e7a\u011f\u0131n filozudur bana g\u00f6re. Her bir \u015fiirinden kitap \u00e7\u0131kacak kadar bilgeli ve derinli\u011fe sahiptir. Onun i\u00e7in iyi ki A\u015f\u0131k Veysel\u2019imiz var. \u0130yi ki onun ile ilgili b\u00f6yle g\u00fczel programlar yapacak g\u00f6r\u00fc\u015fte belediyelerimiz ve insanlar\u0131m\u0131z var. Ben eme\u011fi ge\u00e7en herkese ba\u015fta Say\u0131n Ba\u015fkan\u0131m olmak \u00fczere ekibine ve t\u00fcm sanat\u00e7\u0131lar\u0131m\u0131za g\u00f6n\u00fclden \u015fahs\u0131m ve ailem ad\u0131na \u00e7ok te\u015fekk\u00fcr ediyorum.\u2019\u2019<\/span><\/p>\n","protected":false},"excerpt":{"rendered":"<p>T\u00fcrkiye\u2019de a\u015f\u0131kl\u0131k gelene\u011finin en \u00f6nemli temsilcilerin olan A\u015f\u0131k Veysel \u015eat\u0131ro\u011flu, 24. Uluslararas\u0131 \u0130stanbul B\u00fcy\u00fck\u00e7ekmece K\u00fclt\u00fcr ve Sanat Festivali \u00e7er\u00e7evesinde ger\u00e7ekle\u015fen<\/p>\n","protected":false},"author":3,"featured_media":12958,"comment_status":"open","ping_status":"open","sticky":false,"template":"","format":"standard","meta":{"colormag_page_container_layout":"default_layout","colormag_page_sidebar_layout":"default_layout","footnotes":""},"categories":[1,5,6,8],"tags":[],"class_list":["post-12956","post","type-post","status-publish","format-standard","has-post-thumbnail","hentry","category-genel","category-gundem","category-kultur-sanat","category-siyaset"],"_links":{"self":[{"href":"https:\/\/marmarayerelhizmet.com\/index.php\/wp-json\/wp\/v2\/posts\/12956","targetHints":{"allow":["GET"]}}],"collection":[{"href":"https:\/\/marmarayerelhizmet.com\/index.php\/wp-json\/wp\/v2\/posts"}],"about":[{"href":"https:\/\/marmarayerelhizmet.com\/index.php\/wp-json\/wp\/v2\/types\/post"}],"author":[{"embeddable":true,"href":"https:\/\/marmarayerelhizmet.com\/index.php\/wp-json\/wp\/v2\/users\/3"}],"replies":[{"embeddable":true,"href":"https:\/\/marmarayerelhizmet.com\/index.php\/wp-json\/wp\/v2\/comments?post=12956"}],"version-history":[{"count":0,"href":"https:\/\/marmarayerelhizmet.com\/index.php\/wp-json\/wp\/v2\/posts\/12956\/revisions"}],"wp:featuredmedia":[{"embeddable":true,"href":"https:\/\/marmarayerelhizmet.com\/index.php\/wp-json\/wp\/v2\/media\/12958"}],"wp:attachment":[{"href":"https:\/\/marmarayerelhizmet.com\/index.php\/wp-json\/wp\/v2\/media?parent=12956"}],"wp:term":[{"taxonomy":"category","embeddable":true,"href":"https:\/\/marmarayerelhizmet.com\/index.php\/wp-json\/wp\/v2\/categories?post=12956"},{"taxonomy":"post_tag","embeddable":true,"href":"https:\/\/marmarayerelhizmet.com\/index.php\/wp-json\/wp\/v2\/tags?post=12956"}],"curies":[{"name":"wp","href":"https:\/\/api.w.org\/{rel}","templated":true}]}}