{"id":12944,"date":"2023-07-27T12:24:20","date_gmt":"2023-07-27T09:24:20","guid":{"rendered":"https:\/\/marmarayerelhizmet.com\/?p=12944"},"modified":"2023-07-27T12:24:20","modified_gmt":"2023-07-27T09:24:20","slug":"balikesir-farkli-bilimlerin-isiginda","status":"publish","type":"post","link":"https:\/\/marmarayerelhizmet.com\/index.php\/2023\/07\/27\/balikesir-farkli-bilimlerin-isiginda\/","title":{"rendered":"Bal\u0131kesir Farkl\u0131 Bilimlerin I\u015f\u0131\u011f\u0131nda"},"content":{"rendered":"<p><strong><span style=\"font-family: arial, helvetica, sans-serif; font-size: 14px;\">\u00a0\u201cFarkl\u0131 Bilimlerin I\u015f\u0131\u011f\u0131nda Bal\u0131kesir Uluslararas\u0131 G\u00f6stergebilim Bulu\u015fmalar\u0131\u201d ger\u00e7ekle\u015ftirilen a\u00e7\u0131l\u0131\u015f t\u00f6reniyle ba\u015flad\u0131.<\/span><\/strong><\/p>\n<p><span style=\"font-family: arial, helvetica, sans-serif; font-size: 14px;\">G\u00fcre\u2019de d\u00fczenlenen a\u00e7\u0131l\u0131\u015f t\u00f6renine; Bal\u0131kesir B\u00fcy\u00fck\u015fehir Belediye Ba\u015fkan\u0131 Y\u00fccel Y\u0131lmaz, Bal\u0131kesir \u00dcniversitesi Rekt\u00f6r\u00fc Prof. Dr. Y\u00fccel O\u011furlu, Rekt\u00f6r Yard\u0131mc\u0131lar\u0131 Prof. Dr. Cevdet Avc\u0131kurt, Prof. Dr. Murat Do\u011fdubay, Prof. Dr. Fatih Sat\u0131l ile \u00fcniversite ve ara\u015ft\u0131rma merkezlerinden uzmanlar kat\u0131ld\u0131.<\/span><\/p>\n<p><span style=\"font-family: arial, helvetica, sans-serif; font-size: 14px;\">ANASEM Ba\u015fkan\u0131 ve Bal\u0131kesir \u00dcniversitesi \u00d6\u011fretim \u00dcyesi Prof. Dr. Mustafa \u00d6zsar\u0131, Limoges \u00dcniversitesi akademisyenlerinden Prof. Dr. Jacques Fontanille, Turin \u00dcniversitesi akademisyenlerinden Prof. Dr. Massimo Leone ve Ayd\u0131n Adnan Menderes \u00dcniversitesi akademisyenlerinden Prof. Dr. Mustafa Sar\u0131ca a\u00e7\u0131l\u0131\u015f konu\u015fmalar\u0131n\u0131 yapt\u0131\u011f\u0131 etkinlikte; ANASEM Onursal Ba\u015fkan\u0131 \u015e\u00fckr\u00fc Kara, Bal\u0131kesir \u00dcniversitesi Rekt\u00f6r\u00fc Prof. Dr. Y\u00fccel O\u011furlu ve Bal\u0131kesir B\u00fcy\u00fck\u015fehir Belediye Ba\u015fkan\u0131 Y\u00fccel Y\u0131lmaz da birer konu\u015fma yaparak g\u00f6stergebilim ara\u015ft\u0131rmalar\u0131n\u0131 desteklemeye devam edeceklerini vurgulad\u0131 ve Bal\u0131kesir i\u00e7in \u00f6nemli olan etkinlikte eme\u011fi ge\u00e7enlere te\u015fekk\u00fcr ettiler.<\/span><\/p>\n<p><span style=\"font-family: arial, helvetica, sans-serif; font-size: 14px;\"><strong>Bilim Kurulu \u00dcyelerinden, Rekt\u00f6r Prof. Dr. Y\u00fccel O\u011furlu\u2019ya Ziyaret<\/strong><\/span><\/p>\n<p><span style=\"font-family: arial, helvetica, sans-serif; font-size: 14px;\">24-28 Temmuz 2023 tarihleri aras\u0131nda d\u00fczenlenen \u201cFarkl\u0131 Bilimlerin I\u015f\u0131\u011f\u0131nda Bal\u0131kesir Uluslararas\u0131 G\u00f6stergebilim Bulu\u015fmalar\u0131 etkinli\u011fe kat\u0131lan aralar\u0131nda ANASEM Ba\u015fkan\u0131 ve Bal\u0131kesir \u00dcniversitesi \u00d6\u011fretim \u00dcyesi Prof. Dr. Mustafa \u00d6zsar\u0131, Universit\u00e9 Paris 8-Vincennes-Saint-Denis akademisyenlerinden Prof. Dr. Denis Bertrand, Turin \u00dcniversitesi akademisyenlerinden Prof. Dr. Massimo Leone, Ayd\u0131n Adnan Menderes \u00dcniversitesi akademisyenlerinden Prof. Dr. Mustafa Sar\u0131ca, Universidad Nacional de Colombia akademisyenlerinden Prof. Dr. Neyla Graciela Pardo Abril ve Universidade da Coru\u00f1a akademisyenlerinden Prof. Dr. Jose\u00a0Maria Paz Gago ile Prof. Dr.\u00a0Chema Paz Gago&#8217; dan olu\u015fan bir heyet, Bal\u0131kesir \u00dcniversitesi Rekt\u00f6r\u00fc Prof. Dr. Y\u00fccel O\u011furlu\u2019yu makam\u0131nda ziyaret etti. G\u00f6stergebilim hakk\u0131nda fikir al\u0131\u015fveri\u015finde bulunulan ziyarette, Rekt\u00f6r Prof. Dr. Y\u00fccel O\u011furlu da konuklar\u0131na ziyaretleri i\u00e7in te\u015fekk\u00fcr etti.<\/span><\/p>\n<p>&nbsp;<\/p>\n<div class=\"pi-slider-wrapper pi-slider-arrows-inside pi-slider-show-arrow-hover\">\n<div class=\"pi-slider pi-slider-animate-opacity\" data-slider-action=\"slide\">\n<div class=\"pi-slide pi-slide-active\"><\/div>\n<\/div>\n<\/div>\n","protected":false},"excerpt":{"rendered":"<p>\u00a0\u201cFarkl\u0131 Bilimlerin I\u015f\u0131\u011f\u0131nda Bal\u0131kesir Uluslararas\u0131 G\u00f6stergebilim Bulu\u015fmalar\u0131\u201d ger\u00e7ekle\u015ftirilen a\u00e7\u0131l\u0131\u015f t\u00f6reniyle ba\u015flad\u0131. G\u00fcre\u2019de d\u00fczenlenen a\u00e7\u0131l\u0131\u015f t\u00f6renine; Bal\u0131kesir B\u00fcy\u00fck\u015fehir Belediye Ba\u015fkan\u0131 Y\u00fccel<\/p>\n","protected":false},"author":3,"featured_media":12946,"comment_status":"open","ping_status":"open","sticky":false,"template":"","format":"standard","meta":{"colormag_page_container_layout":"default_layout","colormag_page_sidebar_layout":"default_layout","footnotes":""},"categories":[45,1,5],"tags":[],"class_list":["post-12944","post","type-post","status-publish","format-standard","has-post-thumbnail","hentry","category-egitim","category-genel","category-gundem"],"_links":{"self":[{"href":"https:\/\/marmarayerelhizmet.com\/index.php\/wp-json\/wp\/v2\/posts\/12944","targetHints":{"allow":["GET"]}}],"collection":[{"href":"https:\/\/marmarayerelhizmet.com\/index.php\/wp-json\/wp\/v2\/posts"}],"about":[{"href":"https:\/\/marmarayerelhizmet.com\/index.php\/wp-json\/wp\/v2\/types\/post"}],"author":[{"embeddable":true,"href":"https:\/\/marmarayerelhizmet.com\/index.php\/wp-json\/wp\/v2\/users\/3"}],"replies":[{"embeddable":true,"href":"https:\/\/marmarayerelhizmet.com\/index.php\/wp-json\/wp\/v2\/comments?post=12944"}],"version-history":[{"count":0,"href":"https:\/\/marmarayerelhizmet.com\/index.php\/wp-json\/wp\/v2\/posts\/12944\/revisions"}],"wp:featuredmedia":[{"embeddable":true,"href":"https:\/\/marmarayerelhizmet.com\/index.php\/wp-json\/wp\/v2\/media\/12946"}],"wp:attachment":[{"href":"https:\/\/marmarayerelhizmet.com\/index.php\/wp-json\/wp\/v2\/media?parent=12944"}],"wp:term":[{"taxonomy":"category","embeddable":true,"href":"https:\/\/marmarayerelhizmet.com\/index.php\/wp-json\/wp\/v2\/categories?post=12944"},{"taxonomy":"post_tag","embeddable":true,"href":"https:\/\/marmarayerelhizmet.com\/index.php\/wp-json\/wp\/v2\/tags?post=12944"}],"curies":[{"name":"wp","href":"https:\/\/api.w.org\/{rel}","templated":true}]}}