{"id":12939,"date":"2023-07-27T12:21:42","date_gmt":"2023-07-27T09:21:42","guid":{"rendered":"https:\/\/marmarayerelhizmet.com\/?p=12939"},"modified":"2023-07-27T12:21:57","modified_gmt":"2023-07-27T09:21:57","slug":"muharrem-ayi-yemegi-duzenlendi","status":"publish","type":"post","link":"https:\/\/marmarayerelhizmet.com\/index.php\/2023\/07\/27\/muharrem-ayi-yemegi-duzenlendi\/","title":{"rendered":"Muharrem Ay\u0131 Yeme\u011fi D\u00fczenlendi"},"content":{"rendered":"<div><strong><span style=\"font-family: arial, helvetica, sans-serif; font-size: 14px;\">Muharrem Ay\u0131 dolay\u0131s\u0131yla Vali Hasan \u015e\u0131ldak ve E\u015fi Fatma Nur \u015e\u0131ldak&#8217;\u0131n ev sahipli\u011finde yemek program\u0131 d\u00fczenlendi.<\/p>\n<p><\/span><\/strong><\/div>\n<div><span style=\"font-family: arial, helvetica, sans-serif; font-size: 14px;\">Gala Ya\u015fam Merkezinde d\u00fczenlenen programa Vali \u015e\u0131ldak&#8217;\u0131n yan\u0131 s\u0131ra Garnizon ve 9.Ana Jet \u00dcs Komutan\u0131 H. Plt. Tu\u011fg. Cihangir Kemal Y\u00fcz\u00e7elik, B\u00fcy\u00fck\u015fehir Belediye Ba\u015fkan Vekili Mehmet Birol \u015eahin, Bal\u0131kesir \u00dcniversitesi Rekt\u00f6r\u00fc Prof.Dr. Y\u00fccel O\u011furlu, Vali Yard\u0131mc\u0131s\u0131 \u0130rfan Demir\u00f6z, Karesi Kaymakam\u0131 Metin Arslanba\u015f, \u0130l Emniyet M\u00fcd\u00fcr\u00fc Hasan Onar, \u0130l Jandarma Komutan\u0131 J.Kd.Alb.Ali Y\u0131ld\u0131z, Alt\u0131eyl\u00fcl Belediye Ba\u015fkan\u0131 Hasan Avc\u0131, Karesi Belediye Ba\u015fkan\u0131 Din\u00e7er Orkan, \u0130l M\u00fcft\u00fcs\u00fc Celal S\u00fcrge\u00e7, Aile ve Sosyal Hizmetler \u0130l M\u00fcd\u00fcr\u00fc Hatice Dost ve \u00e7ok say\u0131da davetli kat\u0131ld\u0131.<\/span><\/div>\n<div><span style=\"font-family: arial, helvetica, sans-serif; font-size: 14px;\">Vali \u015e\u0131ldak programda yapt\u0131\u011f\u0131 konu\u015fmada bu sofralar\u0131n birlik ve beraberli\u011fi g\u00fc\u00e7lendirdi\u011fini s\u00f6yledi. \u015e\u0131ldak, &#8220;Bu g\u00fczel ve e\u015fsiz co\u011frafyada tarih boyunca ho\u015fg\u00f6r\u00fcyle \u00a0ya\u015fayan Anadolu insan\u0131m\u0131z birlik ve beraberli\u011fin g\u00fcc\u00fcn\u00fc t\u00fcm d\u00fcnyaya g\u00f6stermi\u015ftir. Bizleri bir araya getiren bu sofralar da daha \u00e7ok kenetlenmemize vesile olmaktad\u0131r. Bu i\u00e7ten duygular\u0131 hep birlikte ya\u015f\u0131yor ve payla\u015f\u0131yoruz. Farkl\u0131l\u0131klar\u0131m\u0131zla bir oldu\u011fumuz inanc\u0131m\u0131zda y\u00f6neldi\u011fimiz Allah bir, dalgalanan bayra\u011f\u0131m\u0131z tekdir. \u00dclkemizi birlik ve beraberlik i\u00e7erisinde nas\u0131l kurduysak bundan sonra da b\u00fct\u00fcn g\u00fcc\u00fcm\u00fczle, koruyaca\u011f\u0131z.&#8221; \u015feklinde konu\u015ftu.\u00a0<\/span><\/div>\n<div><span style=\"font-family: arial, helvetica, sans-serif; font-size: 14px;\">Davete kat\u0131lan misafirlere te\u015fekk\u00fcr eden Vali \u015e\u0131ldak, cemevlerinin devletin imkanlar\u0131yla iyile\u015ftirilmesi, g\u00fczelle\u015ftirilmesi ve eksikliklerinin giderilmesi konusundaki \u00e7al\u0131\u015fmalar\u0131 yak\u0131ndan takip etti\u011fini s\u00f6yledi.<\/span><\/div>\n<div>\n<div id=\"wce67dc91126e47168bae46d6a79b489d\">\n<div class=\"row d-none d-md-flex\">\n<div class=\"row zgLarge\"><\/div>\n<\/div>\n<\/div>\n<\/div>\n","protected":false},"excerpt":{"rendered":"<p>Muharrem Ay\u0131 dolay\u0131s\u0131yla Vali Hasan \u015e\u0131ldak ve E\u015fi Fatma Nur \u015e\u0131ldak&#8217;\u0131n ev sahipli\u011finde yemek program\u0131 d\u00fczenlendi. Gala Ya\u015fam Merkezinde d\u00fczenlenen<\/p>\n","protected":false},"author":3,"featured_media":12941,"comment_status":"open","ping_status":"open","sticky":false,"template":"","format":"standard","meta":{"colormag_page_container_layout":"default_layout","colormag_page_sidebar_layout":"default_layout","footnotes":""},"categories":[1,5],"tags":[],"class_list":["post-12939","post","type-post","status-publish","format-standard","has-post-thumbnail","hentry","category-genel","category-gundem"],"_links":{"self":[{"href":"https:\/\/marmarayerelhizmet.com\/index.php\/wp-json\/wp\/v2\/posts\/12939","targetHints":{"allow":["GET"]}}],"collection":[{"href":"https:\/\/marmarayerelhizmet.com\/index.php\/wp-json\/wp\/v2\/posts"}],"about":[{"href":"https:\/\/marmarayerelhizmet.com\/index.php\/wp-json\/wp\/v2\/types\/post"}],"author":[{"embeddable":true,"href":"https:\/\/marmarayerelhizmet.com\/index.php\/wp-json\/wp\/v2\/users\/3"}],"replies":[{"embeddable":true,"href":"https:\/\/marmarayerelhizmet.com\/index.php\/wp-json\/wp\/v2\/comments?post=12939"}],"version-history":[{"count":0,"href":"https:\/\/marmarayerelhizmet.com\/index.php\/wp-json\/wp\/v2\/posts\/12939\/revisions"}],"wp:featuredmedia":[{"embeddable":true,"href":"https:\/\/marmarayerelhizmet.com\/index.php\/wp-json\/wp\/v2\/media\/12941"}],"wp:attachment":[{"href":"https:\/\/marmarayerelhizmet.com\/index.php\/wp-json\/wp\/v2\/media?parent=12939"}],"wp:term":[{"taxonomy":"category","embeddable":true,"href":"https:\/\/marmarayerelhizmet.com\/index.php\/wp-json\/wp\/v2\/categories?post=12939"},{"taxonomy":"post_tag","embeddable":true,"href":"https:\/\/marmarayerelhizmet.com\/index.php\/wp-json\/wp\/v2\/tags?post=12939"}],"curies":[{"name":"wp","href":"https:\/\/api.w.org\/{rel}","templated":true}]}}