{"id":12935,"date":"2023-07-27T12:19:09","date_gmt":"2023-07-27T09:19:09","guid":{"rendered":"https:\/\/marmarayerelhizmet.com\/?p=12935"},"modified":"2023-07-27T12:19:09","modified_gmt":"2023-07-27T09:19:09","slug":"kandirada-denize-girmek-yasaklandi","status":"publish","type":"post","link":"https:\/\/marmarayerelhizmet.com\/index.php\/2023\/07\/27\/kandirada-denize-girmek-yasaklandi\/","title":{"rendered":"Kand\u0131ra&#8217;da Denize Girmek Yasakland\u0131"},"content":{"rendered":"<p><strong><span style=\"font-family: arial, helvetica, sans-serif; font-size: 14px;\">Kocaeli&#8217;nin Kand\u0131ra il\u00e7esinde olumsuz hava \u015fartlar\u0131 sebebiyle t\u00fcm plajlarda denize girmek yasakland\u0131.<br \/>\n<\/span><\/strong><br \/>\n<span style=\"font-family: arial, helvetica, sans-serif; font-size: 14px;\">Meteoroloji Genel M\u00fcd\u00fcrl\u00fc\u011f\u00fc taraf\u0131ndan yap\u0131lan hava tahminlerine g\u00f6re, Kocaeli&#8217;de sa\u011fanak ya\u011f\u0131\u015f bekleniyor. Kand\u0131ra Kaymakaml\u0131\u011f\u0131 resmi sosyal medya hesaplar\u0131ndan yapt\u0131\u011f\u0131 duyuruda, &#8220;Olumsuz hava ve deniz \u015fartlar\u0131 sebebiyle bug\u00fcn i\u00e7inde Kand\u0131ra il\u00e7emizde bulunan t\u00fcm plajlarda denize girmek tehlikeli ve yasakt\u0131r. Vatanda\u015flar\u0131m\u0131z\u0131n denize girmemelerini \u00f6nemle rica ederiz&#8221; denildi.<\/span><\/p>\n","protected":false},"excerpt":{"rendered":"<p>Kocaeli&#8217;nin Kand\u0131ra il\u00e7esinde olumsuz hava \u015fartlar\u0131 sebebiyle t\u00fcm plajlarda denize girmek yasakland\u0131. Meteoroloji Genel M\u00fcd\u00fcrl\u00fc\u011f\u00fc taraf\u0131ndan yap\u0131lan hava tahminlerine g\u00f6re,<\/p>\n","protected":false},"author":3,"featured_media":12937,"comment_status":"open","ping_status":"open","sticky":false,"template":"","format":"standard","meta":{"colormag_page_container_layout":"default_layout","colormag_page_sidebar_layout":"default_layout","footnotes":""},"categories":[1,5,8],"tags":[],"class_list":["post-12935","post","type-post","status-publish","format-standard","has-post-thumbnail","hentry","category-genel","category-gundem","category-siyaset"],"_links":{"self":[{"href":"https:\/\/marmarayerelhizmet.com\/index.php\/wp-json\/wp\/v2\/posts\/12935","targetHints":{"allow":["GET"]}}],"collection":[{"href":"https:\/\/marmarayerelhizmet.com\/index.php\/wp-json\/wp\/v2\/posts"}],"about":[{"href":"https:\/\/marmarayerelhizmet.com\/index.php\/wp-json\/wp\/v2\/types\/post"}],"author":[{"embeddable":true,"href":"https:\/\/marmarayerelhizmet.com\/index.php\/wp-json\/wp\/v2\/users\/3"}],"replies":[{"embeddable":true,"href":"https:\/\/marmarayerelhizmet.com\/index.php\/wp-json\/wp\/v2\/comments?post=12935"}],"version-history":[{"count":0,"href":"https:\/\/marmarayerelhizmet.com\/index.php\/wp-json\/wp\/v2\/posts\/12935\/revisions"}],"wp:featuredmedia":[{"embeddable":true,"href":"https:\/\/marmarayerelhizmet.com\/index.php\/wp-json\/wp\/v2\/media\/12937"}],"wp:attachment":[{"href":"https:\/\/marmarayerelhizmet.com\/index.php\/wp-json\/wp\/v2\/media?parent=12935"}],"wp:term":[{"taxonomy":"category","embeddable":true,"href":"https:\/\/marmarayerelhizmet.com\/index.php\/wp-json\/wp\/v2\/categories?post=12935"},{"taxonomy":"post_tag","embeddable":true,"href":"https:\/\/marmarayerelhizmet.com\/index.php\/wp-json\/wp\/v2\/tags?post=12935"}],"curies":[{"name":"wp","href":"https:\/\/api.w.org\/{rel}","templated":true}]}}