{"id":12926,"date":"2023-07-27T12:15:39","date_gmt":"2023-07-27T09:15:39","guid":{"rendered":"https:\/\/marmarayerelhizmet.com\/?p=12926"},"modified":"2023-07-27T12:15:39","modified_gmt":"2023-07-27T09:15:39","slug":"24-uluslararasi-kultur-festivali","status":"publish","type":"post","link":"https:\/\/marmarayerelhizmet.com\/index.php\/2023\/07\/27\/24-uluslararasi-kultur-festivali\/","title":{"rendered":"24. Uluslararas\u0131 K\u00fclt\u00fcr Festivali"},"content":{"rendered":"<p><strong><span style=\"font-family: arial, helvetica, sans-serif; font-size: 14px;\">B\u00fcy\u00fck\u00e7ekmece Belediyesi taraf\u0131ndan d\u00fczenlenen 24\u2019\u00fcnc\u00fc \u0130stanbul B\u00fcy\u00fck\u00e7ekmece Uluslararas\u0131 K\u00fclt\u00fcr festivali a\u00e7\u0131l\u0131\u015f\u0131na \u00f6zel, Antakya Medeniyetler Korosu Y\u0131lmaz \u00d6zf\u0131rat \u015fefli\u011finde \u201cB\u00fcy\u00fck\u00e7ekmece sesimizi duydu\u201d adl\u0131 konser ger\u00e7ekle\u015ftirildi.<br \/>\n<\/span><\/strong><br \/>\n<span style=\"font-family: arial, helvetica, sans-serif; font-size: 14px;\">D\u00fcnya Festivaller Birli\u011fi taraf\u0131ndan 8 kez \u00fcst \u00fcste d\u00fcnyan\u0131n en iyi K\u00fclt\u00fcr &#8211; Sanat Festivali \u00f6d\u00fcl\u00fcne lay\u0131k g\u00f6r\u00fclen ve bu y\u0131l 24\u2019\u00fcnc\u00fcs\u00fc d\u00fczenlenen Uluslararas\u0131 \u0130stanbul B\u00fcy\u00fck\u00e7ekmece K\u00fclt\u00fcr ve Sanat Festivali Antakya Medeniyetler Korosu \u201cB\u00fcy\u00fck\u00e7ekmece Sesimizi Duydu\u201d adl\u0131 konserle ba\u015flad\u0131. 26 Temmuz &#8211; 5 A\u011fustos tarihleri aras\u0131nda ger\u00e7ekle\u015fecek olan festivale Cumhuriyet\u2019in 100\u2019\u00fcnc\u00fc y\u0131l\u0131 nedeniyle 100 \u00fclkeden bin 550 k\u00fclt\u00fcr ve sanat el\u00e7isi kat\u0131l\u0131yor. B\u00fcy\u00fck\u00e7ekmece Atat\u00fcrk K\u00fclt\u00fcr Merkezi&#8217;nde ger\u00e7ekle\u015ftirilen konserde, birbirinden g\u00fczel ezgilerle kat\u0131l\u0131mc\u0131lar duygu dolu anlar ya\u015fad\u0131.<\/span><\/p>\n<p><strong><span style=\"font-family: arial, helvetica, sans-serif; font-size: 14px;\">\u201c100 \u00dclke 100 Bayrak ve yan\u0131nda 100 tanede T\u00fcrk bayra\u011f\u0131 olacak\u201d<\/span><\/strong><br \/>\n<span style=\"font-family: arial, helvetica, sans-serif; font-size: 14px;\">Konsere kat\u0131lan B\u00fcy\u00fck\u00e7ekmece Belediye Ba\u015fkan\u0131 Dr. Hasan Akg\u00fcn, \u201c24\u2019\u00fcnc\u00fc \u0130stanbul B\u00fcy\u00fck\u00e7ekmece Uluslararas\u0131 K\u00fclt\u00fcr ve Sanat Festivali b\u00fct\u00fcn d\u00fcnyada kendini \u00e7ok \u00fcst d\u00fczeyde hissettiriyor. Bu sene burada 100 \u00dclkeyi a\u011f\u0131rl\u0131yoruz, \u00e7\u00fcnk\u00fc bu sene Cumhuriyetimizin 100\u2019\u00fcnc\u00fc y\u0131l\u0131n\u0131 kutluyoruz bu nedenle Festivalle Cumhuriyetimizin 100 y\u0131l\u0131 kutlamalar\u0131n\u0131 birle\u015ftirdik. UNESCO ve Festivaller Birliklerine bunu ilettik. 100 \u00dclke ile s\u0131n\u0131rlad\u0131k ve Cuma g\u00fcn\u00fc saat 14.00\u2019da Taksimde \u0130stanbul Halk\u0131m\u0131z\u0131 Selamlayaca\u011f\u0131z. 100 \u00dclke 100 Bayrak ve yan\u0131nda 100 tanede T\u00fcrk bayra\u011f\u0131 olacak. K\u0131br\u0131s Yunan Yan yana Ukrayna Rus yan yana olacak. B\u00fct\u00fcn dostluklar\u0131 ve bar\u0131\u015f\u0131 g\u00f6steren ne varsa hepsini sergileyece\u011fiz. Ben burada bulunan Sevgili y\u0131lmaz \u00d6zf\u0131rat \u015eefli\u011finde Antakya Medeniyetler korosu ile Festivalin \u00f6zel gecesini ger\u00e7ekle\u015ftirdik. Bu ak\u015fam Antakya Medeniyetler Korosunun bize ya\u015fatt\u0131\u011f\u0131 bir e\u011flenceden ziyade insan olman\u0131n fark\u0131na varma, sevginin, yoklu\u011fun, sevin\u00e7lerin ve \u00fcz\u00fcnt\u00fclerin payla\u015f\u0131ld\u0131\u011f\u0131 zaman nelerin oldu\u011fu bize hissettirdiler. Bu ak\u015fam burada hem h\u00fcz\u00fcn vard\u0131 hem de sanat vard\u0131. B\u00fct\u00fcn \u0130stanbul Halk\u0131m\u0131z\u0131 Bu Sene festivalimize davet ediyorum. Bu sene \u00e7ok b\u00fcy\u00fck bir kat\u0131l\u0131m oldu ve alt\u0131ndan kalkamay\u0131nca \u0130stanbul B\u00fcy\u00fck\u015fehir Belediye Ba\u015fkan\u0131na ba\u015fvurduk. \u00c7ok te\u015fekk\u00fcr ediyorum \u0130stanbul b\u00fcy\u00fck\u015fehir Belediye ba\u015fkan\u0131na ve ekibine bize \u00e7ok \u00f6nemli destek verdiler. Muhte\u015fem bir Sanat ve K\u00fclt\u00fcr Festivali olacak.\u201d \u015eeklinde konu\u015ftu.<\/span><\/p>\n<p><strong><span style=\"font-family: arial, helvetica, sans-serif; font-size: 14px;\">\u201cL\u00fctfen depremzedelere ac\u0131may\u0131n onlara sahip \u00e7\u0131k\u0131n\u201d<\/span><\/strong><br \/>\n<span style=\"font-family: arial, helvetica, sans-serif; font-size: 14px;\">Antakya Medeniyetler Korosu \u015eefi Y\u0131lmaz \u00d6zt\u0131rak, \u201c Medeniyetler Korosu olarak 6 \u015fubatta meydana gelen depremler sonras\u0131nda bizlerde b\u00fcy\u00fck bir y\u0131k\u0131m ya\u015fad\u0131k ve bu y\u0131k\u0131m\u0131n i\u00e7erisinde maalesef bizde 7 arkada\u015f\u0131m\u0131z\u0131 kaybettik. Medeniyetler Korosu Aya kalkarsa Hatay aya\u011fa kalkar, Antakya aya\u011fa kalkar felsefesiyle tekrar toparlan\u0131p konserler vermeye ba\u015flad\u0131k. Depremzedelerin sesi olduk asl\u0131nda \u00e7\u00fcnk\u00fc, biz gitti\u011fimiz yerlerde depremin unutulmamas\u0131n\u0131 ve bunun herkesin ba\u015f\u0131na gelebilece\u011fini anlatt\u0131k. L\u00fctfen depremzedelere ac\u0131may\u0131n onlara sahip \u00e7\u0131k\u0131n diyoruz. Bizlerde bu g\u00fcn kendi evimizdeyiz asl\u0131nda \u00e7\u00fcnk\u00fc B\u00fcy\u00fck\u00e7ekmece Belediyesi \u0130lk g\u00fcnden beri Hatay\u2019\u0131n her yerinde bizlere dokunuyorlar, bize sahip \u00e7\u0131k\u0131yorlar. En g\u00fczel \u015fey sahip \u00e7\u0131k\u0131lmak en ac\u0131 \u015fey ise unutulmak. Unutmad\u0131klar\u0131 i\u00e7in Hasan Akg\u00fcn nezdinde bug\u00fcn B\u00fcy\u00fck\u00e7ekmece Belediyesine Te\u015fekk\u00fcr ederim. Bu ak\u015fam burada \u00e7ok g\u00fczel bir gece ya\u015fad\u0131k\u201d dedi.<\/span><\/p>\n","protected":false},"excerpt":{"rendered":"<p>B\u00fcy\u00fck\u00e7ekmece Belediyesi taraf\u0131ndan d\u00fczenlenen 24\u2019\u00fcnc\u00fc \u0130stanbul B\u00fcy\u00fck\u00e7ekmece Uluslararas\u0131 K\u00fclt\u00fcr festivali a\u00e7\u0131l\u0131\u015f\u0131na \u00f6zel, Antakya Medeniyetler Korosu Y\u0131lmaz \u00d6zf\u0131rat \u015fefli\u011finde \u201cB\u00fcy\u00fck\u00e7ekmece sesimizi<\/p>\n","protected":false},"author":3,"featured_media":12928,"comment_status":"open","ping_status":"open","sticky":false,"template":"","format":"standard","meta":{"colormag_page_container_layout":"default_layout","colormag_page_sidebar_layout":"default_layout","footnotes":""},"categories":[1,5,6,8],"tags":[],"class_list":["post-12926","post","type-post","status-publish","format-standard","has-post-thumbnail","hentry","category-genel","category-gundem","category-kultur-sanat","category-siyaset"],"_links":{"self":[{"href":"https:\/\/marmarayerelhizmet.com\/index.php\/wp-json\/wp\/v2\/posts\/12926","targetHints":{"allow":["GET"]}}],"collection":[{"href":"https:\/\/marmarayerelhizmet.com\/index.php\/wp-json\/wp\/v2\/posts"}],"about":[{"href":"https:\/\/marmarayerelhizmet.com\/index.php\/wp-json\/wp\/v2\/types\/post"}],"author":[{"embeddable":true,"href":"https:\/\/marmarayerelhizmet.com\/index.php\/wp-json\/wp\/v2\/users\/3"}],"replies":[{"embeddable":true,"href":"https:\/\/marmarayerelhizmet.com\/index.php\/wp-json\/wp\/v2\/comments?post=12926"}],"version-history":[{"count":0,"href":"https:\/\/marmarayerelhizmet.com\/index.php\/wp-json\/wp\/v2\/posts\/12926\/revisions"}],"wp:featuredmedia":[{"embeddable":true,"href":"https:\/\/marmarayerelhizmet.com\/index.php\/wp-json\/wp\/v2\/media\/12928"}],"wp:attachment":[{"href":"https:\/\/marmarayerelhizmet.com\/index.php\/wp-json\/wp\/v2\/media?parent=12926"}],"wp:term":[{"taxonomy":"category","embeddable":true,"href":"https:\/\/marmarayerelhizmet.com\/index.php\/wp-json\/wp\/v2\/categories?post=12926"},{"taxonomy":"post_tag","embeddable":true,"href":"https:\/\/marmarayerelhizmet.com\/index.php\/wp-json\/wp\/v2\/tags?post=12926"}],"curies":[{"name":"wp","href":"https:\/\/api.w.org\/{rel}","templated":true}]}}