{"id":12922,"date":"2023-07-27T12:13:55","date_gmt":"2023-07-27T09:13:55","guid":{"rendered":"https:\/\/marmarayerelhizmet.com\/?p=12922"},"modified":"2023-07-27T12:13:55","modified_gmt":"2023-07-27T09:13:55","slug":"dinleyiciler-huzne-boguldu","status":"publish","type":"post","link":"https:\/\/marmarayerelhizmet.com\/index.php\/2023\/07\/27\/dinleyiciler-huzne-boguldu\/","title":{"rendered":"Dinleyiciler H\u00fczne Bo\u011fuldu"},"content":{"rendered":"<p><strong><span style=\"font-family: arial, helvetica, sans-serif; font-size: 14px;\">T\u00fcrkiye\u2019yi derinden sarsan 6 \u015eubat Kahramanmara\u015f merkezli depremlerde 7 \u00fcyesini kaybeden Antakya Medeniyetler Korosu\u2019nun, bir voleybol turnuvas\u0131 i\u00e7in KKTC\u2019den Ad\u0131yaman\u2019a gelen ve kald\u0131klar\u0131 otelin enkaz\u0131 alt\u0131nda kalarak ya\u015fam\u0131n\u0131 yitiren \u00e7o\u011funlu\u011fu 12-14 ya\u015f\u0131ndaki 35 ki\u015fi i\u00e7in\u00a0B\u00fcy\u00fck\u00e7ekmece&#8217;de seslendirdikleri \u201cMa\u011fusa Liman\u0131\u201d \u015fark\u0131s\u0131, dinleyicilere duygu dolu anlar ya\u015fatt\u0131.<br \/>\n<\/span><\/strong><br \/>\n<span style=\"font-family: arial, helvetica, sans-serif; font-size: 14px;\">24. Uluslararas\u0131 \u0130stanbul\u00a0B\u00fcy\u00fck\u00e7ekmece\u00a0K\u00fclt\u00fcr ve Sanat Festivali \u00e7er\u00e7evesinde\u00a0B\u00fcy\u00fck\u00e7ekmece\u00a0Atat\u00fcrk K\u00fclt\u00fcr Merkezi\u2019nde bir konser veren Antakya Medeniyetler Korosu salonu dolduran y\u00fczlerce dinleyiciye duygu dolu bir gece ya\u015fatt\u0131. Hatay\u2019daki depremzedelere destek veren\u00a0B\u00fcy\u00fck\u00e7ekmece\u00a0halk\u0131na y\u00f6nelik olarak verdikleri \u201cSesimizi Duydunuz\u201d isimli konserde depremin ac\u0131lar\u0131 bir kez daha ya\u015fand\u0131.<\/span><br \/>\n<span style=\"font-family: arial, helvetica, sans-serif; font-size: 14px;\">\u015eef Y\u0131lmaz \u00d6zf\u0131rat y\u00f6netimindeki Antakya Medeniyetler Korosu\u2019nun konserine\u00a0B\u00fcy\u00fck\u00e7ekmece\u00a0halk\u0131n\u0131n da ilgisi \u00e7ok yo\u011fun oldu. Voleybol turnuvas\u0131 i\u00e7in Kuzey K\u0131br\u0131s\u2019tan Ad\u0131yaman\u2019a gelen ve deprem s\u0131ras\u0131nda kald\u0131klar\u0131 otelin y\u0131k\u0131lmas\u0131 sonucu canlar\u0131n\u0131 kaybeden sporcu \u00e7ocuklara ithaf ettikleri Ma\u011fusa Liman\u2019\u0131 isimli \u015fark\u0131 konser salonunu h\u00fczne bo\u011fdu. Salonu dolduran y\u00fczlerce dinleyicinin cep telefonlar\u0131n\u0131 \u0131\u015f\u0131klar\u0131 ile e\u015flik ettikleri \u015fark\u0131 duygu dolu anlar ya\u015fatt\u0131. Koro gecenin finalinde ise depremde kaybettikleri 7 arkada\u015flar\u0131n\u0131 unutmad\u0131. Konser salonunda dinleyiciler uzun s\u00fcre Antakya Medeniyetler Korosu\u2019nu ayakta alk\u0131\u015flad\u0131.<\/span><\/p>\n<p><strong><span style=\"font-family: arial, helvetica, sans-serif; font-size: 14px;\">\u201cDram vard\u0131, sanat vard\u0131, insanl\u0131k dersi vard\u0131, g\u00f6zya\u015f\u0131 vard\u0131\u201d<\/span><\/strong><br \/>\n<span style=\"font-family: arial, helvetica, sans-serif; font-size: 14px;\">Antakya Medeniyetler Korosu \u015eefi Y\u0131lmaz \u00d6zf\u0131rat ve koro \u00fcyelerini tek tek kutlayan\u00a0B\u00fcy\u00fck\u00e7ekmece\u00a0Belediye\u00a0Ba\u015fkan\u0131 Dr. Hasan Akg\u00fcn \u015f\u00f6yle konu\u015ftu: \u201cBu ak\u015fam burada Sevgili Y\u0131lmaz Hocam\u0131n \u00f6nderli\u011finde, onun \u015fefli\u011finde, onun kurdu\u011fu Antakya Medeniyetler Korosu festivalin \u00f6zel gecesini yapt\u0131. \u00d6zel bir a\u00e7\u0131l\u0131\u015f oldu. Muhte\u015fem bir geceydi. Bu ak\u015fam Y\u0131lmaz Hocan\u0131n ve Medeniyetler Korosu\u2019nun bize ya\u015fatt\u0131\u011f\u0131 bir e\u011flenceden daha ziyade insan olman\u0131n fark\u0131na varma, sevginin, \u0131st\u0131rab\u0131n, yoklu\u011fun, sevin\u00e7lerin, \u00fcz\u00fcnt\u00fclerin payla\u015f\u0131ld\u0131\u011f\u0131 zaman nelerin oldu\u011funu bize hissettirdi. Hem insanl\u0131k dersi vard\u0131 bu ak\u015fam burada, hem m\u00fczik vard\u0131, hem sanat vard\u0131, hem dram vard\u0131 hem de g\u00f6zya\u015f\u0131 vard\u0131. \u201c<\/span><\/p>\n<p><strong><span style=\"font-family: arial, helvetica, sans-serif; font-size: 14px;\">\u201cEn ac\u0131 \u015fey de unutulmak\u2019\u2019<\/span><\/strong><br \/>\n<span style=\"font-family: arial, helvetica, sans-serif; font-size: 14px;\">Koro \u015eefi Y\u0131lmaz \u00d6zf\u0131rat, deprem sonras\u0131nda Hatay\u2019da depremzedelere yard\u0131m eli uzatan\u00a0B\u00fcy\u00fck\u00e7ekmece\u00a0halk\u0131 ve\u00a0Belediye\u00a0Ba\u015fkan\u0131 Dr. Hasan Akg\u00fcn\u2019e te\u015fekk\u00fcr ederek \u015funlar\u0131 s\u00f6yledi: \u201cMedeniyetler Korosu olarak 6 \u015eubat\u2019tan sonra bizler de b\u00fcy\u00fck bir y\u0131k\u0131m ya\u015fad\u0131k ve bu y\u0131k\u0131m\u0131n i\u00e7erisinde biz de maalesef 7 arkada\u015f\u0131m\u0131z\u0131 kaybettik. \u2018\u2019Medeniyetler Korosu aya\u011fa kalkarsa Hatay aya\u011fa kalkar, Antakya aya\u011fa kalkar\u2019\u2019 felsefesiyle de tekrar toparlan\u0131p konserler vermeye ba\u015flad\u0131k. Depremzedelerin sesi olduk asl\u0131nda. Bizler de bu ak\u015fam burada kendi evimizdeyiz asl\u0131nda. \u00c7\u00fcnk\u00fc\u00a0B\u00fcy\u00fck\u00e7ekmece\u00a0Belediyesi ilk g\u00fcnden beri Hatay\u2019da, Defne\u2019de, Antakya\u2019da Hatay\u2019\u0131n her yerinde bize dokunuyorlar. Bize yard\u0131mc\u0131 oluyorlar. Bize sahip \u00e7\u0131k\u0131yorlar. Belki de en \u00f6nemli \u015fey sahip \u00e7\u0131k\u0131lmak. En ac\u0131 \u015fey de unutulmak.\u2019\u2019<\/span><\/p>\n","protected":false},"excerpt":{"rendered":"<p>T\u00fcrkiye\u2019yi derinden sarsan 6 \u015eubat Kahramanmara\u015f merkezli depremlerde 7 \u00fcyesini kaybeden Antakya Medeniyetler Korosu\u2019nun, bir voleybol turnuvas\u0131 i\u00e7in KKTC\u2019den Ad\u0131yaman\u2019a<\/p>\n","protected":false},"author":3,"featured_media":12924,"comment_status":"open","ping_status":"open","sticky":false,"template":"","format":"standard","meta":{"colormag_page_container_layout":"default_layout","colormag_page_sidebar_layout":"default_layout","footnotes":""},"categories":[1,5,6,8],"tags":[],"class_list":["post-12922","post","type-post","status-publish","format-standard","has-post-thumbnail","hentry","category-genel","category-gundem","category-kultur-sanat","category-siyaset"],"_links":{"self":[{"href":"https:\/\/marmarayerelhizmet.com\/index.php\/wp-json\/wp\/v2\/posts\/12922","targetHints":{"allow":["GET"]}}],"collection":[{"href":"https:\/\/marmarayerelhizmet.com\/index.php\/wp-json\/wp\/v2\/posts"}],"about":[{"href":"https:\/\/marmarayerelhizmet.com\/index.php\/wp-json\/wp\/v2\/types\/post"}],"author":[{"embeddable":true,"href":"https:\/\/marmarayerelhizmet.com\/index.php\/wp-json\/wp\/v2\/users\/3"}],"replies":[{"embeddable":true,"href":"https:\/\/marmarayerelhizmet.com\/index.php\/wp-json\/wp\/v2\/comments?post=12922"}],"version-history":[{"count":0,"href":"https:\/\/marmarayerelhizmet.com\/index.php\/wp-json\/wp\/v2\/posts\/12922\/revisions"}],"wp:featuredmedia":[{"embeddable":true,"href":"https:\/\/marmarayerelhizmet.com\/index.php\/wp-json\/wp\/v2\/media\/12924"}],"wp:attachment":[{"href":"https:\/\/marmarayerelhizmet.com\/index.php\/wp-json\/wp\/v2\/media?parent=12922"}],"wp:term":[{"taxonomy":"category","embeddable":true,"href":"https:\/\/marmarayerelhizmet.com\/index.php\/wp-json\/wp\/v2\/categories?post=12922"},{"taxonomy":"post_tag","embeddable":true,"href":"https:\/\/marmarayerelhizmet.com\/index.php\/wp-json\/wp\/v2\/tags?post=12922"}],"curies":[{"name":"wp","href":"https:\/\/api.w.org\/{rel}","templated":true}]}}