{"id":12910,"date":"2023-07-27T01:16:09","date_gmt":"2023-07-26T22:16:09","guid":{"rendered":"https:\/\/marmarayerelhizmet.com\/?p=12910"},"modified":"2023-07-27T01:35:31","modified_gmt":"2023-07-26T22:35:31","slug":"kareside-sosyal-tesisler-bir-bir-aciliyor","status":"publish","type":"post","link":"https:\/\/marmarayerelhizmet.com\/index.php\/2023\/07\/27\/kareside-sosyal-tesisler-bir-bir-aciliyor\/","title":{"rendered":"Karesi&#8217;de Sosyal Tesisler Bir Bir A\u00e7\u0131l\u0131yor"},"content":{"rendered":"<p><span style=\"font-family: arial, helvetica, sans-serif; font-size: 14px;\"><strong>Karesi Belediyesi, Armutalan K\u00fclt\u00fcr Merkezi a\u00e7\u0131l\u0131\u015f\u0131 ard\u0131ndan Kavakl\u0131, K\u00f6teyli, \u00c7ayp\u0131nar ve Aktarma Mahallelerinde yap\u0131m\u0131 tamamlanan sosyal tesislerden \u00c7ayp\u0131nar\u2019\u0131n a\u00e7\u0131l\u0131\u015f\u0131 28 Temmuz Cuma g\u00fcn\u00fc ger\u00e7ekle\u015ftirilecek.<br \/>\n<\/strong><\/span><br \/>\n<span style=\"font-family: arial, helvetica, sans-serif; font-size: 14px;\">Karesi Belediyesi, k\u0131rsal mahallelerin &#8216;k\u00f6y odas\u0131&#8217; gelene\u011fini in\u015fa etti\u011fi modern k\u00f6y konaklar\u0131 ile gelecek ku\u015faklara aktar\u0131yor. Ge\u00e7ti\u011fimiz hafta Armutalan K\u00fclt\u00fcr Merkezi\u2019nin a\u00e7\u0131l\u0131\u015f\u0131n\u0131 ger\u00e7ekle\u015ftirerek, k\u0131rsaldaki sosyal tesislerine bir yenisini daha ekleyen Karesi Belediyesi, 4 mahalleye daha yap\u0131lan sosyal tesisin a\u00e7\u0131l\u0131\u015flar\u0131n\u0131 ger\u00e7ekle\u015ftirecek. Karesi Belediyesi \u015fimdi de Kavakl\u0131, K\u00f6teyli, \u00c7ayp\u0131nar ve Aktarma Mahallelerine k\u00f6y kona\u011f\u0131 yap\u0131m\u0131n\u0131 tamamlad\u0131. Di\u011fer mahallelere k\u00f6y kona\u011f\u0131 yap\u0131m\u0131 i\u00e7in planlamalar s\u00fcr\u00fcyor. \u00c7ayp\u0131nar Mahallesi Sosyal Tesisinin a\u00e7\u0131l\u0131\u015f\u0131 28 Temmuz Cuma g\u00fcn\u00fc saat 19.00\u2019da ger\u00e7ekle\u015ftirilecek.<\/span><br \/>\n<span style=\"font-family: arial, helvetica, sans-serif; font-size: 14px;\">Karesi Belediye Ba\u015fkan\u0131 Din\u00e7er Orkan, in\u015fa edilen k\u00f6y konaklar\u0131n\u0131n mahallenin cenaze, hay\u0131r, toplant\u0131 gibi sosyal ve k\u00fclt\u00fcrel ihtiya\u00e7lar\u0131na da cevap verece\u011fini ifade etti. Rutin belediyecilik hizmetlerinin yan\u0131 s\u0131ra sosyal ve k\u00fclt\u00fcrel belediyecili\u011fi de \u00f6nemsediklerini dile getiren Ba\u015fkan Orkan, \u201cK\u0131rsalda tabi\u00ee ki yollar\u0131 ve altyap\u0131 \u00e7al\u0131\u015fmalar\u0131m\u0131z\u0131 yap\u0131yorduk. Ba\u015fka neler yap\u0131labilir diye d\u00fc\u015f\u00fcnd\u00fc\u011f\u00fcm\u00fczde sosyal tesis ihtiya\u00e7lar\u0131n\u0131n oldu\u011fu bilgisi bize ula\u015ft\u0131. Bununla ilgili olarak bug\u00fcne kadar Aktarma, Kavakl\u0131, K\u00f6teyli ve \u00c7ayp\u0131nar\u2019da bu i\u015flerin yap\u0131m\u0131n\u0131 ger\u00e7ekle\u015ftirdik. \u0130n\u015fallah s\u0131ras\u0131yla onlar\u0131n a\u00e7\u0131l\u0131\u015flar\u0131n\u0131 da yapaca\u011f\u0131z\u201d dedi.<\/span><\/p>\n","protected":false},"excerpt":{"rendered":"<p>Karesi Belediyesi, Armutalan K\u00fclt\u00fcr Merkezi a\u00e7\u0131l\u0131\u015f\u0131 ard\u0131ndan Kavakl\u0131, K\u00f6teyli, \u00c7ayp\u0131nar ve Aktarma Mahallelerinde yap\u0131m\u0131 tamamlanan sosyal tesislerden \u00c7ayp\u0131nar\u2019\u0131n a\u00e7\u0131l\u0131\u015f\u0131 28<\/p>\n","protected":false},"author":3,"featured_media":12912,"comment_status":"open","ping_status":"open","sticky":false,"template":"","format":"standard","meta":{"colormag_page_container_layout":"default_layout","colormag_page_sidebar_layout":"default_layout","footnotes":""},"categories":[45,1,5,6,8],"tags":[],"class_list":["post-12910","post","type-post","status-publish","format-standard","has-post-thumbnail","hentry","category-egitim","category-genel","category-gundem","category-kultur-sanat","category-siyaset"],"_links":{"self":[{"href":"https:\/\/marmarayerelhizmet.com\/index.php\/wp-json\/wp\/v2\/posts\/12910","targetHints":{"allow":["GET"]}}],"collection":[{"href":"https:\/\/marmarayerelhizmet.com\/index.php\/wp-json\/wp\/v2\/posts"}],"about":[{"href":"https:\/\/marmarayerelhizmet.com\/index.php\/wp-json\/wp\/v2\/types\/post"}],"author":[{"embeddable":true,"href":"https:\/\/marmarayerelhizmet.com\/index.php\/wp-json\/wp\/v2\/users\/3"}],"replies":[{"embeddable":true,"href":"https:\/\/marmarayerelhizmet.com\/index.php\/wp-json\/wp\/v2\/comments?post=12910"}],"version-history":[{"count":0,"href":"https:\/\/marmarayerelhizmet.com\/index.php\/wp-json\/wp\/v2\/posts\/12910\/revisions"}],"wp:featuredmedia":[{"embeddable":true,"href":"https:\/\/marmarayerelhizmet.com\/index.php\/wp-json\/wp\/v2\/media\/12912"}],"wp:attachment":[{"href":"https:\/\/marmarayerelhizmet.com\/index.php\/wp-json\/wp\/v2\/media?parent=12910"}],"wp:term":[{"taxonomy":"category","embeddable":true,"href":"https:\/\/marmarayerelhizmet.com\/index.php\/wp-json\/wp\/v2\/categories?post=12910"},{"taxonomy":"post_tag","embeddable":true,"href":"https:\/\/marmarayerelhizmet.com\/index.php\/wp-json\/wp\/v2\/tags?post=12910"}],"curies":[{"name":"wp","href":"https:\/\/api.w.org\/{rel}","templated":true}]}}