{"id":12890,"date":"2023-07-26T15:06:08","date_gmt":"2023-07-26T12:06:08","guid":{"rendered":"https:\/\/marmarayerelhizmet.com\/?p=12890"},"modified":"2023-07-26T15:06:08","modified_gmt":"2023-07-26T12:06:08","slug":"buyukcekmecede-lavanta-hasat-senligi","status":"publish","type":"post","link":"https:\/\/marmarayerelhizmet.com\/index.php\/2023\/07\/26\/buyukcekmecede-lavanta-hasat-senligi\/","title":{"rendered":"B\u00fcy\u00fck\u00e7ekmece&#8217;de Lavanta Hasat \u015eenli\u011fi"},"content":{"rendered":"<p><strong><span style=\"font-family: arial, helvetica, sans-serif; font-size: 14px;\">Tar\u0131m alan\u0131nda bir\u00e7ok projeye imza atan B\u00fcy\u00fck\u00e7ekmece Belediyesi\u2019nin geleneksel Lavanta Hasat \u015eenli\u011fi\u2019nin 5\u2019incisi ger\u00e7ekle\u015fti.<br \/>\n<\/span><\/strong><br \/>\n<span style=\"font-family: arial, helvetica, sans-serif; font-size: 14px;\">\u0130stanbul\u2019un en b\u00fcy\u00fck lavanta tarlas\u0131n\u0131n hasad\u0131n\u0131 B\u00fcy\u00fck\u00e7ekmece Belediye Ba\u015fkan\u0131 Dr. Hasan Akg\u00fcn, B\u00fcy\u00fck\u00e7ekmece Belediyesi Meclis \u00dcyeleri Tuncay Tuna, Murat Er\u00e7a\u011f, Fatih \u00c7\u0131nar, B\u00fcy\u00fck\u00e7ekmece Belediyesi Ba\u015fkan Yard\u0131mc\u0131s\u0131 Muzaffer Cive, B\u00fcy\u00fck\u00e7ekmece Belediyesi Ba\u015fkan Dan\u0131\u015fman\u0131 Re\u015fit Oral, Dr. Mimar Sinan Genim ve Tar\u0131m Akademisi kursiyerleri ger\u00e7ekle\u015ftirdi.<\/span><\/p>\n<p><strong><span style=\"font-family: arial, helvetica, sans-serif; font-size: 14px;\">&#8220;Lavanta dikimini daha da art\u0131raca\u011f\u0131z\u2019\u2019<\/span><\/strong><br \/>\n<span style=\"font-family: arial, helvetica, sans-serif; font-size: 14px;\">Bu sene 5\u2019incisi ger\u00e7ekle\u015fen Lavanta Hasat \u015eenli\u011fi\u2019nde B\u00fcy\u00fck\u00e7ekmece Belediyesi Ziraat Okulu\u2019nu tamamlam\u0131\u015f kat\u0131l\u0131mc\u0131lara belgelerini B\u00fcy\u00fck\u00e7ekmece Belediye Ba\u015fkan\u0131 Dr. Hasan Akg\u00fcn takdim etti. Ba\u015fkan Akg\u00fcn B\u00fcy\u00fck\u00e7ekmece\u2019de lavanta dikimine \u00e7ok yer ayr\u0131ld\u0131\u011f\u0131n\u0131 ve dikimi daha art\u0131racaklar\u0131n\u0131 belirterek \u015f\u00f6yle konu\u015ftu &#8220;B\u00fcy\u00fck\u00e7ekmece Belediyesi\u2019nin tar\u0131msal alandaki faaliyetlerinden bir tanesini ya\u015f\u0131yoruz. Bug\u00fcn hem tar\u0131m alan\u0131nda \u00e7e\u015fitli kurslar\u0131 bitiren \u00f6zellikle kad\u0131nlar\u0131m\u0131z, kursiyerlerimiz diplomalar\u0131n\u0131 ald\u0131lar hem de lavanta hasat vaktini ba\u015flatt\u0131k. Lavanta \u00e7ok \u00f6nemli bir bitki. \u00c7ok \u015feyler yap\u0131l\u0131yor ya\u011f\u0131ndan. 1 litre lavanta ya\u011f\u0131n\u0131 100 Euro\u2019ya sat\u0131yor yapan \u00e7ift\u00e7imiz, bu i\u015fle u\u011fra\u015fanlar, biz. B\u00fcy\u00fck\u00e7ekmece\u2019de ilk lavanta dikimini Mine Baysu Han\u0131m ba\u015flatt\u0131. Kendisi bu i\u015fe g\u00f6n\u00fcl verdi. Onunla birlikte hem lavanta dikimi hem de hasat vaktini yapt\u0131k. B\u00fcy\u00fck\u00e7ekmece\u2019nin \u00e7e\u015fitli noktalar\u0131nda B\u00fcy\u00fck\u00e7ekmece Belediyesi\u2019ne ait B\u00fcy\u00fck\u00e7ekmece halk\u0131n\u0131n yeri olan bu arazilerde di\u011fer tar\u0131m \u00fcr\u00fcnleri yan\u0131nda lavantaya da \u00e7ok miktarda yer ay\u0131rd\u0131k. Lavanta dikimini daha da art\u0131raca\u011f\u0131z. \u00c7\u00fcnk\u00fc de\u011feri y\u00fcksek. \u00dcretimi kolay, verimi kolay. Sadece lavanta de\u011fil. Hem di\u011fer tar\u0131m \u00fcr\u00fcnleri hem de sebzecilik, ar\u0131c\u0131l\u0131k bile ba\u015flad\u0131 B\u00fcy\u00fck\u00e7ekmece\u2019de. B\u00fcy\u00fck\u00e7ekmece halk\u0131 \u015fansl\u0131. \u00c7\u00fcnk\u00fc B\u00fcy\u00fck\u00e7ekmece Belediyesi\u2019nin vatanda\u015f\u0131m\u0131za kullanabilece\u011fi arazileri verme imkan\u0131 var.&#8221;<\/span><br \/>\n<span style=\"font-family: arial, helvetica, sans-serif; font-size: 14px;\">Ba\u015fkan Akg\u00fcn\u2019\u00fcn konu\u015fmas\u0131n\u0131n ard\u0131ndan geleneksel lavanta hasad\u0131 yap\u0131ld\u0131. B\u00fcy\u00fck\u00e7ekmeceli kad\u0131nlar\u0131n yo\u011fun ilgi g\u00f6sterdi\u011fi hasat \u015fenli\u011fi renkli g\u00f6r\u00fcnt\u00fclere sahne oldu.<\/span><\/p>\n","protected":false},"excerpt":{"rendered":"<p>Tar\u0131m alan\u0131nda bir\u00e7ok projeye imza atan B\u00fcy\u00fck\u00e7ekmece Belediyesi\u2019nin geleneksel Lavanta Hasat \u015eenli\u011fi\u2019nin 5\u2019incisi ger\u00e7ekle\u015fti. \u0130stanbul\u2019un en b\u00fcy\u00fck lavanta tarlas\u0131n\u0131n hasad\u0131n\u0131<\/p>\n","protected":false},"author":3,"featured_media":12892,"comment_status":"open","ping_status":"open","sticky":false,"template":"","format":"standard","meta":{"colormag_page_container_layout":"default_layout","colormag_page_sidebar_layout":"default_layout","footnotes":""},"categories":[1,5,8],"tags":[],"class_list":["post-12890","post","type-post","status-publish","format-standard","has-post-thumbnail","hentry","category-genel","category-gundem","category-siyaset"],"_links":{"self":[{"href":"https:\/\/marmarayerelhizmet.com\/index.php\/wp-json\/wp\/v2\/posts\/12890","targetHints":{"allow":["GET"]}}],"collection":[{"href":"https:\/\/marmarayerelhizmet.com\/index.php\/wp-json\/wp\/v2\/posts"}],"about":[{"href":"https:\/\/marmarayerelhizmet.com\/index.php\/wp-json\/wp\/v2\/types\/post"}],"author":[{"embeddable":true,"href":"https:\/\/marmarayerelhizmet.com\/index.php\/wp-json\/wp\/v2\/users\/3"}],"replies":[{"embeddable":true,"href":"https:\/\/marmarayerelhizmet.com\/index.php\/wp-json\/wp\/v2\/comments?post=12890"}],"version-history":[{"count":0,"href":"https:\/\/marmarayerelhizmet.com\/index.php\/wp-json\/wp\/v2\/posts\/12890\/revisions"}],"wp:featuredmedia":[{"embeddable":true,"href":"https:\/\/marmarayerelhizmet.com\/index.php\/wp-json\/wp\/v2\/media\/12892"}],"wp:attachment":[{"href":"https:\/\/marmarayerelhizmet.com\/index.php\/wp-json\/wp\/v2\/media?parent=12890"}],"wp:term":[{"taxonomy":"category","embeddable":true,"href":"https:\/\/marmarayerelhizmet.com\/index.php\/wp-json\/wp\/v2\/categories?post=12890"},{"taxonomy":"post_tag","embeddable":true,"href":"https:\/\/marmarayerelhizmet.com\/index.php\/wp-json\/wp\/v2\/tags?post=12890"}],"curies":[{"name":"wp","href":"https:\/\/api.w.org\/{rel}","templated":true}]}}