{"id":12886,"date":"2023-07-26T15:04:25","date_gmt":"2023-07-26T12:04:25","guid":{"rendered":"https:\/\/marmarayerelhizmet.com\/?p=12886"},"modified":"2023-07-26T15:04:25","modified_gmt":"2023-07-26T12:04:25","slug":"buyukcekmecede-kentsel-donusum-3","status":"publish","type":"post","link":"https:\/\/marmarayerelhizmet.com\/index.php\/2023\/07\/26\/buyukcekmecede-kentsel-donusum-3\/","title":{"rendered":"B\u00fcy\u00fck\u00e7ekmece&#8217;de Kentsel D\u00f6n\u00fc\u015f\u00fcm"},"content":{"rendered":"<p><strong><span style=\"font-family: arial, helvetica, sans-serif; font-size: 14px;\">B\u00fcy\u00fck\u00e7ekmece\u2019de beklenen Marmara depremine kar\u015f\u0131 kentsel d\u00f6n\u00fc\u015f\u00fcm \u00e7al\u0131\u015fmalar\u0131 t\u00fcm h\u0131z\u0131yla devam ediyor. Atat\u00fcrk Mahallesi\u2019nde riskli oldu\u011fu tespit edilen 5 blok, 44 ba\u011f\u0131ms\u0131z b\u00f6l\u00fcmden olu\u015fan yap\u0131lar kentsel d\u00f6n\u00fc\u015f\u00fcm projesi \u00e7er\u00e7evesinde belediye ekiplerinin g\u00f6zetiminde y\u0131k\u0131ld\u0131.<br \/>\n<\/span><\/strong><br \/>\n<span style=\"font-family: arial, helvetica, sans-serif; font-size: 14px;\">1999 Marmara depreminin ard\u0131ndan depreme haz\u0131rl\u0131k konusunda seferberlik ba\u015flatan B\u00fcy\u00fck\u00e7ekmece Belediyesi, belediye ve vatanda\u015f i\u015fbirli\u011fiyle bug\u00fcne kadar 40 binin \u00fczerinde konutu y\u0131karak yerlerine depreme dayan\u0131kl\u0131 modern yap\u0131lar\u0131n in\u015fa edilmesine \u00f6nc\u00fcl\u00fck etti. Beklenen \u0130stanbul depremine kar\u015f\u0131 kentsel d\u00f6n\u00fc\u015f\u00fcm \u00e7al\u0131\u015fmalar\u0131n\u0131n h\u0131z kazand\u0131\u011f\u0131 B\u00fcy\u00fck\u00e7ekmece\u2019de, deprem riski ta\u015f\u0131d\u0131\u011f\u0131 tespit edilen 5 blok ve 44 ba\u011f\u0131ms\u0131z b\u00f6l\u00fcmden olu\u015fan yap\u0131lar Belediye Ba\u015fkan\u0131 Dr. Hasan Akg\u00fcn ve belediye ekiplerinin g\u00f6zetiminde y\u0131k\u0131ld\u0131.<\/span><\/p>\n<p><strong><span style=\"font-family: arial, helvetica, sans-serif; font-size: 14px;\">\u201c\u0130stanbul\u2019u depreme haz\u0131rlamak zorunday\u0131z\u201d<\/span><\/strong><br \/>\n<span style=\"font-family: arial, helvetica, sans-serif; font-size: 14px;\">Teknik ekibi ile birlikte kentsel d\u00f6n\u00fc\u015f\u00fcm y\u0131k\u0131m\u0131na kat\u0131lan B\u00fcy\u00fck\u00e7ekmece Belediye Ba\u015fkan\u0131 Dr. Hasan Akg\u00fcn, Adana\u2019da meydana gelen 5.5 b\u00fcy\u00fckl\u00fc\u011f\u00fcndeki depremi hat\u0131rlatarak, \u201cKula\u011f\u0131m\u0131z deprem ve depremle ilgili olaylarda. Beynimiz, g\u00f6z\u00fcm\u00fcz depremle ilgili haz\u0131rl\u0131k projelerini tamamlamakta. B\u00fcy\u00fck\u00e7ekmece Belediyesi olarak her g\u00fcn depreme dayan\u0131ks\u0131z binalar\u0131 y\u0131kmaya devam ediyoruz. Adana halk\u0131m\u0131za ge\u00e7mi\u015f olsun. B\u00fct\u00fcn belediye ba\u015fkanlar\u0131 kentsel d\u00f6n\u00fc\u015f\u00fcm\u00fc yerinde veya nas\u0131l yap\u0131yorsa \u0131srarla devam ettirerek Marmara b\u00f6lgesini ve \u00f6zellikle \u0130stanbul\u2019u depreme haz\u0131rlamak zorunday\u0131z. \u0130stanbul y\u0131k\u0131l\u0131rsa T\u00fcrkiye y\u0131k\u0131l\u0131r\u201d dedi.<\/span><br \/>\n<span style=\"font-family: arial, helvetica, sans-serif; font-size: 14px;\">\u00d6nceki g\u00fcn Adana\u2019da meydana gelen 5.5 b\u00fcy\u00fckl\u00fc\u011f\u00fcnde depremi hat\u0131rlatan B\u00fcy\u00fck\u00e7ekmece Belediye Ba\u015fkan\u0131 Dr. Hasan Akg\u00fcn, \u201cKula\u011f\u0131m\u0131z deprem ve depremle ilgili olaylarda. Beynimiz, g\u00f6z\u00fcm\u00fcz depremle ilgili haz\u0131rl\u0131k projelerini tamamlamakta. B\u00fcy\u00fck\u00e7ekmece Belediyesi olarak her g\u00fcn depreme dayan\u0131ks\u0131z binalar\u0131 y\u0131kmaya devam ediyoruz. Bug\u00fcne kadar 42 binden fazla konutu yeniledik. B\u00fcy\u00fck\u00e7ekmece\u2019de yakla\u015f\u0131k y\u00fczde 30\u2019luk \u00e7al\u0131\u015fmam\u0131z kald\u0131. Y\u00fczde 30 miktar\u0131nda yap\u0131 stokunu da yeniledi\u011fimiz takdirde yakla\u015fmakta olan b\u00fcy\u00fck \u0130stanbul depreminde vatanda\u015f\u0131m\u0131z\u0131n burnu kanmayacakt\u0131r. Benim en b\u00fcy\u00fck mega projem budur. Adana halk\u0131m\u0131za ge\u00e7mi\u015f olsun. Herkes, b\u00fct\u00fcn belediye ba\u015fkanlar\u0131 kentsel d\u00f6n\u00fc\u015f\u00fcm\u00fc yerinde veya nas\u0131l yap\u0131yorsa \u0131srarla devam ettirerek Marmara b\u00f6lgesini ve \u00f6zellikle \u0130stanbul\u2019u depreme haz\u0131rlamak zorunday\u0131z. \u0130stanbul y\u0131k\u0131l\u0131rsa T\u00fcrkiye y\u0131k\u0131l\u0131r.\u201d ifadelerini kulland\u0131.<\/span><\/p>\n<p><strong><span style=\"font-family: arial, helvetica, sans-serif; font-size: 14px;\">\u201c\u0130lk defa \u015fahit oldum\u201d<\/span><\/strong><br \/>\n<span style=\"font-family: arial, helvetica, sans-serif; font-size: 14px;\">\u00c7evre \u015eehircilik ve \u0130klim De\u011fi\u015fikli\u011fi Bakanl\u0131\u011f\u0131\u2019n\u0131n kentsel d\u00f6n\u00fc\u015f\u00fcm\u00fcn h\u0131zland\u0131r\u0131lmas\u0131 ad\u0131na \u0130stanbul\u2019daki 39 belediyenin teknik personeli ile ger\u00e7ekle\u015ftirdi\u011fi toplant\u0131ya da de\u011finen Ba\u015fkan Akg\u00fcn, \u201c\u0130lk defa \u00c7evre ve \u015eehircilik Bakanl\u0131\u011f\u0131\u2019n\u0131n \u0130stanbul\u2019da 39 il\u00e7eyi kapsayan teknik elemanlar\u0131n da kat\u0131ld\u0131\u011f\u0131 bir toplant\u0131 yapt\u0131\u011f\u0131na \u015fahit oldum. Bizim de belediye ba\u015fkanlar\u0131 yerine teknik ba\u015fkan yard\u0131mc\u0131lar\u0131 ve Deprem M\u00fcd\u00fcrl\u00fc\u011f\u00fc, Deprem ve Zemin M\u00fcd\u00fcrl\u00fc\u011f\u00fc veya depreme haz\u0131rl\u0131k yapan birimlerin teknik elemanlar\u0131 toplant\u0131ya kat\u0131ld\u0131. Hen\u00fcz ben bilgi alamad\u0131m. Dolay\u0131s\u0131yla iyi bir geli\u015fme olarak g\u00f6r\u00fcyorum. M\u00fcteahhit, vatanda\u015f, belediye, B\u00fcy\u00fck\u015fehir Belediyesi, \u00c7evre ve \u015eehircilik Bakanl\u0131\u011f\u0131 ve devletin di\u011fer unsurlar\u0131 hele hele Say\u0131n Cumhurba\u015fkan\u0131m\u0131z\u0131n bu i\u015fe h\u0131z vermesi konusundaki eylemleri, s\u00f6ylemleri \u00e7ok \u00f6nemli\u201d \u015feklinde konu\u015ftu.<\/span><\/p>\n","protected":false},"excerpt":{"rendered":"<p>B\u00fcy\u00fck\u00e7ekmece\u2019de beklenen Marmara depremine kar\u015f\u0131 kentsel d\u00f6n\u00fc\u015f\u00fcm \u00e7al\u0131\u015fmalar\u0131 t\u00fcm h\u0131z\u0131yla devam ediyor. Atat\u00fcrk Mahallesi\u2019nde riskli oldu\u011fu tespit edilen 5 blok,<\/p>\n","protected":false},"author":3,"featured_media":12888,"comment_status":"open","ping_status":"open","sticky":false,"template":"","format":"standard","meta":{"colormag_page_container_layout":"default_layout","colormag_page_sidebar_layout":"default_layout","footnotes":""},"categories":[1,5,8],"tags":[],"class_list":["post-12886","post","type-post","status-publish","format-standard","has-post-thumbnail","hentry","category-genel","category-gundem","category-siyaset"],"_links":{"self":[{"href":"https:\/\/marmarayerelhizmet.com\/index.php\/wp-json\/wp\/v2\/posts\/12886","targetHints":{"allow":["GET"]}}],"collection":[{"href":"https:\/\/marmarayerelhizmet.com\/index.php\/wp-json\/wp\/v2\/posts"}],"about":[{"href":"https:\/\/marmarayerelhizmet.com\/index.php\/wp-json\/wp\/v2\/types\/post"}],"author":[{"embeddable":true,"href":"https:\/\/marmarayerelhizmet.com\/index.php\/wp-json\/wp\/v2\/users\/3"}],"replies":[{"embeddable":true,"href":"https:\/\/marmarayerelhizmet.com\/index.php\/wp-json\/wp\/v2\/comments?post=12886"}],"version-history":[{"count":0,"href":"https:\/\/marmarayerelhizmet.com\/index.php\/wp-json\/wp\/v2\/posts\/12886\/revisions"}],"wp:featuredmedia":[{"embeddable":true,"href":"https:\/\/marmarayerelhizmet.com\/index.php\/wp-json\/wp\/v2\/media\/12888"}],"wp:attachment":[{"href":"https:\/\/marmarayerelhizmet.com\/index.php\/wp-json\/wp\/v2\/media?parent=12886"}],"wp:term":[{"taxonomy":"category","embeddable":true,"href":"https:\/\/marmarayerelhizmet.com\/index.php\/wp-json\/wp\/v2\/categories?post=12886"},{"taxonomy":"post_tag","embeddable":true,"href":"https:\/\/marmarayerelhizmet.com\/index.php\/wp-json\/wp\/v2\/tags?post=12886"}],"curies":[{"name":"wp","href":"https:\/\/api.w.org\/{rel}","templated":true}]}}