{"id":12882,"date":"2023-07-26T15:02:36","date_gmt":"2023-07-26T12:02:36","guid":{"rendered":"https:\/\/marmarayerelhizmet.com\/?p=12882"},"modified":"2023-07-26T15:02:36","modified_gmt":"2023-07-26T12:02:36","slug":"esenlerliler-hem-egleniyor-hem-ogreniyor","status":"publish","type":"post","link":"https:\/\/marmarayerelhizmet.com\/index.php\/2023\/07\/26\/esenlerliler-hem-egleniyor-hem-ogreniyor\/","title":{"rendered":"Esenlerliler Hem E\u011fleniyor Hem \u00d6\u011freniyor"},"content":{"rendered":"<p><strong><span style=\"font-family: arial, helvetica, sans-serif; font-size: 14px;\">Esenler Belediyesi taraf\u0131ndan d\u00fczenlenen k\u00fclt\u00fcr turlar\u0131yla her ya\u015ftan Esenlerli yaz\u0131n tad\u0131n\u0131 doyas\u0131ya \u00e7\u0131kar\u0131yor. Bursa, \u00c7anakkale ve bo\u011faz turlar\u0131yla tarihi, k\u00fclt\u00fcrel ve do\u011fal zenginlikleri g\u00f6rme f\u0131rsat\u0131n\u0131 yakalayan vatanda\u015flar, g\u00fcn\u00fcbirlik gezilerle keyifli vakit ge\u00e7iriyor.<br \/>\n<\/span><\/strong><br \/>\n<span style=\"font-family: arial, helvetica, sans-serif; font-size: 14px;\">Esenler Belediyesi \u201cEvliya \u00c7elebi\u2019nin \u0130zinde\u201d seyahat hareketiyle bu yaz da k\u00fclt\u00fcr turlar\u0131na h\u0131z kesmeden devam ediyor. Esenlerli vatanda\u015flar birbirinden g\u00fczel \u015fehirleri gezerken ayn\u0131 zamanda rehber e\u015fli\u011finde tarihi ve k\u00fclt\u00fcrel miras\u0131 \u00f6\u011frenme f\u0131rsat\u0131 yakal\u0131yor. D\u00fczenlenen geziler \u00e7er\u00e7evesinde Esenlerliler, tarihi ve do\u011fal g\u00fczelliklerle dolu ulu \u015fehir Bursa, her bir kar\u0131\u015f\u0131 kahraman \u015fehitlerimizin izini ta\u015f\u0131yan ecdat yadigar\u0131 \u00c7anakkale ve kadim \u015fehir \u0130stanbul\u2019un herkese kendini hayran b\u0131rakan manzaras\u0131 e\u015fli\u011finde p\u00fcf\u00fcr p\u00fcf\u00fcr bo\u011faz turunun tad\u0131n\u0131 doyas\u0131ya \u00e7\u0131kar\u0131yor.<\/span><\/p>\n<p><strong><span style=\"font-family: arial, helvetica, sans-serif; font-size: 14px;\">Vatanda\u015flar\u0131n g\u00f6zdesi \u2018ulu \u015fehir bursa\u2019<\/span><\/strong><br \/>\n<span style=\"font-family: arial, helvetica, sans-serif; font-size: 14px;\">Osmanl\u0131 Devleti\u2019ne ba\u015fkentlik yapm\u0131\u015f ulu \u015fehir Bursa, k\u00fclt\u00fcr turlar\u0131 \u00e7ere\u00e7vesinde s\u0131k ziyaret edilen \u015fehirlerden olmaya devam ediyor. Tarihi ve k\u00fclt\u00fcr\u00fcyle kendine hayran b\u0131rakan Bursa\u2019da, Esenlerli vatanda\u015flar Cumal\u0131k\u0131z\u0131k sokaklar\u0131nda tarihe tan\u0131kl\u0131k ederken, Tophane\u2019den ise \u015fehri panoramik seyretme f\u0131rsat\u0131 buluyor. Ye\u015fil T\u00fcrbe\u2019den Ulu Cami\u2019ye kadar Bursa\u2019n\u0131n \u00f6nemli tarihi yap\u0131lar\u0131n\u0131 ziyaret eden vatanda\u015flar, d\u00f6n\u00fc\u015f yolunda ise Koza Han\u2019a u\u011fruyor.<\/span><\/p>\n<p><strong><span style=\"font-family: arial, helvetica, sans-serif; font-size: 14px;\">\u00c7anakkale ruhu canl\u0131 tutuluyor<\/span><\/strong><br \/>\n<span style=\"font-family: arial, helvetica, sans-serif; font-size: 14px;\">\u00c7anakkale ruhunu t\u00fcm Esenler\u2019de canl\u0131 tutmak amac\u0131yla d\u00fczenlenen \u2018\u00c7anakkale Turlar\u0131\u2019yla Esenlerliler, \u00c7anakkale\u2019nin tarihi dokusunu yak\u0131ndan tan\u0131yarak, vatan\u0131 u\u011fruna canlar\u0131n\u0131 feda eden \u015fehitlerin kabirlerini ziyaret etme f\u0131rsat\u0131 buluyor. Vatanda\u015flar \u00c7anakkale\u2019de, Al\u00e7\u0131tepe Sahra Hastanesi M\u00fczesi\u2019ni ziyaret ederken sava\u015f\u0131n duygu dolu anlar\u0131n\u0131 hissediyor. Sava\u015f stratejisini idrak edebilecekleri Conkbay\u0131r\u0131\u2019ndaki mevzileri ziyaretlerinin ard\u0131ndan ise Kilitbahir\u2019de d\u00fc\u015fman\u0131n ge\u00e7emedi\u011fi e\u015fsiz g\u00fczellikte bo\u011faz\u0131 seyrederken \u00c7anakkale Abidesi\u2019nde de g\u00fcn\u00fcn an\u0131s\u0131na foto\u011fraf \u00e7ektiriyor.<\/span><\/p>\n<p><strong><span style=\"font-family: arial, helvetica, sans-serif; font-size: 14px;\">Bo\u011faz\u0131n mavi sular\u0131nda unutulmayacak deneyim<\/span><\/strong><br \/>\n<span style=\"font-family: arial, helvetica, sans-serif; font-size: 14px;\">Esenler Belediyesi taraf\u0131ndan d\u00fczenlenen bo\u011faz turuyla, \u0130stanbul Bo\u011faz\u0131\u2019n\u0131n masmavi sular\u0131nda unutamayacaklar\u0131 bir g\u00fcn ge\u00e7iren Esenlerliler, rehber anlat\u0131m\u0131 e\u015fli\u011finde hem \u00f6\u011frenip hem e\u011fleniyor. Esenlerli vatanda\u015flar Bo\u011fazi\u00e7i\u2019nin t\u00fcm do\u011fal ve tarihi zenginliklerini g\u00f6rd\u00fckleri, bo\u011faz\u0131n tad\u0131na doyas\u0131ya vard\u0131klar\u0131 bo\u011faz turuyla keyifli vakit ge\u00e7iriyor.<\/span><br \/>\n<span style=\"font-family: arial, helvetica, sans-serif; font-size: 14px;\">\u201cEvliya \u00c7elebi\u2019nin \u0130zinde\u201d T\u00fcrkiye\u2019yi ad\u0131m ad\u0131m gezmeye, \u015fehirlerimizin nadide g\u00fczelliklerini g\u00f6rmeye devam etti\u011fimiz \u2018K\u00fclt\u00fcr Turlar\u0131\u2019na kat\u0131lmak ve bu e\u015fsiz deneyimi ya\u015famak i\u00e7in belediyenin web sitesini ziyaret edebilirsiniz.<\/span><\/p>\n","protected":false},"excerpt":{"rendered":"<p>Esenler Belediyesi taraf\u0131ndan d\u00fczenlenen k\u00fclt\u00fcr turlar\u0131yla her ya\u015ftan Esenlerli yaz\u0131n tad\u0131n\u0131 doyas\u0131ya \u00e7\u0131kar\u0131yor. Bursa, \u00c7anakkale ve bo\u011faz turlar\u0131yla tarihi, k\u00fclt\u00fcrel<\/p>\n","protected":false},"author":3,"featured_media":12884,"comment_status":"open","ping_status":"open","sticky":false,"template":"","format":"standard","meta":{"colormag_page_container_layout":"default_layout","colormag_page_sidebar_layout":"default_layout","footnotes":""},"categories":[1,5,6,8],"tags":[],"class_list":["post-12882","post","type-post","status-publish","format-standard","has-post-thumbnail","hentry","category-genel","category-gundem","category-kultur-sanat","category-siyaset"],"_links":{"self":[{"href":"https:\/\/marmarayerelhizmet.com\/index.php\/wp-json\/wp\/v2\/posts\/12882","targetHints":{"allow":["GET"]}}],"collection":[{"href":"https:\/\/marmarayerelhizmet.com\/index.php\/wp-json\/wp\/v2\/posts"}],"about":[{"href":"https:\/\/marmarayerelhizmet.com\/index.php\/wp-json\/wp\/v2\/types\/post"}],"author":[{"embeddable":true,"href":"https:\/\/marmarayerelhizmet.com\/index.php\/wp-json\/wp\/v2\/users\/3"}],"replies":[{"embeddable":true,"href":"https:\/\/marmarayerelhizmet.com\/index.php\/wp-json\/wp\/v2\/comments?post=12882"}],"version-history":[{"count":0,"href":"https:\/\/marmarayerelhizmet.com\/index.php\/wp-json\/wp\/v2\/posts\/12882\/revisions"}],"wp:featuredmedia":[{"embeddable":true,"href":"https:\/\/marmarayerelhizmet.com\/index.php\/wp-json\/wp\/v2\/media\/12884"}],"wp:attachment":[{"href":"https:\/\/marmarayerelhizmet.com\/index.php\/wp-json\/wp\/v2\/media?parent=12882"}],"wp:term":[{"taxonomy":"category","embeddable":true,"href":"https:\/\/marmarayerelhizmet.com\/index.php\/wp-json\/wp\/v2\/categories?post=12882"},{"taxonomy":"post_tag","embeddable":true,"href":"https:\/\/marmarayerelhizmet.com\/index.php\/wp-json\/wp\/v2\/tags?post=12882"}],"curies":[{"name":"wp","href":"https:\/\/api.w.org\/{rel}","templated":true}]}}