{"id":12874,"date":"2023-07-26T00:17:29","date_gmt":"2023-07-25T21:17:29","guid":{"rendered":"https:\/\/marmarayerelhizmet.com\/?p=12874"},"modified":"2023-07-26T00:17:29","modified_gmt":"2023-07-25T21:17:29","slug":"vali-sildaka-ziyaret","status":"publish","type":"post","link":"https:\/\/marmarayerelhizmet.com\/index.php\/2023\/07\/26\/vali-sildaka-ziyaret\/","title":{"rendered":"Vali \u015e\u0131ldak&#8217;a Ziyaret"},"content":{"rendered":"<div><span style=\"font-family: arial, helvetica, sans-serif; font-size: 14px;\">Sahil G\u00fcvenlik Komutanl\u0131\u011f\u0131 Harekat Ba\u015fkanl\u0131\u011f\u0131 Cari Harekat ve Arama Kurtarma Daire Ba\u015fkanl\u0131\u011f\u0131 g\u00f6revine atanan Sahil G\u00fcvenlik G\u00fcney Marmara Grup Komutan\u0131 Yarbay Umut Yava\u015f ve G\u00fcney Marmara Grup Komutan\u0131 olarak atanan Binba\u015f\u0131 Erdal K\u0131raker Vali Hasan \u015e\u0131ldak\u2019\u0131 ziyaret etti.<\/span><\/div>\n<div>\n<span style=\"font-family: arial, helvetica, sans-serif; font-size: 14px;\">Ziyaretleri dolay\u0131s\u0131yla misafirlerine te\u015fekk\u00fcr eden Vali \u015e\u0131ldak, kendilerine yeni g\u00f6revlerinde ba\u015far\u0131lar diledi.<\/span><\/div>\n<div>\n<div id=\"w26a58b5b306547a6813e033bcf44955a\">\n<div class=\"row d-none d-md-flex\">\n<div class=\"row zgLarge\"><\/div>\n<\/div>\n<\/div>\n<\/div>\n","protected":false},"excerpt":{"rendered":"<p>Sahil G\u00fcvenlik Komutanl\u0131\u011f\u0131 Harekat Ba\u015fkanl\u0131\u011f\u0131 Cari Harekat ve Arama Kurtarma Daire Ba\u015fkanl\u0131\u011f\u0131 g\u00f6revine atanan Sahil G\u00fcvenlik G\u00fcney Marmara Grup Komutan\u0131<\/p>\n","protected":false},"author":3,"featured_media":12876,"comment_status":"open","ping_status":"open","sticky":false,"template":"","format":"standard","meta":{"colormag_page_container_layout":"default_layout","colormag_page_sidebar_layout":"default_layout","footnotes":""},"categories":[1,5,8],"tags":[],"class_list":["post-12874","post","type-post","status-publish","format-standard","has-post-thumbnail","hentry","category-genel","category-gundem","category-siyaset"],"_links":{"self":[{"href":"https:\/\/marmarayerelhizmet.com\/index.php\/wp-json\/wp\/v2\/posts\/12874","targetHints":{"allow":["GET"]}}],"collection":[{"href":"https:\/\/marmarayerelhizmet.com\/index.php\/wp-json\/wp\/v2\/posts"}],"about":[{"href":"https:\/\/marmarayerelhizmet.com\/index.php\/wp-json\/wp\/v2\/types\/post"}],"author":[{"embeddable":true,"href":"https:\/\/marmarayerelhizmet.com\/index.php\/wp-json\/wp\/v2\/users\/3"}],"replies":[{"embeddable":true,"href":"https:\/\/marmarayerelhizmet.com\/index.php\/wp-json\/wp\/v2\/comments?post=12874"}],"version-history":[{"count":0,"href":"https:\/\/marmarayerelhizmet.com\/index.php\/wp-json\/wp\/v2\/posts\/12874\/revisions"}],"wp:featuredmedia":[{"embeddable":true,"href":"https:\/\/marmarayerelhizmet.com\/index.php\/wp-json\/wp\/v2\/media\/12876"}],"wp:attachment":[{"href":"https:\/\/marmarayerelhizmet.com\/index.php\/wp-json\/wp\/v2\/media?parent=12874"}],"wp:term":[{"taxonomy":"category","embeddable":true,"href":"https:\/\/marmarayerelhizmet.com\/index.php\/wp-json\/wp\/v2\/categories?post=12874"},{"taxonomy":"post_tag","embeddable":true,"href":"https:\/\/marmarayerelhizmet.com\/index.php\/wp-json\/wp\/v2\/tags?post=12874"}],"curies":[{"name":"wp","href":"https:\/\/api.w.org\/{rel}","templated":true}]}}