{"id":12862,"date":"2023-07-25T23:46:54","date_gmt":"2023-07-25T20:46:54","guid":{"rendered":"https:\/\/marmarayerelhizmet.com\/?p=12862"},"modified":"2023-07-25T23:46:54","modified_gmt":"2023-07-25T20:46:54","slug":"onceligimiz-darbe-anayasasindan-kurtulmak","status":"publish","type":"post","link":"https:\/\/marmarayerelhizmet.com\/index.php\/2023\/07\/25\/onceligimiz-darbe-anayasasindan-kurtulmak\/","title":{"rendered":"&#8216;\u00d6nceli\u011fimiz Darbe Anayasas\u0131ndan Kurtulmak&#8217;"},"content":{"rendered":"<p><strong><span style=\"font-family: arial, helvetica, sans-serif; font-size: 14px;\">Cumhurba\u015fkan\u0131 Recep Tayyip Erdo\u011fan, &#8220;Yarg\u0131 alan\u0131nda 2002\u2019den beri y\u00fcr\u00fctt\u00fc\u011f\u00fcm\u00fcz zorlu m\u00fccadeleyi, sivil bir anayasayla ta\u00e7land\u0131rmak istiyoruz. 28. Yasama d\u00f6neminde \u00f6nceliklerimizin en ba\u015f\u0131nda meclisimizin de takdiri ile T\u00fcrkiye\u2019yi darbe anayasas\u0131ndan kurtarmak vard\u0131r&#8221; dedi.<br \/>\n<\/span><\/strong><br \/>\n<span style=\"font-family: arial, helvetica, sans-serif; font-size: 14px;\">Cumhurba\u015fkan\u0131 Recep Tayyip Erdo\u011fan, Be\u015ftepe Millet Kongre ve K\u00fclt\u00fcr Merkezi\u2019nde ger\u00e7ekle\u015fen Adli Yarg\u0131 Hakim ve Cumhuriyet Savc\u0131lar\u0131 ile \u0130dari Yarg\u0131 Hakimleri Kura T\u00f6reni&#8217;nde konu\u015ftu. Erdo\u011fan, atamalar\u0131n hay\u0131rl\u0131 olmas\u0131 temennisinde bulundu.<\/span><br \/>\n<span style=\"font-family: arial, helvetica, sans-serif; font-size: 14px;\">Adli Yarg\u0131 H\u00e2kim ve Cumhuriyet Savc\u0131lar\u0131 ile \u0130dari Yarg\u0131 H\u00e2kimleri Kura T\u00f6reni vesilesiyle kat\u0131l\u0131mc\u0131lar\u0131 a\u011f\u0131rlamaktan mutluluk duydu\u011funu ifade eden Erdo\u011fan, t\u00f6renin hay\u0131rl\u0131 olmas\u0131 temennisinde bulundu.<\/span><br \/>\n<span style=\"font-family: arial, helvetica, sans-serif; font-size: 14px;\">Erdo\u011fan, hakim ve savc\u0131lar\u0131n zorlu bir adayl\u0131k d\u00f6nemini ba\u015far\u0131yla tamamlad\u0131klar\u0131n\u0131 belirterek, kad\u0131nlar\u0131n ba\u015far\u0131lar\u0131yla en \u00f6n s\u0131ralarda yer almas\u0131ndan duydu\u011fu mutlulu\u011fu ifade etti.<\/span><br \/>\n<span style=\"font-family: arial, helvetica, sans-serif; font-size: 14px;\">Bin 102 adli, yarg\u0131 hakimi ve cumhuriyet savc\u0131s\u0131 ile idari yarg\u0131 hakimlerini tebrik eden Erdo\u011fan, g\u00f6rev yerlerinde kendilerine ba\u015far\u0131lar diledi. Erdo\u011fan, T\u00fcrkiye sath\u0131nda 15 bin 412&#8217;si cumhuriyet savc\u0131s\u0131, 7 bin 409\u2019u hakim olmak \u00fczere toplam 22 bin 821 hakim ve savc\u0131n\u0131n g\u00f6rev yapt\u0131\u011f\u0131n\u0131 a\u00e7\u0131klad\u0131.<\/span><br \/>\n<span style=\"font-family: arial, helvetica, sans-serif; font-size: 14px;\">Bug\u00fcnk\u00fc atamayla bu say\u0131n\u0131n 23 bin 923\u2019e \u00e7\u0131kaca\u011f\u0131n\u0131 kaydeden Erdo\u011fan, \u015fehit Mehmet Selim Kiraz ba\u015fta olmak \u00fczere adaletin tecellisi u\u011frunda \u00e7al\u0131\u015f\u0131rken vefat eden, \u015fehit d\u00fc\u015fen yarg\u0131 mensuplar\u0131na rahmet dile\u011finde bulundu.<\/span><br \/>\n<span style=\"font-family: arial, helvetica, sans-serif; font-size: 14px;\">Erdo\u011fan, T\u00fcrkiye&#8217;nin d\u00f6rt bir yan\u0131nda fedakarca g\u00f6rev yapan adalet te\u015fkilat\u0131n\u0131n t\u00fcm fertlerine \u00fclke ve millet ad\u0131na te\u015fekk\u00fcrlerini iletti. Cumhurba\u015fkan\u0131 Erdo\u011fan, &#8220;Adalet hizmetlerinin h\u0131zl\u0131 ve etkin y\u00fcr\u00fct\u00fclmesi i\u00e7in omuz omuza m\u00fccadele verdik. Milletimizin g\u00f6z\u00fcnde adliye kap\u0131s\u0131n\u0131 adaletin kap\u0131s\u0131 haline getirmek i\u00e7in hep beraber \u00e7aba harcad\u0131k. Hayat ge\u00e7irdi\u011fimiz her de\u011fi\u015fikle \u00fclkemizin demokrasi ve hukuk devleti standartlar\u0131n\u0131 daha da y\u00fckselttik. G\u00f6reve geldi\u011fimizde \u00fclkemizi 4 ana s\u00fct\u00fcn \u00fczerinde in\u015fa edece\u011fimizi vaat etmi\u015ftik. Bunlar\u0131n e\u011fitim, sa\u011fl\u0131k, adalet, emniyet demi\u015ftik. Aradan ge\u00e7en 21 y\u0131lda \u00fclkemizin i\u00e7inde bulundu\u011fu \u015fartlar ve kar\u015f\u0131la\u015ft\u0131\u011f\u0131 s\u0131k\u0131nt\u0131lar ne olursa olsun bu s\u00f6z\u00fcm\u00fcze sadakatle ba\u011fl\u0131 kald\u0131k. Saymaya kalksak saatler s\u00fcrecek reformlar\u0131, projeleri hayata ge\u00e7irdik&#8221; a\u00e7\u0131klamas\u0131n\u0131 yapt\u0131.<\/span><br \/>\n<span style=\"font-family: arial, helvetica, sans-serif; font-size: 14px;\">Cumhurba\u015fkan\u0131 Erdo\u011fan, adalet te\u015fkilat\u0131nda \u00f6nemli bir iyile\u015fmenin oldu\u011funa dikkat \u00e7ekerek, &#8220;Adalet te\u015fkilat\u0131m\u0131z\u0131n eski g\u00fcnlerini bilenler T\u00fcrkiye\u2019nin nereden nereye geldi\u011finin takdirini daha net yapabiliyor. O d\u00f6nemde g\u00f6rev yapan hakim ve savc\u0131lar\u0131m\u0131z hangi \u015fartlar alt\u0131nda adalet da\u011f\u0131tmaya \u00e7al\u0131\u015ft\u0131klar\u0131n\u0131 gayet iyi hat\u0131rl\u0131yor&#8221; dedi.<\/span><\/p>\n<p><strong><span style=\"font-family: arial, helvetica, sans-serif; font-size: 14px;\">&#8220;2002 y\u0131l\u0131nda 9 bin 349 olan hakim, savc\u0131 say\u0131s\u0131n\u0131 2 bu\u00e7uk kat art\u0131\u015fla yakla\u015f\u0131k 24 bine \u00e7\u0131kard\u0131k&#8221;<\/span><\/strong><br \/>\n<span style=\"font-family: arial, helvetica, sans-serif; font-size: 14px;\">21 y\u0131lda adalet kapsam\u0131nda yap\u0131lan d\u00fczenlemeler ile ilgili bilgiler payla\u015fan Erdo\u011fan, &#8220;2002 y\u0131l\u0131nda 9 bin 349 olan hakim, savc\u0131 say\u0131s\u0131n\u0131 2 bu\u00e7uk kat art\u0131\u015fla yakla\u015f\u0131k 24 bine \u00e7\u0131kard\u0131k. Adalet te\u015fkilat\u0131m\u0131z\u0131n toplam personel say\u0131s\u0131 61 binden 190 bine y\u00fckseldi. Merdiven altlar\u0131nda adeta mahzeni and\u0131ran yerlerde adalet da\u011f\u0131t\u0131lan k\u00f6t\u00fc manzaralara son verdik. \u0130n\u015fa etti\u011fimiz 280 modern adalet saray\u0131 ile bu alandaki en \u00f6nemli altyap\u0131 eksiklerini giderdik. Y\u00fcksek yarg\u0131 organlar\u0131m\u0131z\u0131n mimarisi, teknolojik donan\u0131mlar\u0131, imkanlar\u0131 ile g\u00f6z dolduran hizmet binalar\u0131na kavu\u015fturduk. Mahkeme say\u0131lar\u0131m\u0131z\u0131 adli yarg\u0131da y\u00fczde 95, idari yarg\u0131da y\u00fczde 45 oran\u0131nda art\u0131rd\u0131k&#8221; diye konu\u015ftu.<\/span><br \/>\n<span style=\"font-family: arial, helvetica, sans-serif; font-size: 14px;\">Hatalar\u0131 asgariye indirecek ve temyiz mahkemelerindeki y\u0131\u011f\u0131lmalar\u0131 \u00f6nleyecek \u015fekilde b\u00f6lge idare mahkemelerini devreye ald\u0131klar\u0131n\u0131 hat\u0131rlatan Erdo\u011fan, &#8220;\u0130stinaf mahkemelerinin faaliyete ge\u00e7mesiyle birlikte Yarg\u0131tay, Hukuk Ceza Dairelerinin i\u015f y\u00fck\u00fc yakla\u015f\u0131k y\u00fczde 68 oran\u0131nda azalm\u0131\u015ft\u0131r. Yarg\u0131 s\u00fcre\u00e7lerini hem basitle\u015ftirdik hem kolayla\u015ft\u0131rd\u0131k hem de h\u0131zland\u0131rd\u0131k. UYAP b\u00fcnyesinde sesli ve g\u00f6r\u00fcnt\u00fcl\u00fc bili\u015fim sistemini yani SEGB\u0130S\u2019i kurduk&#8221; dedi.<\/span><br \/>\n<span style=\"font-family: arial, helvetica, sans-serif; font-size: 14px;\">Hukuk yarg\u0131lamalar\u0131na elektronik duru\u015fma sistemini kazand\u0131rd\u0131klar\u0131n\u0131 s\u00f6yleyen Erdo\u011fan, vatanda\u015flara Anayasa Mahkemesi\u2019ne bireysel ba\u015fvuru yapabilme imkan\u0131 getirdiklerini, askeri su\u00e7lar\u0131n sivil mahkemelerde g\u00f6r\u00fclmesini sa\u011flad\u0131klar\u0131n\u0131 an\u0131msatt\u0131.<\/span><br \/>\n<span style=\"font-family: arial, helvetica, sans-serif; font-size: 14px;\">Cumhurba\u015fkan\u0131 Erdo\u011fan, &#8220;Vatanda\u015flar\u0131m\u0131z\u0131n mesnetsiz ihbar ve \u015fikayetler sebebi ile soru\u015fturmaya u\u011framamas\u0131 i\u00e7in lekelenmeme hakk\u0131n\u0131 g\u00fc\u00e7lendirdik. Yarg\u0131 reformu stratejisi ev insan haklar\u0131 eylem plan\u0131 ile yarg\u0131da ihtisasla\u015fmay\u0131 sa\u011flad\u0131k. Vergi su\u00e7lar\u0131, bili\u015fim, finansal su\u00e7lar ve sendikal uyu\u015fmazl\u0131klar, kamula\u015ft\u0131rma davalar\u0131 gibi bir \u00e7ok alanda yeni ihtisas mahkemeleri kurduk. Uzla\u015ft\u0131rma y\u00f6ntemleriyle mahkeme s\u00fcreci \u00f6ncesinde k\u0131sa s\u00fcrede ve daha az masrafla \u00e7\u00f6z\u00fclmesini temin ettik. Hafta sonu n\u00f6bet\u00e7i noterlik uygulamas\u0131 ba\u015flatarak vatanda\u015flar\u0131m\u0131za 7 g\u00fcn hizmet verilmesini sa\u011flad\u0131k&#8221; a\u00e7\u0131klamas\u0131n\u0131 yapt\u0131.<\/span><\/p>\n<p><strong><span style=\"font-family: arial, helvetica, sans-serif; font-size: 14px;\">&#8220;Hakim ve savc\u0131lar\u0131m\u0131z\u0131n \u00f6zl\u00fck haklar\u0131nda kayda de\u011fer iyile\u015ftirmeler yapt\u0131k&#8221;<\/span><\/strong><br \/>\n<span style=\"font-family: arial, helvetica, sans-serif; font-size: 14px;\">Yarg\u0131da hedef s\u00fcre uygulamas\u0131 ile \u00f6ng\u00f6r\u00fclebilirli\u011fi art\u0131rd\u0131klar\u0131n\u0131 yarg\u0131lamalar\u0131n uzat\u0131lmas\u0131na sebebiyet veren durumlar\u0131 asgariye indirdiklerini ifade eden Cumhurba\u015fkan\u0131 Erdo\u011fan s\u00f6zlerini \u015f\u00f6yle s\u00fcrd\u00fcrd\u00fc:<\/span><br \/>\n<span style=\"font-family: arial, helvetica, sans-serif; font-size: 14px;\">&#8220;Adalet te\u015fkilat\u0131m\u0131z\u0131n mali ve \u00f6zl\u00fck haklar\u0131 ile ilgili beklentilerini kar\u015f\u0131lad\u0131k. \u0130nfaz koruma memurlar\u0131n\u0131n y\u0131pranma paylar\u0131ndan m\u00fcba\u015firlerimizin genel idare hizmetine al\u0131nmas\u0131na kadar nice soruna \u00e7\u00f6z\u00fcm bulduk. G\u00f6revini mesai mevhumu olmada y\u00fcr\u00fcten adalet personeline n\u00f6bet \u00fccreti imkan\u0131 sunduk. Gelen talepler do\u011frultusunda farkl\u0131 d\u00f6nemlerde hakim ve savc\u0131lar\u0131m\u0131z\u0131n \u00f6zl\u00fck haklar\u0131nda kayda de\u011fer iyile\u015ftirmeler yapt\u0131k. Ge\u00e7en y\u0131l ihdas etti\u011fimiz hakim ve savc\u0131 yard\u0131mc\u0131l\u0131\u011f\u0131 m\u00fcessesi ile adalet te\u015fkilat\u0131m\u0131z\u0131n insan kayna\u011f\u0131n\u0131n daha nitelikli yeti\u015fmesini sa\u011fl\u0131yoruz. Bir sonraki d\u00f6nemden itibaren bu a\u00e7\u0131l\u0131m\u0131 fiilen uygulamaya ba\u015flayaca\u011f\u0131z.&#8221;<\/span><br \/>\n<span style=\"font-family: arial, helvetica, sans-serif; font-size: 14px;\">At\u0131lan bu ad\u0131mlar\u0131n yans\u0131malar\u0131n\u0131n farkl\u0131 alanlarda g\u00f6r\u00fcld\u00fc\u011f\u00fcn\u00fcn alt\u0131n\u0131 \u00e7izen Cumhurba\u015fkan\u0131 Erdo\u011fan, &#8220;Adalet hizmetleri ile ilgili memnuniyet oranlar\u0131n\u0131n 2002\u2018ye g\u00f6re y\u00fckselmesini 21 y\u0131ll\u0131k eme\u011fimizin bo\u015fa gitmedi\u011finin bir delili olarak de\u011ferlendiriyoruz. 6 \u015eubat\u2019ta ya\u015fad\u0131\u011f\u0131m\u0131z deprem felaketi s\u0131ras\u0131nda adalet te\u015fkilat\u0131m\u0131z s\u00fcratle organize oldu. Vatanda\u015flar\u0131m\u0131z\u0131n ma\u011fdur olmamas\u0131 ve hak kayb\u0131na u\u011framamas\u0131 i\u00e7in mevzuat \u00e7al\u0131\u015fmalar\u0131 ger\u00e7ekle\u015ftirildi. B\u00f6lgede bine yak\u0131n hakim ve cumhuriyet savc\u0131s\u0131 ile yakla\u015f\u0131k 7 bin 500 personel g\u00f6revlendirildi. Deprem b\u00f6lgesinde fedakarca g\u00f6rev yapan hakim ve cumhuriyet savc\u0131m\u0131z ile personelimizi tebrik ediyorum. Depremde vefat eden 231 yarg\u0131 \u00e7al\u0131\u015fan\u0131m\u0131za rahmet, adalet camiam\u0131za ba\u015fsa\u011fl\u0131\u011f\u0131 diliyorum. Yap\u0131lanlar elbette \u00f6nemlidir ancak bizim nazar\u0131m\u0131zda yeterli de\u011fildir. T\u00fcrkiye&#8217;nin hedeflerine ula\u015fmas\u0131n\u0131n \u00f6n\u00fcndeki en b\u00fcy\u00fck engel darbe \u00fcr\u00fcn\u00fc mevcut anayasad\u0131r. Cumhuriyetimizin 100. y\u0131l\u0131n\u0131 darbe anayasas\u0131 ile kar\u015f\u0131lam\u0131\u015f olmay\u0131 a\u00e7\u0131k\u00e7as\u0131 i\u00e7imize sindiremiyoruz&#8221; ifadelerine yer verdi.<\/span><\/p>\n<p><strong><span style=\"font-family: arial, helvetica, sans-serif; font-size: 14px;\">&#8220;Milletimize verdi\u011fimiz ve tuttu\u011fumuz di\u011fer t\u00fcm s\u00f6zler gibi bu idealimizi de hayata ge\u00e7irece\u011fimize y\u00fcrekten inan\u0131yorum&#8221;<\/span><\/strong><br \/>\n<span style=\"font-family: arial, helvetica, sans-serif; font-size: 14px;\">&#8220;Yarg\u0131 alan\u0131nda 2002\u2019den beri y\u00fcr\u00fctt\u00fc\u011f\u00fcm\u00fcz zorlu m\u00fccadeleyi sivil, \u00f6zg\u00fcrl\u00fck\u00e7\u00fc ve ku\u015fat\u0131c\u0131 bir anayasa ile ta\u00e7land\u0131rmak istiyoruz&#8221; diyen Cumhurba\u015fkan\u0131 Erdo\u011fan, &#8220;28. Yasama d\u00f6neminde \u00f6nceliklerimizin en ba\u015f\u0131nda meclisimizin de takdiri ile T\u00fcrkiye\u2019yi darbe anayasas\u0131ndan kurtarmak vard\u0131r. Milletimize verdi\u011fimiz ve tuttu\u011fumuz di\u011fer t\u00fcm s\u00f6zler gibi bu idealimizi de hayata ge\u00e7irece\u011fimize y\u00fcrekten inan\u0131yorum. Her i\u015fte oldu\u011fu adaletin tecellisinde de as\u0131l olan insand\u0131r. \u0130nsan fakt\u00f6r\u00fcnde s\u0131k\u0131nt\u0131 varsa verdi\u011finiz m\u00fccadelenin, g\u00f6sterdi\u011finiz \u00e7aban\u0131n hedefine varmas\u0131 m\u00fcmk\u00fcn de\u011fildir. Bu ac\u0131 hakikate 17-25 Aral\u0131k giri\u015fiminde, ard\u0131ndan 15 Temmuz ihanetinde hep birlikte \u015fahit olduk. 17-25 Aral\u0131k te\u015febb\u00fcs\u00fcn\u00fcn gayesi me\u015fru h\u00fck\u00fcmeti yarg\u0131 emniyet darbesi ile ala\u015fa\u011f\u0131 etmekti. Bu ama\u00e7la yarg\u0131 ve emniyet birimlerimize s\u0131zd\u0131rd\u0131klar\u0131 militanlar\u0131 \u00fczerimize sald\u0131lar. Montaj oldu\u011fu se\u00e7im d\u00f6neminde bizzat itiraf edilen kasetlerle devletimizin en hassas kurumlar\u0131n\u0131 hedef ald\u0131lar. Akla, vidana, ahlaka ve hukuka asla s\u0131\u011fmayan uyduruk dosyalarla yarg\u0131m\u0131z\u0131 emellerine ula\u015fmak i\u00e7in bir ara\u00e7 olarak kulland\u0131lar&#8221; ifadelerini kulland\u0131.<\/span><br \/>\n<span style=\"font-family: arial, helvetica, sans-serif; font-size: 14px;\">17-25 Aral\u0131k giri\u015fiminin yarg\u0131 ve emniyet birimlerine verdi\u011fi zarar\u0131n 15 Temmuz ihanetinin orduya verdi\u011fi zararla ayn\u0131 oldu\u011funu ifade eden Erdo\u011fan, &#8220;Benim 2 korumam\u0131 \u015fehit ettiler. Ac\u0131mas\u0131zca e\u011fer bizi de yakalayabilselerdi bizi de \u015fehit edeceklerdi. Bizleri Rabbim f\u0131rsat vermedi yakalayamad\u0131lar. 10 binler Ye\u015filk\u00f6y Havaliman\u0131nda bizleri kar\u015f\u0131lad\u0131. Bay Bay Kemal\u2019de tanklar\u0131n aras\u0131ndan FET\u00d6\u2019c\u00fclerin koordinesinde Bak\u0131rk\u00f6y Belediyesi\u2019ne gidip orada kahvesini izleyerek bizi seyretti. Haberim olsa ben de orada olurdum diyor. Hayat\u0131 yalan b\u00f6yle bir derdi yok. Rabbim f\u0131rsat vermedikten sonra h\u00fck\u00fcm de\u011fi\u015fmiyor. Her iki menfur hadisede milletimizin g\u00fczide kurumlar\u0131 y\u0131pranm\u0131\u015f, yara alm\u0131\u015f, ciddi travmalar ya\u015fanm\u0131\u015ft\u0131r. Adalet te\u015fkilat\u0131m\u0131z\u0131n tekrar kendine gelmesi belli bir s\u00fcre alm\u0131\u015ft\u0131r. Ge\u00e7en hafta 7. y\u0131l d\u00f6n\u00fcm\u00fcn\u00fc geride b\u0131rakt\u0131\u011f\u0131m\u0131z 15 Temmuz toparlanma s\u00fcrecinde bir d\u00f6n\u00fcm noktas\u0131 olmu\u015ftur. Darbe te\u015febb\u00fcs\u00fcn\u00fcn ilk anlar\u0131ndan itibaren yarg\u0131 camiam\u0131z hemen g\u00f6revinin ba\u015f\u0131na ge\u00e7erek milletimize kar\u015f\u0131 sorumlulu\u011funu yerine getirmi\u015ftir&#8221; \u015feklinde konu\u015ftu.<\/span><\/p>\n<p><strong><span style=\"font-family: arial, helvetica, sans-serif; font-size: 14px;\">&#8220;Su uyur ama FET\u00d6&#8217;vari ter\u00f6r \u00f6rg\u00fctleri uyumaz&#8221;<\/span><\/strong><br \/>\n<span style=\"font-family: arial, helvetica, sans-serif; font-size: 14px;\">Darbeye kar\u0131\u015fanlar\u0131n ve FET\u00d6 mensuplar\u0131n\u0131n hak ettikleri cezalar\u0131 almas\u0131nda yarg\u0131n\u0131n g\u00f6revini yapman\u0131n gayretinde oldu\u011funu s\u00f6yleyen Erdo\u011fan, &#8220;Her ne kadar zaman zaman i\u00e7eriden \u00e7e\u015fitli sabotajlara maruz kalsa da FET\u00d6 yarg\u0131lanmalar\u0131 genel hatlar\u0131yla ba\u015far\u0131l\u0131 \u015fekilde y\u00fcr\u00fct\u00fclm\u00fc\u015ft\u00fcr. Burada tavr\u0131m\u0131z gayet nettir. Bir M\u00fcsl\u00fcman ayn\u0131 delikten iki defa \u0131s\u0131r\u0131lmaz. Su uyur ama FET\u00d6&#8217;vari ter\u00f6r \u00f6rg\u00fctleri uyumaz. K\u00f6k\u00fc d\u0131\u015far\u0131da bu yap\u0131lar\u0131n en k\u00fc\u00e7\u00fck bir rehaveti tekrar palazlanmak i\u00e7in f\u0131rsata \u00e7evirece\u011fini akl\u0131m\u0131zdan asla \u00e7\u0131karm\u0131yoruz. Son FET\u00d6\u2019c\u00fc hain de i\u015fledi\u011fi su\u00e7lar\u0131n cezas\u0131n\u0131 \u00f6demeden ne biz ne de devletimiz g\u00fcvende olacakt\u0131r. Geride b\u0131rakt\u0131\u011f\u0131m\u0131z se\u00e7imlerde zafiyet g\u00f6rd\u00fckleri anda neler yapabildiklerine hep birlikte \u015fahit olduk. Milletimize bir daha ne 17-25 Aral\u0131k tarz\u0131 giri\u015fimleri ne de 15 temmuz ihaneti gibi ac\u0131lar\u0131 tekrar ya\u015fatmamakta kararl\u0131y\u0131z&#8221; \u015feklinde konu\u015ftu.<\/span><\/p>\n<p><strong><span style=\"font-family: arial, helvetica, sans-serif; font-size: 14px;\">&#8220;Adaletin \u00f6l\u00e7\u00fcs\u00fc sosyal medyadaki tepkiler de\u011fil, kanundur, nizamd\u0131r, ma\u015feri vicdand\u0131r&#8221;<\/span><\/strong><br \/>\n<span style=\"font-family: arial, helvetica, sans-serif; font-size: 14px;\">FET\u00d6 ile m\u00fccadelenin artarak devam edece\u011fini alt\u0131n\u0131 \u00e7izen Erdo\u011fan, &#8220;Sizlerden g\u00f6rev yerlerinizde ve meslek hayat\u0131n\u0131zda bu konuda gereken hassasiyeti g\u00f6stermenizi \u00f6zellikle bekliyorum. Milletimizin ak\u0131l ve g\u00f6n\u00fcl d\u00fcnyas\u0131nda her meslek erbab\u0131n\u0131n mahareti ile ahlak\u0131 ayn\u0131 terazide tart\u0131l\u0131r ve \u00f6yle de\u011ferlendirilir. Fakat \u00f6yle meslekler vard\u0131r ki; hem kamu d\u00fczenini hem toplumsal bar\u0131\u015f\u0131 do\u011frudan etkilememesi sebebi \u00e7ok daha \u00f6zel bir konuma sahiptir. Tarihimize bakt\u0131\u011f\u0131m\u0131zda bu mesleklerin hakim, hekim, hakem oldu\u011funu g\u00f6r\u00fcrs\u00fcn\u00fcz. Bu \u00fc\u00e7 meslek gurubunun mesuliyetlerini yerine getirmemesini toplumda infiale devletin i\u015fleyi\u015finde ise ciddi aksamalara sebebiyet verir. Burada ya\u015fanacak s\u0131k\u0131nt\u0131lar dalga dalga yay\u0131l\u0131r. Sadece sosyal bar\u0131\u015f\u0131 dinamitlenmekle kalmaz. Devletin varl\u0131\u011f\u0131n\u0131n sorgulanmas\u0131na yol a\u00e7ar. Bu meslekleri deruhte edenlerin kariyeri vicdanlar\u0131, kazan\u00e7lar\u0131 itibarlar\u0131ndad\u0131r. Hizmetleri; milletin birli\u011fi, dirli\u011fi ve saadetindedir. Hedefleri hak ile hakikatin zedelenmesine mani olmakt\u0131r. Bizi biz yapan insan\u0131 insan yapan medeniyetimizi de\u011ferli ve ayr\u0131cal\u0131kl\u0131 k\u0131lan as\u0131l hasletler i\u015fte buradad\u0131r.<\/span><br \/>\n<span style=\"font-family: arial, helvetica, sans-serif; font-size: 14px;\">T\u00fcrk milleti ad\u0131na karar verecek kadar y\u00fcce bir makam\u0131n a\u011f\u0131rl\u0131\u011f\u0131n\u0131 y\u00fckleniyorsunuz. \u015eunu hi\u00e7bir zaman akl\u0131n\u0131zdan \u00e7\u0131karmay\u0131n. Hakimin, savc\u0131n\u0131n lisan\u0131 makul s\u00fcrede verece\u011fi adil ve hakkaniyetli kararlard\u0131r. Adalet hizmetlerinde yap\u0131lan hatan\u0131n bedeli bu d\u00fcnyada de\u011fil, ahirette de \u00e7ok a\u011f\u0131r olacakt\u0131r. Vazifenizi icra ederken hukukun \u00fcst\u00fcnl\u00fc\u011f\u00fc ilkesine ve masumiyet karinesine ne pahas\u0131na olursa olsun ba\u011fl\u0131 kalmaya imtina g\u00f6sterin. Sizlerden sadece akl\u0131n\u0131z\u0131, ahlak\u0131n\u0131z\u0131, vicdan\u0131n\u0131z\u0131 de\u011fil; devlet, millet ad\u0131na m\u00fcessesenizi de koruman\u0131z\u0131 bekliyorum. \u0130leti\u015fim ara\u00e7lar\u0131n\u0131n hayat\u0131m\u0131zda giderek daha fazla yer i\u015f hal etti\u011fi g\u00fcn\u00fcm\u00fczde sosyal medyada c\u00fcbbe giyip ahkam kesenler asla bizim referans\u0131m\u0131z olamaz. Adaletin \u00f6l\u00e7\u00fcs\u00fc sosyal medyadaki tepkiler de\u011fil, kanundur, nizamd\u0131r, ma\u015feri vicdand\u0131r. Daha ileri gidiyorum hukuktur. Hukuk kanunun \u00e7ok \u00e7ok \u00f6tesindedir. O hakk\u0131 koruma alt\u0131na al\u0131yor&#8221; a\u00e7\u0131klamas\u0131n\u0131 yapt\u0131.<\/span><\/p>\n","protected":false},"excerpt":{"rendered":"<p>Cumhurba\u015fkan\u0131 Recep Tayyip Erdo\u011fan, &#8220;Yarg\u0131 alan\u0131nda 2002\u2019den beri y\u00fcr\u00fctt\u00fc\u011f\u00fcm\u00fcz zorlu m\u00fccadeleyi, sivil bir anayasayla ta\u00e7land\u0131rmak istiyoruz. 28. Yasama d\u00f6neminde \u00f6nceliklerimizin<\/p>\n","protected":false},"author":3,"featured_media":12864,"comment_status":"open","ping_status":"open","sticky":false,"template":"","format":"standard","meta":{"colormag_page_container_layout":"default_layout","colormag_page_sidebar_layout":"default_layout","footnotes":""},"categories":[1,5,8],"tags":[],"class_list":["post-12862","post","type-post","status-publish","format-standard","has-post-thumbnail","hentry","category-genel","category-gundem","category-siyaset"],"_links":{"self":[{"href":"https:\/\/marmarayerelhizmet.com\/index.php\/wp-json\/wp\/v2\/posts\/12862","targetHints":{"allow":["GET"]}}],"collection":[{"href":"https:\/\/marmarayerelhizmet.com\/index.php\/wp-json\/wp\/v2\/posts"}],"about":[{"href":"https:\/\/marmarayerelhizmet.com\/index.php\/wp-json\/wp\/v2\/types\/post"}],"author":[{"embeddable":true,"href":"https:\/\/marmarayerelhizmet.com\/index.php\/wp-json\/wp\/v2\/users\/3"}],"replies":[{"embeddable":true,"href":"https:\/\/marmarayerelhizmet.com\/index.php\/wp-json\/wp\/v2\/comments?post=12862"}],"version-history":[{"count":0,"href":"https:\/\/marmarayerelhizmet.com\/index.php\/wp-json\/wp\/v2\/posts\/12862\/revisions"}],"wp:featuredmedia":[{"embeddable":true,"href":"https:\/\/marmarayerelhizmet.com\/index.php\/wp-json\/wp\/v2\/media\/12864"}],"wp:attachment":[{"href":"https:\/\/marmarayerelhizmet.com\/index.php\/wp-json\/wp\/v2\/media?parent=12862"}],"wp:term":[{"taxonomy":"category","embeddable":true,"href":"https:\/\/marmarayerelhizmet.com\/index.php\/wp-json\/wp\/v2\/categories?post=12862"},{"taxonomy":"post_tag","embeddable":true,"href":"https:\/\/marmarayerelhizmet.com\/index.php\/wp-json\/wp\/v2\/tags?post=12862"}],"curies":[{"name":"wp","href":"https:\/\/api.w.org\/{rel}","templated":true}]}}