{"id":12858,"date":"2023-07-25T23:44:33","date_gmt":"2023-07-25T20:44:33","guid":{"rendered":"https:\/\/marmarayerelhizmet.com\/?p=12858"},"modified":"2023-07-25T23:44:33","modified_gmt":"2023-07-25T20:44:33","slug":"yangin-sondurme-ucagi-dustu","status":"publish","type":"post","link":"https:\/\/marmarayerelhizmet.com\/index.php\/2023\/07\/25\/yangin-sondurme-ucagi-dustu\/","title":{"rendered":"Yang\u0131n S\u00f6nd\u00fcrme U\u00e7a\u011f\u0131 D\u00fc\u015ft\u00fc"},"content":{"rendered":"<p><strong><span style=\"font-family: arial, helvetica, sans-serif; font-size: 14px;\">Yunanistan\u2019\u0131n E\u011friboz Adas\u0131\u2019nda yang\u0131na m\u00fcdahale s\u0131ras\u0131nda d\u00fc\u015fen yang\u0131n s\u00f6nd\u00fcrme u\u00e7a\u011f\u0131ndaki 2 pilot hayat\u0131n\u0131 kaybetti. Yunanistan Silahl\u0131 Kuvvetleri\u2019nde \u00f6len pilotlar i\u00e7in 3 g\u00fcnl\u00fck yas ilan edildi.<\/span><\/strong><\/p>\n<p><span style=\"font-family: arial, helvetica, sans-serif; font-size: 14px;\">E\u011friboz Adas\u0131\u2019ndaki orman yang\u0131n\u0131na m\u00fcdahale s\u0131ras\u0131nda Platanisto k\u00f6y\u00fc yak\u0131nlar\u0131nda d\u00fc\u015fen yang\u0131n s\u00f6nd\u00fcrme u\u00e7a\u011f\u0131ndaki 2 pilotun hayat\u0131n\u0131 kaybetti\u011fi Yunanistan Savunma Bakanl\u0131\u011f\u0131 taraf\u0131ndan do\u011fruland\u0131. Bakanl\u0131k, hayat\u0131n\u0131 kaybeden pilotlar\u0131n 34 ya\u015f\u0131ndaki Christos Moulas ve 27 ya\u015f\u0131ndaki Pericles Stefanidis oldu\u011funu aktararak, Yunanistan Silahl\u0131 Kuvvetleri\u2019nde \u00f6len pilotlar i\u00e7in 3 g\u00fcnl\u00fck yas ilan edildi\u011fini duyurdu.<\/span><br \/>\n<span style=\"font-family: arial, helvetica, sans-serif; font-size: 14px;\">Yunanistan Savunma Bakan\u0131 Nikos Dendias yapt\u0131\u011f\u0131 a\u00e7\u0131klamada, \u00f6len pilotlar\u0131n ailelerine ba\u015f sa\u011fl\u0131\u011f\u0131 diledi.<\/span><\/p>\n","protected":false},"excerpt":{"rendered":"<p>Yunanistan\u2019\u0131n E\u011friboz Adas\u0131\u2019nda yang\u0131na m\u00fcdahale s\u0131ras\u0131nda d\u00fc\u015fen yang\u0131n s\u00f6nd\u00fcrme u\u00e7a\u011f\u0131ndaki 2 pilot hayat\u0131n\u0131 kaybetti. Yunanistan Silahl\u0131 Kuvvetleri\u2019nde \u00f6len pilotlar i\u00e7in<\/p>\n","protected":false},"author":3,"featured_media":12860,"comment_status":"open","ping_status":"open","sticky":false,"template":"","format":"standard","meta":{"colormag_page_container_layout":"default_layout","colormag_page_sidebar_layout":"default_layout","footnotes":""},"categories":[1,5],"tags":[],"class_list":["post-12858","post","type-post","status-publish","format-standard","has-post-thumbnail","hentry","category-genel","category-gundem"],"_links":{"self":[{"href":"https:\/\/marmarayerelhizmet.com\/index.php\/wp-json\/wp\/v2\/posts\/12858","targetHints":{"allow":["GET"]}}],"collection":[{"href":"https:\/\/marmarayerelhizmet.com\/index.php\/wp-json\/wp\/v2\/posts"}],"about":[{"href":"https:\/\/marmarayerelhizmet.com\/index.php\/wp-json\/wp\/v2\/types\/post"}],"author":[{"embeddable":true,"href":"https:\/\/marmarayerelhizmet.com\/index.php\/wp-json\/wp\/v2\/users\/3"}],"replies":[{"embeddable":true,"href":"https:\/\/marmarayerelhizmet.com\/index.php\/wp-json\/wp\/v2\/comments?post=12858"}],"version-history":[{"count":0,"href":"https:\/\/marmarayerelhizmet.com\/index.php\/wp-json\/wp\/v2\/posts\/12858\/revisions"}],"wp:featuredmedia":[{"embeddable":true,"href":"https:\/\/marmarayerelhizmet.com\/index.php\/wp-json\/wp\/v2\/media\/12860"}],"wp:attachment":[{"href":"https:\/\/marmarayerelhizmet.com\/index.php\/wp-json\/wp\/v2\/media?parent=12858"}],"wp:term":[{"taxonomy":"category","embeddable":true,"href":"https:\/\/marmarayerelhizmet.com\/index.php\/wp-json\/wp\/v2\/categories?post=12858"},{"taxonomy":"post_tag","embeddable":true,"href":"https:\/\/marmarayerelhizmet.com\/index.php\/wp-json\/wp\/v2\/tags?post=12858"}],"curies":[{"name":"wp","href":"https:\/\/api.w.org\/{rel}","templated":true}]}}