{"id":12849,"date":"2023-07-25T21:09:58","date_gmt":"2023-07-25T18:09:58","guid":{"rendered":"https:\/\/marmarayerelhizmet.com\/?p=12849"},"modified":"2023-07-25T21:09:58","modified_gmt":"2023-07-25T18:09:58","slug":"dolmabahcede-mehteran-coskusu","status":"publish","type":"post","link":"https:\/\/marmarayerelhizmet.com\/index.php\/2023\/07\/25\/dolmabahcede-mehteran-coskusu\/","title":{"rendered":"Dolmabah\u00e7e&#8217;de Mehteran Co\u015fkusu"},"content":{"rendered":"<p><strong><span style=\"font-family: arial, helvetica, sans-serif; font-size: 14px;\">Milli Saraylar Ba\u015fkanl\u0131\u011f\u0131 taraf\u0131ndan ger\u00e7ekle\u015ftirilen yaz d\u00f6nemi mehter g\u00f6sterileri Dolmabah\u00e7e Saray\u0131&#8217;nda ba\u015flad\u0131. Ziyaret\u00e7ilerin yo\u011fun ilgi g\u00f6sterdi\u011fi g\u00f6sterilerin 13 Eyl\u00fcl\u2019e kadar devam edece\u011fi \u00f6\u011frenildi.<br \/>\n<\/span><\/strong><br \/>\n<span style=\"font-family: arial, helvetica, sans-serif; font-size: 14px;\">Milli Saraylar Ba\u015fkanl\u0131\u011f\u0131 taraf\u0131ndan gelenek haline getirilen yaz d\u00f6nemi mehter g\u00f6sterileri bug\u00fcn Dolmabah\u00e7e Saray\u0131&#8217;nda bulunan Hazine Kap\u0131s\u0131 \u00f6n\u00fcnde ba\u015flad\u0131. Mehteran ekiplerinin g\u00f6sterilerinde, Plevne Mar\u015f\u0131, Tekbir ve Cenk Mar\u015f\u0131, Mehterhane-i Hakan\u00ee Mar\u015f\u0131, Ordu Mar\u015f\u0131 (Ceddin Deden) ve H\u00fccum Mar\u015f\u0131 gibi haf\u0131zalara kaz\u0131nm\u0131\u015f tarihi mar\u015f eserler sergilendi. G\u00f6sterilere yerli ve yabanc\u0131 turistlerle, vatanda\u015flar\u0131n ilgisinin yo\u011fun oldu\u011fu g\u00f6r\u00fcld\u00fc. G\u00f6steriyi izleyenler, mehteran ekibini cep telefonu kameralar\u0131yla kayda alarak bu anlar\u0131 \u00f6l\u00fcms\u00fczle\u015ftirdi.<\/span><\/p>\n<p><strong><span style=\"font-family: arial, helvetica, sans-serif; font-size: 14px;\">\u201cZiyaret\u00e7ilerimizin ilgisi \u00e7ok yo\u011fun\u201d<\/span><\/strong><br \/>\n<span style=\"font-family: arial, helvetica, sans-serif; font-size: 14px;\">Etkinlik hakk\u0131nda bilgi veren Milli Saraylar Ba\u015fkanl\u0131\u011f\u0131 M\u00fczecilik ve Tan\u0131t\u0131m Dairesi Ba\u015fkan\u0131 G\u00fcller Karah\u00fcseyin, \u201cMilli Saraylar Ba\u015fkanl\u0131\u011f\u0131 Saraylar\u0131m\u0131zda geleneksel hale gelmi\u015f olan Milli Savunma Bakanl\u0131\u011f\u0131 Mehteran Birli\u011fi\u2019nin g\u00f6sterilerini bug\u00fcn itibar\u0131yla yeniden ba\u015flatt\u0131. Bu g\u00f6steriler sal\u0131 g\u00fcnleri saat 11.00\u2019de Dolmabah\u00e7e Saray\u0131 Hazine Kap\u0131s\u0131 \u00f6n\u00fcnde, \u00e7ar\u015famba g\u00fcnleri de yine saat 11.00\u2019de Topkap\u0131 Saray\u0131nda Bab\u00fcssaade \u00f6n\u00fcnde yap\u0131lacak. Mehteran Birlikleri tarihi 11. Y\u00fczy\u0131la kadar inen bir birlik. T\u00fcrk ordular\u0131n\u0131n muharebe meydanlar\u0131nda co\u015fkusunu art\u0131rarak zaferler kazanmas\u0131nda etkili bir birlik. \u015eu anda da Mehteran Birlikleri, o d\u00f6nemdeki asl\u0131na uygun kost\u00fcmleri ve enstr\u00fcmanlar\u0131yla g\u00f6sterilerine devam ediyorlar. Mehteran Birli\u011findeki ki\u015filerin hepsi profesyonel m\u00fczik e\u011fitimi alm\u0131\u015f ki\u015filerdir. \u0130lgi \u00e7ok yo\u011fun, her zaman oldu\u011fu gibi. Ge\u00e7mi\u015f y\u0131llarda da \u00f6yleydi, bundan sonra muhakkak daha fazla olacakt\u0131r. Hem yerli ziyaret\u00e7ilerimizin ilgisi \u00e7ok yo\u011fun, hem de yabanc\u0131 ziyaret\u00e7ilerimizin de ayn\u0131 co\u015fkudan nasibini ald\u0131\u011f\u0131n\u0131 g\u00f6r\u00fcyoruz. Onlar da \u00e7ok yo\u011fun bir \u015fekilde ilgi g\u00f6steriyorlar\u201d dedi.<\/span><\/p>\n<p><strong><span style=\"font-family: arial, helvetica, sans-serif; font-size: 14px;\">13 Eyl\u00fcl\u2019e kadar \u00fccretsiz bir \u015fekilde izlenebilecek<\/span><\/strong><br \/>\n<span style=\"font-family: arial, helvetica, sans-serif; font-size: 14px;\">Milli Savunma Bakanl\u0131\u011f\u0131 Mehteran Birli\u011fi ekiplerinin 13 Eyl\u00fcl\u2019e kadar her sal\u0131 Dolmabah\u00e7e Saray\u0131\u2019nda ve her \u00e7ar\u015famba Topkap\u0131 Saray\u0131\u2019nda g\u00f6steri d\u00fczenleyece\u011fi, g\u00f6sterilerin \u00fccretsiz bir \u015fekilde izlenebilece\u011fi \u00f6\u011frenildi.<\/span><\/p>\n","protected":false},"excerpt":{"rendered":"<p>Milli Saraylar Ba\u015fkanl\u0131\u011f\u0131 taraf\u0131ndan ger\u00e7ekle\u015ftirilen yaz d\u00f6nemi mehter g\u00f6sterileri Dolmabah\u00e7e Saray\u0131&#8217;nda ba\u015flad\u0131. Ziyaret\u00e7ilerin yo\u011fun ilgi g\u00f6sterdi\u011fi g\u00f6sterilerin 13 Eyl\u00fcl\u2019e kadar<\/p>\n","protected":false},"author":3,"featured_media":12851,"comment_status":"open","ping_status":"open","sticky":false,"template":"","format":"standard","meta":{"colormag_page_container_layout":"default_layout","colormag_page_sidebar_layout":"default_layout","footnotes":""},"categories":[1,5],"tags":[],"class_list":["post-12849","post","type-post","status-publish","format-standard","has-post-thumbnail","hentry","category-genel","category-gundem"],"_links":{"self":[{"href":"https:\/\/marmarayerelhizmet.com\/index.php\/wp-json\/wp\/v2\/posts\/12849","targetHints":{"allow":["GET"]}}],"collection":[{"href":"https:\/\/marmarayerelhizmet.com\/index.php\/wp-json\/wp\/v2\/posts"}],"about":[{"href":"https:\/\/marmarayerelhizmet.com\/index.php\/wp-json\/wp\/v2\/types\/post"}],"author":[{"embeddable":true,"href":"https:\/\/marmarayerelhizmet.com\/index.php\/wp-json\/wp\/v2\/users\/3"}],"replies":[{"embeddable":true,"href":"https:\/\/marmarayerelhizmet.com\/index.php\/wp-json\/wp\/v2\/comments?post=12849"}],"version-history":[{"count":0,"href":"https:\/\/marmarayerelhizmet.com\/index.php\/wp-json\/wp\/v2\/posts\/12849\/revisions"}],"wp:featuredmedia":[{"embeddable":true,"href":"https:\/\/marmarayerelhizmet.com\/index.php\/wp-json\/wp\/v2\/media\/12851"}],"wp:attachment":[{"href":"https:\/\/marmarayerelhizmet.com\/index.php\/wp-json\/wp\/v2\/media?parent=12849"}],"wp:term":[{"taxonomy":"category","embeddable":true,"href":"https:\/\/marmarayerelhizmet.com\/index.php\/wp-json\/wp\/v2\/categories?post=12849"},{"taxonomy":"post_tag","embeddable":true,"href":"https:\/\/marmarayerelhizmet.com\/index.php\/wp-json\/wp\/v2\/tags?post=12849"}],"curies":[{"name":"wp","href":"https:\/\/api.w.org\/{rel}","templated":true}]}}