{"id":12845,"date":"2023-07-25T20:06:58","date_gmt":"2023-07-25T17:06:58","guid":{"rendered":"https:\/\/marmarayerelhizmet.com\/?p=12845"},"modified":"2023-07-25T21:08:35","modified_gmt":"2023-07-25T18:08:35","slug":"ciftcilere-hibe-destegi","status":"publish","type":"post","link":"https:\/\/marmarayerelhizmet.com\/index.php\/2023\/07\/25\/ciftcilere-hibe-destegi\/","title":{"rendered":"\u00c7ift\u00e7ilere Hibe Deste\u011fi"},"content":{"rendered":"<p><strong><span style=\"font-family: arial, helvetica, sans-serif; font-size: 14px;\">Kocaeli B\u00fcy\u00fck\u015fehir Belediyesi, ya\u015fanan sel felaketinde toplam 3 milyon metrekare tarlan\u0131n zarar g\u00f6rmesi \u00fczerine \u00e7ift\u00e7ilere y\u00fczde y\u00fcz hibe yem bitkisi tohumu ve g\u00fcbre deste\u011fi verilece\u011fini a\u00e7\u0131klad\u0131.<br \/>\n<\/span><\/strong><br \/>\n<span style=\"font-family: arial, helvetica, sans-serif; font-size: 14px;\">Kocaeli B\u00fcy\u00fck\u015fehir Belediye Ba\u015fkan\u0131 Tahir B\u00fcy\u00fckak\u0131n, k\u0131rsal kalk\u0131nman\u0131n desteklenmesi ve tar\u0131msal \u00fcretimin kesintisiz devam etmesi i\u00e7in hayata ge\u00e7irdi\u011fi \u00e7ok say\u0131da projeyle \u00e7ift\u00e7inin y\u00fcz\u00fcn\u00fc g\u00fcld\u00fcr\u00fcyor. \u00dcreticilere tamam\u0131 hibe mazot, y\u00fczde 50 hibe yem bitkisi tohumu, g\u00fcbre, meyve fidan\u0131, modern sera ve tar\u0131msal ekipman ba\u015fta olmak \u00fczere \u00e7ok say\u0131da katk\u0131 sa\u011flayan b\u00fcy\u00fck\u015fehir belediyesi, \u00fcreticilerin yan\u0131nda olmaya devam ediyor. Kocaeli B\u00fcy\u00fck\u015fehir Belediyesi, ge\u00e7ti\u011fimiz g\u00fcnlerde a\u015f\u0131r\u0131 ya\u011f\u0131\u015flar sebebiyle meydana gelen selde tarladaki \u00fcr\u00fcnleri zarar g\u00f6ren \u00fcreticileri de unutmad\u0131. Ba\u015fkan B\u00fcy\u00fckak\u0131n, selden zarar g\u00f6ren \u00e7ift\u00e7ilere yap\u0131lacak deste\u011fi, sosyal medya hesab\u0131ndan duyurdu. B\u00fcy\u00fck\u015fehir olarak her zaman \u00e7ift\u00e7ilerin yan\u0131nda olduklar\u0131n\u0131 ifade eden Ba\u015fkan B\u00fcy\u00fckak\u0131n, \u0130l Tar\u0131m ve Orman M\u00fcd\u00fcrl\u00fc\u011f\u00fcnce haz\u0131rlanan hasar tespit tutana\u011f\u0131n\u0131 beyan eden \u00e7ift\u00e7ilere, tamam\u0131 hibe yem bitkisi tohumu ve organomineral taban g\u00fcbresi deste\u011fi sa\u011flayacaklar\u0131n\u0131 bildirdi.<\/span><\/p>\n<p><strong><span style=\"font-family: arial, helvetica, sans-serif; font-size: 14px;\">3 milyon metrekare tarla selden zarar g\u00f6rd\u00fc<\/span><\/strong><br \/>\n<span style=\"font-family: arial, helvetica, sans-serif; font-size: 14px;\">Muhtarl\u0131k \u0130\u015fleri Dairesi Tar\u0131msal Hizmetler \u015eube M\u00fcd\u00fcrl\u00fc\u011f\u00fc ekipleri, tarlalar\u0131 hasar g\u00f6ren \u00e7ift\u00e7ilerin talep etmeleri halinde, \u00fcr\u00fcnlerini bulunduklar\u0131 b\u00f6lgelere g\u00f6t\u00fcrerek teslim edecek. Hasar tespit tutana\u011f\u0131n\u0131 ibraz eden \u00e7ift\u00e7ilere, tamam\u0131 hibe g\u00fcbre ve yem bitkisi tohumunun da\u011f\u0131t\u0131m\u0131na \u00f6n\u00fcm\u00fczdeki g\u00fcnlerde ba\u015flanaca\u011f\u0131 bildirildi. Kocaeli \u0130l Tar\u0131m ve Orman M\u00fcd\u00fcrl\u00fc\u011f\u00fcnce yap\u0131lan tespitlere g\u00f6re, il genelinde \u00e7e\u015fitli sebze, m\u0131s\u0131r, f\u0131nd\u0131k, arpa ve bu\u011fday\u0131n ekili oldu\u011fu yakla\u015f\u0131k 3 milyon metrekare tarla selden zarar g\u00f6rd\u00fc.<\/span><\/p>\n","protected":false},"excerpt":{"rendered":"<p>Kocaeli B\u00fcy\u00fck\u015fehir Belediyesi, ya\u015fanan sel felaketinde toplam 3 milyon metrekare tarlan\u0131n zarar g\u00f6rmesi \u00fczerine \u00e7ift\u00e7ilere y\u00fczde y\u00fcz hibe yem bitkisi<\/p>\n","protected":false},"author":3,"featured_media":12847,"comment_status":"open","ping_status":"open","sticky":false,"template":"","format":"standard","meta":{"colormag_page_container_layout":"default_layout","colormag_page_sidebar_layout":"default_layout","footnotes":""},"categories":[3,1,5,8],"tags":[],"class_list":["post-12845","post","type-post","status-publish","format-standard","has-post-thumbnail","hentry","category-ekonomi","category-genel","category-gundem","category-siyaset"],"_links":{"self":[{"href":"https:\/\/marmarayerelhizmet.com\/index.php\/wp-json\/wp\/v2\/posts\/12845","targetHints":{"allow":["GET"]}}],"collection":[{"href":"https:\/\/marmarayerelhizmet.com\/index.php\/wp-json\/wp\/v2\/posts"}],"about":[{"href":"https:\/\/marmarayerelhizmet.com\/index.php\/wp-json\/wp\/v2\/types\/post"}],"author":[{"embeddable":true,"href":"https:\/\/marmarayerelhizmet.com\/index.php\/wp-json\/wp\/v2\/users\/3"}],"replies":[{"embeddable":true,"href":"https:\/\/marmarayerelhizmet.com\/index.php\/wp-json\/wp\/v2\/comments?post=12845"}],"version-history":[{"count":0,"href":"https:\/\/marmarayerelhizmet.com\/index.php\/wp-json\/wp\/v2\/posts\/12845\/revisions"}],"wp:featuredmedia":[{"embeddable":true,"href":"https:\/\/marmarayerelhizmet.com\/index.php\/wp-json\/wp\/v2\/media\/12847"}],"wp:attachment":[{"href":"https:\/\/marmarayerelhizmet.com\/index.php\/wp-json\/wp\/v2\/media?parent=12845"}],"wp:term":[{"taxonomy":"category","embeddable":true,"href":"https:\/\/marmarayerelhizmet.com\/index.php\/wp-json\/wp\/v2\/categories?post=12845"},{"taxonomy":"post_tag","embeddable":true,"href":"https:\/\/marmarayerelhizmet.com\/index.php\/wp-json\/wp\/v2\/tags?post=12845"}],"curies":[{"name":"wp","href":"https:\/\/api.w.org\/{rel}","templated":true}]}}