{"id":12841,"date":"2023-07-25T20:40:16","date_gmt":"2023-07-25T17:40:16","guid":{"rendered":"https:\/\/marmarayerelhizmet.com\/?p=12841"},"modified":"2023-07-25T21:06:46","modified_gmt":"2023-07-25T18:06:46","slug":"tercih-doneminin-nabzini-tutuyor","status":"publish","type":"post","link":"https:\/\/marmarayerelhizmet.com\/index.php\/2023\/07\/25\/tercih-doneminin-nabzini-tutuyor\/","title":{"rendered":"Tercih D\u00f6neminin Nabz\u0131n\u0131 Tutuyor"},"content":{"rendered":"<p><strong><span style=\"font-family: arial, helvetica, sans-serif; font-size: 14px;\">Anadolu \u00dcniversitesi, \u00fcniversitenin t\u00fcm e\u011fitim-\u00f6\u011fretim imkanlar\u0131n\u0131 tan\u0131tmak, Eski\u015fehir ve kamp\u00fcs ya\u015fam\u0131 ile \u00f6rg\u00fcn ve uzaktan \u00f6\u011fretimdeki b\u00f6l\u00fcmler hakk\u0131nda bilgi vermek, \u0130kinci \u00dcniversite, uzaktan y\u00fcksek lisans ve e-sertifika programlar\u0131 hakk\u0131nda meraklar\u0131 gidermek \u00fczere tercih s\u00fcreci boyunca \u00f6\u011frenci adaylar\u0131n\u0131n yan\u0131nda olmaya devam ediyor.<br \/>\n<\/span><\/strong><br \/>\n<span style=\"font-family: arial, helvetica, sans-serif; font-size: 14px;\">Bu kapsamda Anadolu \u00dcniversitesi taraf\u0131ndan 2023 y\u0131l\u0131n\u0131n ilk 7 ay\u0131nda 48 farkl\u0131 e\u011fitim fuar\u0131nda \u00f6\u011frenci adaylar\u0131, \u00f6\u011fretmenler ve velilere \u00fcniversite hizmetleri hakk\u0131nda detayl\u0131 bilgi verildi. Eket Fuarc\u0131l\u0131k taraf\u0131ndan 21-23 Temmuz tarihlerinde tarihlerinde \u0130stanbul Kongre Merkezi\u2019nde ve 22-23 Temmuz tarihlerinde \u0130stanbul Bostanc\u0131 Green Park Oteli\u2019nde ger\u00e7ekle\u015ftirilen E\u011fitim Tercih G\u00fcnlerinde Anadolu \u00dcniversitesi stand\u0131na yo\u011fun ilgi g\u00f6sterildi.<\/span><br \/>\n<span style=\"font-family: arial, helvetica, sans-serif; font-size: 14px;\">\u0130stanbul Tan\u0131t\u0131m Ofisi taraf\u0131ndan koordine edilen fuarlarda, ziyaret\u00e7ilere \u00f6rg\u00fcn ve A\u00e7\u0131k\u00f6\u011fretim b\u00f6l\u00fcm ve programlar\u0131 hakk\u0131nda bilgiler verilirken \u00fcniversitenin uluslararas\u0131 e\u011fitim, kamp\u00fcste ya\u015fam, \u00f6\u011frenci kul\u00fcpleri ve mezuniyet ko\u015fullar\u0131 hakk\u0131nda sorular\u0131 da yan\u0131tland\u0131.<\/span><\/p>\n<p><strong><span style=\"font-family: arial, helvetica, sans-serif; font-size: 14px;\">Anadolu \u00dcniversitesi \u0130stanbul Tercih ve Dan\u0131\u015fma G\u00fcnleri Ba\u015fl\u0131yor<\/span><\/strong><br \/>\n<span style=\"font-family: arial, helvetica, sans-serif; font-size: 14px;\">Anadolu \u00dcniversitesi\u2019nin Asmal\u0131 Mescit Mah G\u00f6n\u00fcl Sok No:5\u00a0Beyo\u011flu\u00a0adresinde bulunan \u0130stanbul Tan\u0131t\u0131m Ofisi binas\u0131nda 2-4 A\u011fustos tarihleri aras\u0131nda Anadolu \u00dcniversitesi \u0130stanbul Tercih ve Dan\u0131\u015fma G\u00fcnleri d\u00fczenleniyor. \u0130stanbul\u2019da bulunan ve Eski\u015fehir\u2019e gelebilme olana\u011f\u0131 olmayan t\u00fcm adaylar\u0131m\u0131za tan\u0131t\u0131m hizmeti verilecek olan etkinlikte; \u0130stanbul \u0130l Milli E\u011fitim M\u00fcd\u00fcrl\u00fc\u011f\u00fc,\u00a0Beyo\u011flu\u00a0Belediyesi ve \u0130stanbul B\u00fcy\u00fck\u015fehir\u00a0Belediyesi ile \u0130\u015eKUR\u00a0Beyo\u011flu\u00a0Hizmet Merkezi de etkinli\u011fe destek sa\u011flayacak.<\/span><br \/>\n<span style=\"font-family: arial, helvetica, sans-serif; font-size: 14px;\">Etkinlik s\u00fcresince tan\u0131t\u0131m filmleri, sunumlar ve da\u011f\u0131t\u0131m yap\u0131lacak tan\u0131t\u0131m materyalleri d\u0131\u015f\u0131nda, \u00fcniversite \u00f6\u011frenci adaylar\u0131na tercih dan\u0131\u015fmanl\u0131\u011f\u0131 hizmeti de sunulacak.<\/span><\/p>\n","protected":false},"excerpt":{"rendered":"<p>Anadolu \u00dcniversitesi, \u00fcniversitenin t\u00fcm e\u011fitim-\u00f6\u011fretim imkanlar\u0131n\u0131 tan\u0131tmak, Eski\u015fehir ve kamp\u00fcs ya\u015fam\u0131 ile \u00f6rg\u00fcn ve uzaktan \u00f6\u011fretimdeki b\u00f6l\u00fcmler hakk\u0131nda bilgi vermek,<\/p>\n","protected":false},"author":3,"featured_media":12843,"comment_status":"open","ping_status":"open","sticky":false,"template":"","format":"standard","meta":{"colormag_page_container_layout":"default_layout","colormag_page_sidebar_layout":"default_layout","footnotes":""},"categories":[45,1,5,8],"tags":[],"class_list":["post-12841","post","type-post","status-publish","format-standard","has-post-thumbnail","hentry","category-egitim","category-genel","category-gundem","category-siyaset"],"_links":{"self":[{"href":"https:\/\/marmarayerelhizmet.com\/index.php\/wp-json\/wp\/v2\/posts\/12841","targetHints":{"allow":["GET"]}}],"collection":[{"href":"https:\/\/marmarayerelhizmet.com\/index.php\/wp-json\/wp\/v2\/posts"}],"about":[{"href":"https:\/\/marmarayerelhizmet.com\/index.php\/wp-json\/wp\/v2\/types\/post"}],"author":[{"embeddable":true,"href":"https:\/\/marmarayerelhizmet.com\/index.php\/wp-json\/wp\/v2\/users\/3"}],"replies":[{"embeddable":true,"href":"https:\/\/marmarayerelhizmet.com\/index.php\/wp-json\/wp\/v2\/comments?post=12841"}],"version-history":[{"count":0,"href":"https:\/\/marmarayerelhizmet.com\/index.php\/wp-json\/wp\/v2\/posts\/12841\/revisions"}],"wp:featuredmedia":[{"embeddable":true,"href":"https:\/\/marmarayerelhizmet.com\/index.php\/wp-json\/wp\/v2\/media\/12843"}],"wp:attachment":[{"href":"https:\/\/marmarayerelhizmet.com\/index.php\/wp-json\/wp\/v2\/media?parent=12841"}],"wp:term":[{"taxonomy":"category","embeddable":true,"href":"https:\/\/marmarayerelhizmet.com\/index.php\/wp-json\/wp\/v2\/categories?post=12841"},{"taxonomy":"post_tag","embeddable":true,"href":"https:\/\/marmarayerelhizmet.com\/index.php\/wp-json\/wp\/v2\/tags?post=12841"}],"curies":[{"name":"wp","href":"https:\/\/api.w.org\/{rel}","templated":true}]}}