{"id":12837,"date":"2023-07-25T21:05:04","date_gmt":"2023-07-25T18:05:04","guid":{"rendered":"https:\/\/marmarayerelhizmet.com\/?p=12837"},"modified":"2023-07-25T21:05:04","modified_gmt":"2023-07-25T18:05:04","slug":"baskan-koken-arpacayda","status":"publish","type":"post","link":"https:\/\/marmarayerelhizmet.com\/index.php\/2023\/07\/25\/baskan-koken-arpacayda\/","title":{"rendered":"Ba\u015fkan K\u00f6ken Arpa\u00e7ay&#8217;da"},"content":{"rendered":"<p><strong><span style=\"font-family: arial, helvetica, sans-serif; font-size: 14px;\">Arpa\u00e7ay\u00a0Belediye\u00a0Ba\u015fkan\u0131 Er\u00e7etin Altay, bir tak\u0131m ziyaretlerde bulunmak \u00fczere Kars\u2019a gelen\u00a0Ey\u00fcpsultan\u00a0Belediye\u00a0Ba\u015fkan\u0131 Deniz K\u00f6ken\u2019i makam\u0131nda a\u011f\u0131rlad\u0131.<br \/>\n<\/span><\/strong><br \/>\n<span style=\"font-family: arial, helvetica, sans-serif; font-size: 14px;\">Kars\u2019ta bulunan\u00a0Ey\u00fcpsultan\u00a0Ba\u015fkan\u0131 Deniz K\u00f6ken ve beraberindeki\u00a0belediye\u00a0ba\u015fkan yard\u0131mc\u0131lar\u0131 ile\u00a0belediye\u00a0meclis \u00fcyeleri, makam\u0131nda a\u011f\u0131rlayan Altay, Arpa\u00e7ay\u00a0Belediye\u00a0ve il\u00e7e hakk\u0131nda Ba\u015fkan K\u00f6ken\u2019e bilgi verdi.<\/span><br \/>\n<span style=\"font-family: arial, helvetica, sans-serif; font-size: 14px;\">\u00c7aylar\u0131n i\u00e7ildi\u011fi ziyarette Arpa\u00e7ay konu\u015fuldu. Ba\u015fkan K\u00f6ken ve beraberindekiler \u00c7\u0131ld\u0131r G\u00f6l\u00fc K\u00fct\u00fck Ev\u2019i gezdi.\u00a0Belediye\u00a0Ba\u015fkanl\u0131\u011f\u0131 ziyaret etti. Ba\u015fkan Altay, misafirlerine \u00e7e\u015fitli hediyeler ve ziyaret an\u0131s\u0131na plaket verdi.<\/span><br \/>\n<span style=\"font-family: arial, helvetica, sans-serif; font-size: 14px;\">Ey\u00fcpsultan\u00a0Belediye\u00a0Ba\u015fkan\u0131 Deniz K\u00f6ken ve beraberindekiler daha sonra Arpa\u00e7ay\u2019dan ayr\u0131ld\u0131.<\/span><\/p>\n","protected":false},"excerpt":{"rendered":"<p>Arpa\u00e7ay\u00a0Belediye\u00a0Ba\u015fkan\u0131 Er\u00e7etin Altay, bir tak\u0131m ziyaretlerde bulunmak \u00fczere Kars\u2019a gelen\u00a0Ey\u00fcpsultan\u00a0Belediye\u00a0Ba\u015fkan\u0131 Deniz K\u00f6ken\u2019i makam\u0131nda a\u011f\u0131rlad\u0131. Kars\u2019ta bulunan\u00a0Ey\u00fcpsultan\u00a0Ba\u015fkan\u0131 Deniz K\u00f6ken ve beraberindeki\u00a0belediye\u00a0ba\u015fkan<\/p>\n","protected":false},"author":3,"featured_media":12839,"comment_status":"open","ping_status":"open","sticky":false,"template":"","format":"standard","meta":{"colormag_page_container_layout":"default_layout","colormag_page_sidebar_layout":"default_layout","footnotes":""},"categories":[1,5,8],"tags":[],"class_list":["post-12837","post","type-post","status-publish","format-standard","has-post-thumbnail","hentry","category-genel","category-gundem","category-siyaset"],"_links":{"self":[{"href":"https:\/\/marmarayerelhizmet.com\/index.php\/wp-json\/wp\/v2\/posts\/12837","targetHints":{"allow":["GET"]}}],"collection":[{"href":"https:\/\/marmarayerelhizmet.com\/index.php\/wp-json\/wp\/v2\/posts"}],"about":[{"href":"https:\/\/marmarayerelhizmet.com\/index.php\/wp-json\/wp\/v2\/types\/post"}],"author":[{"embeddable":true,"href":"https:\/\/marmarayerelhizmet.com\/index.php\/wp-json\/wp\/v2\/users\/3"}],"replies":[{"embeddable":true,"href":"https:\/\/marmarayerelhizmet.com\/index.php\/wp-json\/wp\/v2\/comments?post=12837"}],"version-history":[{"count":0,"href":"https:\/\/marmarayerelhizmet.com\/index.php\/wp-json\/wp\/v2\/posts\/12837\/revisions"}],"wp:featuredmedia":[{"embeddable":true,"href":"https:\/\/marmarayerelhizmet.com\/index.php\/wp-json\/wp\/v2\/media\/12839"}],"wp:attachment":[{"href":"https:\/\/marmarayerelhizmet.com\/index.php\/wp-json\/wp\/v2\/media?parent=12837"}],"wp:term":[{"taxonomy":"category","embeddable":true,"href":"https:\/\/marmarayerelhizmet.com\/index.php\/wp-json\/wp\/v2\/categories?post=12837"},{"taxonomy":"post_tag","embeddable":true,"href":"https:\/\/marmarayerelhizmet.com\/index.php\/wp-json\/wp\/v2\/tags?post=12837"}],"curies":[{"name":"wp","href":"https:\/\/api.w.org\/{rel}","templated":true}]}}