{"id":12833,"date":"2023-07-25T21:03:18","date_gmt":"2023-07-25T18:03:18","guid":{"rendered":"https:\/\/marmarayerelhizmet.com\/?p=12833"},"modified":"2023-07-25T21:03:18","modified_gmt":"2023-07-25T18:03:18","slug":"genclere-her-turlu-destegi-sagliyoruz","status":"publish","type":"post","link":"https:\/\/marmarayerelhizmet.com\/index.php\/2023\/07\/25\/genclere-her-turlu-destegi-sagliyoruz\/","title":{"rendered":"&#8216;Gen\u00e7lere Her T\u00fcrl\u00fc Deste\u011fi Sa\u011fl\u0131yoruz&#8217;"},"content":{"rendered":"<p><strong><span style=\"font-size: 14px; font-family: arial, helvetica, sans-serif;\">\u00dcniversite Tercih ve Tan\u0131t\u0131m G\u00fcnleri\u2019nde konu\u015fan Esenyurt\u00a0Belediye\u00a0Ba\u015fkan\u0131 Kemal Deniz Bozkurt, \u201cKaynaklar\u0131m\u0131z\u0131n \u00f6nemli bir b\u00f6l\u00fcm\u00fcn\u00fc gen\u00e7lerimizin hayata g\u00fc\u00e7l\u00fc tutunmalar\u0131 i\u00e7in harc\u0131yoruz. Gen\u00e7ler bizim gelece\u011fimiz. Onlara her t\u00fcrl\u00fc deste\u011fi sa\u011fl\u0131yoruz\u201d dedi.<br \/>\n<\/span><\/strong><br \/>\n<span style=\"font-size: 14px; font-family: arial, helvetica, sans-serif;\">YKS sonu\u00e7lar\u0131n\u0131n a\u00e7\u0131klanmas\u0131yla birlikte gen\u00e7leri tercih heyecan\u0131 sard\u0131. Kendileri i\u00e7in en do\u011fru \u00fcniversiteyi se\u00e7mek isteyen gen\u00e7ler, Esenyurt\u00a0Belediyesi\u2019nin d\u00fczenledi\u011fi \u00dcniversite Tercih ve Tan\u0131t\u0131m G\u00fcnleri\u2019ne yo\u011fun ilgi g\u00f6sterdi. Esenyurt K\u00fclt\u00fcr Merkezi\u2019nde d\u00fczenlenen tercih g\u00fcnlerine,\u00a0belediyenin rehber \u00f6\u011fretmenlerinin yan\u0131 s\u0131ra 15 \u00fcniversiteden g\u00f6revli personel kat\u0131ld\u0131. Tercih g\u00fcnlerine gelen gen\u00e7ler, rehber \u00f6\u011fretmenlerden istedikleri b\u00f6l\u00fcmlerle ilgili bilgi alarak, bir\u00e7ok \u00fcniversiteden gelen g\u00f6revlilerle de y\u00fcz y\u00fcze g\u00f6r\u00fc\u015fme f\u0131rsat\u0131 buldu. Hayata at\u0131lmalar\u0131nda \u00f6nemli bir ad\u0131m olan tercih d\u00f6neminde Esenyurt\u00a0Belediye\u00a0Ba\u015fkan\u0131 Kemal Deniz Bozkurt \u00f6\u011frencileri yaln\u0131z b\u0131rakmad\u0131. Tercih g\u00fcnlerine kat\u0131larak tek tek stantlar\u0131 gezen Ba\u015fkan Bozkurt, gen\u00e7lerle tecr\u00fcbe ve deneyimlerini payla\u015farak, sevdikleri b\u00f6l\u00fcmleri yazmalar\u0131 konusunda tavsiyelerde de bulundu.<\/span><\/p>\n<p><strong><span style=\"font-size: 14px; font-family: arial, helvetica, sans-serif;\">\u201cKaynaklar\u0131m\u0131z\u0131n \u00f6nemli bir b\u00f6l\u00fcm\u00fcn\u00fc gen\u00e7ler i\u00e7in harc\u0131yoruz\u201d<\/span><\/strong><br \/>\n<span style=\"font-size: 14px; font-family: arial, helvetica, sans-serif;\">Gen\u00e7lerin hayata tutunmalar\u0131 i\u00e7in her t\u00fcrl\u00fc deste\u011fi sa\u011flad\u0131klar\u0131n\u0131 s\u00f6yleyen Ba\u015fkan Bozkurt, \u201cGen\u00e7lerini iyi yeti\u015ftiren toplumlar, d\u00fcnyada rekabet g\u00fcc\u00fcn\u00fc koruyabilirler. Esenyurt T\u00fcrkiye\u2019nin en kalabal\u0131k il\u00e7esi. Ayn\u0131 zamanda da en \u00e7ok gencin ya\u015fad\u0131\u011f\u0131 da bir il\u00e7e. Bizler de g\u00f6reve geldi\u011fimizden beri kaynaklar\u0131m\u0131z\u0131n \u00f6nemli bir b\u00f6l\u00fcm\u00fcn\u00fc gen\u00e7lerimizin hayata g\u00fc\u00e7l\u00fc tutunmalar\u0131 i\u00e7in harc\u0131yoruz. Bu \u00e7al\u0131\u015fma da onlardan bir tanesi. Gen\u00e7lerimizi \u00fcniversite s\u0131nav\u0131na donan\u0131ml\u0131 bir \u015fekilde haz\u0131rlamak ve meslek tercihlerini do\u011fru yapmalar\u0131n\u0131 sa\u011flamak i\u00e7in \u00f6\u011fretmen arkada\u015flar\u0131m\u0131z bir y\u0131l boyunca e\u011fitim veriyor.\u201d dedi.<\/span><\/p>\n<p><strong><span style=\"font-size: 14px; font-family: arial, helvetica, sans-serif;\">\u201c\u00c7ok faydas\u0131 oldu\u201d<\/span><\/strong><br \/>\n<span style=\"font-size: 14px; font-family: arial, helvetica, sans-serif;\">Esenyurt\u00a0Belediyesi S\u00fcrekli E\u011fitim Merkezi\u2019nde ald\u0131\u011f\u0131 e\u011fitim ile istedi\u011fi ba\u015far\u0131y\u0131 yakalad\u0131\u011f\u0131n\u0131 belirten Ula\u015f Yal\u00e7\u0131n, \u201cHer g\u00fcn\u00a0belediyemizin k\u00fct\u00fcphanesinde ders \u00e7al\u0131\u015ft\u0131m. Bug\u00fcn burada hem tercih yap\u0131yoruz hem de birbirimizi tebrik ediyoruz. Merkezdeki hocalar\u0131m\u0131z, rehberlik ve dan\u0131\u015fmanl\u0131k konusunda bize \u00e7ok yard\u0131mc\u0131 oldular. Buran\u0131n bana \u00e7ok faydas\u0131 oldu. \u00d6\u011fretmenler bizi aya\u011fa kald\u0131rd\u0131 ve biz ko\u015fmad\u0131k, u\u00e7tuk\u201d diye konu\u015ftu.<\/span><\/p>\n<p><strong><span style=\"font-size: 14px; font-family: arial, helvetica, sans-serif;\">&#8220;Bu ba\u015far\u0131y\u0131 bana S\u00fcrekli E\u011fitim Merkezi kazand\u0131rd\u0131&#8221;<\/span><\/strong><br \/>\n<span style=\"font-size: 14px; font-family: arial, helvetica, sans-serif;\">En uygun \u00fcniversiteyi se\u00e7ebilmek i\u00e7in tercih g\u00fcnlerine kat\u0131lan Ali Kadir Say\u0131n, \u201cBilgisayar m\u00fchendisli\u011fi istiyorum. Ben merkeze d\u00f6nemin ba\u015f\u0131nda ba\u015flam\u0131\u015ft\u0131m. Gidilmesi gereken bir yer oldu\u011funu d\u00fc\u015f\u00fcn\u00fcyorum. Bir s\u00fcr\u00fc imk\u00e2n\u0131 olan bir yer. Ger\u00e7ekten hedefleri olan ve kendini geli\u015ftirmek isteyen gen\u00e7lerin gelmeleri gerekti\u011fini d\u00fc\u015f\u00fcn\u00fcyorum. G\u00fczel ve d\u00fczenli bir kurum. Bu ba\u015far\u0131y\u0131 bana S\u00fcrekli E\u011fitim Merkezi kazand\u0131rd\u0131. Bu konuda Esenyurt\u00a0Belediyesi\u2019ne te\u015fekk\u00fcr ediyorum\u201d diye d\u00fc\u015f\u00fcncelerini belirtirken, Melek Buse Ece ise \u015f\u00f6yle konu\u015ftu: \u201cZorlu bir s\u00fcre\u00e7ti ama hocalar\u0131m\u0131z ellerinden geldik\u00e7e bu zorluklar\u0131 hafiflettiler. Her anlamda desteklerini hi\u00e7 \u00fczerimizden \u00e7ekmediler. T\u0131p Fak\u00fcltesi i\u00e7in haz\u0131rland\u0131m ve onu elde edecek puan\u0131 kazand\u0131m. \u00c7ok mutluyum.\u201d ifadelerini kulland\u0131.<\/span><br \/>\n<span style=\"font-size: 14px; font-family: arial, helvetica, sans-serif;\">YKS\u2019ye giren \u00f6\u011frencilerin do\u011fru tercih i\u00e7in uzman e\u011fitmenlerle bulu\u015ftu\u011fu \u00dcniversite Tercih ve Tan\u0131t\u0131m G\u00fcnleri, 26 Temmuz \u00c7ar\u015famba g\u00fcn\u00fc saat 16.00\u2019ya kadar devam edecek.<\/span><\/p>\n","protected":false},"excerpt":{"rendered":"<p>\u00dcniversite Tercih ve Tan\u0131t\u0131m G\u00fcnleri\u2019nde konu\u015fan Esenyurt\u00a0Belediye\u00a0Ba\u015fkan\u0131 Kemal Deniz Bozkurt, \u201cKaynaklar\u0131m\u0131z\u0131n \u00f6nemli bir b\u00f6l\u00fcm\u00fcn\u00fc gen\u00e7lerimizin hayata g\u00fc\u00e7l\u00fc tutunmalar\u0131 i\u00e7in harc\u0131yoruz.<\/p>\n","protected":false},"author":3,"featured_media":12835,"comment_status":"open","ping_status":"open","sticky":false,"template":"","format":"standard","meta":{"colormag_page_container_layout":"default_layout","colormag_page_sidebar_layout":"default_layout","footnotes":""},"categories":[45,1,5,8],"tags":[],"class_list":["post-12833","post","type-post","status-publish","format-standard","has-post-thumbnail","hentry","category-egitim","category-genel","category-gundem","category-siyaset"],"_links":{"self":[{"href":"https:\/\/marmarayerelhizmet.com\/index.php\/wp-json\/wp\/v2\/posts\/12833","targetHints":{"allow":["GET"]}}],"collection":[{"href":"https:\/\/marmarayerelhizmet.com\/index.php\/wp-json\/wp\/v2\/posts"}],"about":[{"href":"https:\/\/marmarayerelhizmet.com\/index.php\/wp-json\/wp\/v2\/types\/post"}],"author":[{"embeddable":true,"href":"https:\/\/marmarayerelhizmet.com\/index.php\/wp-json\/wp\/v2\/users\/3"}],"replies":[{"embeddable":true,"href":"https:\/\/marmarayerelhizmet.com\/index.php\/wp-json\/wp\/v2\/comments?post=12833"}],"version-history":[{"count":0,"href":"https:\/\/marmarayerelhizmet.com\/index.php\/wp-json\/wp\/v2\/posts\/12833\/revisions"}],"wp:featuredmedia":[{"embeddable":true,"href":"https:\/\/marmarayerelhizmet.com\/index.php\/wp-json\/wp\/v2\/media\/12835"}],"wp:attachment":[{"href":"https:\/\/marmarayerelhizmet.com\/index.php\/wp-json\/wp\/v2\/media?parent=12833"}],"wp:term":[{"taxonomy":"category","embeddable":true,"href":"https:\/\/marmarayerelhizmet.com\/index.php\/wp-json\/wp\/v2\/categories?post=12833"},{"taxonomy":"post_tag","embeddable":true,"href":"https:\/\/marmarayerelhizmet.com\/index.php\/wp-json\/wp\/v2\/tags?post=12833"}],"curies":[{"name":"wp","href":"https:\/\/api.w.org\/{rel}","templated":true}]}}