{"id":12829,"date":"2023-07-26T00:12:47","date_gmt":"2023-07-25T21:12:47","guid":{"rendered":"https:\/\/marmarayerelhizmet.com\/?p=12829"},"modified":"2023-07-25T13:16:05","modified_gmt":"2023-07-25T10:16:05","slug":"yagli-gures-ligi-finalleri-kurtderede","status":"publish","type":"post","link":"https:\/\/marmarayerelhizmet.com\/index.php\/2023\/07\/26\/yagli-gures-ligi-finalleri-kurtderede\/","title":{"rendered":"Ya\u011fl\u0131 G\u00fcre\u015f Ligi Finalleri Kurtdere&#8217;de"},"content":{"rendered":"<p><span style=\"font-family: arial, helvetica, sans-serif; font-size: 14px;\"><strong>T\u00fcrkiye Geleneksel G\u00fcre\u015fler Federasyonu b\u00fcnyesinde ger\u00e7ekle\u015ftirilen CW Enerji T\u00fcrkiye Ya\u011fl\u0131 G\u00fcre\u015f Ligi&#8217;nin son kar\u015f\u0131la\u015fmalar\u0131 bu y\u0131l 63.s\u00fc ger\u00e7ekle\u015ftirilecek olan Kurtdereli Mehmet Pehlivan G\u00fcre\u015fleri\u2019nde yap\u0131lacak.<\/strong><\/span><\/p>\n<p><span style=\"font-family: arial, helvetica, sans-serif; font-size: 14px;\">T\u00fcrkiye Geleneksel G\u00fcre\u015fler Federasyonu b\u00fcnyesinde ger\u00e7ekle\u015ftirilen CW Enerji T\u00fcrkiye Ya\u011fl\u0131 G\u00fcre\u015f Ligi&#8217;nin, pehlivanlar\u0131n performans\u0131n\u0131 art\u0131rmas\u0131 ve K\u0131rkp\u0131nar Ya\u011fl\u0131 G\u00fcre\u015fleri&#8217;ndeki kaliteyi y\u00fckseltmesi bekleniyor. Antalya&#8217;n\u0131n Manavgat il\u00e7esindeki g\u00fcre\u015flerle ba\u015flayan lig 7 etaptan olu\u015fuyor. Lig kapsam\u0131ndaki m\u00fcsabakalarda elde ettikleri puanlarla ilk 24&#8217;e girmeyi ba\u015faran ba\u015fpehlivanlar, Edirne Sarayi\u00e7i Er Meydan\u0131&#8217;nda gelecek y\u0131l ger\u00e7ekle\u015ftirilecek 663. Tarihi K\u0131rkp\u0131nar Ya\u011fl\u0131 G\u00fcre\u015fleri&#8217;ne do\u011frudan kat\u0131l\u0131m hakk\u0131 elde edecek. 7. etap ise bu y\u0131l 63.s\u00fc ger\u00e7ekle\u015ftirilecek olan Kurtdereli Mehmet Pehlivan G\u00fcre\u015fleri\u2019nde ger\u00e7ekle\u015ftirilecek.<\/span><br \/>\n<span style=\"font-family: arial, helvetica, sans-serif; font-size: 14px;\">Her y\u0131l 1000\u2019in \u00fczerinde pehlivan\u0131n kat\u0131ld\u0131\u011f\u0131 ve Bal\u0131kesir B\u00fcy\u00fck\u015fehir Belediyesi ve Karesi Belediyesi organizasyonunda d\u00fczenlenen g\u00fcre\u015fler 2-3 Eyl\u00fcl tarihlerinde ger\u00e7ekle\u015ftirilecek. Karesi Belediye Ba\u015fkan\u0131 Din\u00e7er Orkan, b\u00f6yle bir ligin ya\u011fl\u0131 g\u00fcre\u015fleri daha \u00e7ok kitleye ula\u015ft\u0131raca\u011f\u0131n\u0131 s\u00f6yledi.<\/span><br \/>\n<span style=\"font-family: arial, helvetica, sans-serif; font-size: 14px;\">BA\u015eKAN ORKAN: \u201cKURTDERE G\u00dcRE\u015eLER\u0130 MARKA YOLUNDA\u201d<\/span><br \/>\n<span style=\"font-family: arial, helvetica, sans-serif; font-size: 14px;\">Kurtdereli g\u00fcre\u015flerinin her y\u0131l ilerleme kaydetti\u011fini ifade eden Ba\u015fkan Orkan &#8220;Bizden \u00f6nceki d\u00f6nem Karesi Belediye Ba\u015fkan\u0131m\u0131z, Ya\u011fl\u0131 G\u00fcre\u015f Birli\u011fi ve Bal\u0131kesir B\u00fcy\u00fck\u015fehir Belediye Ba\u015fkan\u0131m\u0131z olan Y\u00fccel Y\u0131lmaz&#8217;d\u0131. Onun d\u00f6neminde Kurtdereli g\u00fcre\u015fleri \u00f6nemli bir noktaya geldi. Bizimde bunu geli\u015ftirmemiz gerekiyordu. \u0130lk olarak fiziksel ortam\u0131n iyile\u015ftirilmesi \u00e7al\u0131\u015fmalar\u0131na ba\u015flad\u0131k. En son ge\u00e7en sene saha \u00e7iminde iyi olmad\u0131\u011f\u0131n\u0131 d\u00fc\u015f\u00fcnerek saha \u00e7imini de de\u011fi\u015ftirdik. Kurtdereli g\u00fcre\u015flerinin marka olmas\u0131 i\u00e7in elimizden geleni yap\u0131yoruz. Daha yeni bir federasyonuz. Lig yaparak futboldaki gibi daha \u00e7ok kitlelere ula\u015f\u0131n bir lig olaca\u011f\u0131z. Biz buna deste\u011fi Karesi olarak, Kurtdere olarak verece\u011fiz. Biz en b\u00fcy\u00fck deste\u011fi Y\u00fccel Ba\u015fkan\u0131m\u0131zdan al\u0131yoruz. B\u00f6yle bir ligin olu\u015fumunda katk\u0131 sa\u011flayan herkese te\u015fekk\u00fcr ediyoruz\u201d dedi.<\/span><\/p>\n<p>&nbsp;<\/p>\n","protected":false},"excerpt":{"rendered":"<p>T\u00fcrkiye Geleneksel G\u00fcre\u015fler Federasyonu b\u00fcnyesinde ger\u00e7ekle\u015ftirilen CW Enerji T\u00fcrkiye Ya\u011fl\u0131 G\u00fcre\u015f Ligi&#8217;nin son kar\u015f\u0131la\u015fmalar\u0131 bu y\u0131l 63.s\u00fc ger\u00e7ekle\u015ftirilecek olan Kurtdereli<\/p>\n","protected":false},"author":3,"featured_media":12831,"comment_status":"open","ping_status":"open","sticky":false,"template":"","format":"standard","meta":{"colormag_page_container_layout":"default_layout","colormag_page_sidebar_layout":"default_layout","footnotes":""},"categories":[1,5,8,9],"tags":[],"class_list":["post-12829","post","type-post","status-publish","format-standard","has-post-thumbnail","hentry","category-genel","category-gundem","category-siyaset","category-spor"],"_links":{"self":[{"href":"https:\/\/marmarayerelhizmet.com\/index.php\/wp-json\/wp\/v2\/posts\/12829","targetHints":{"allow":["GET"]}}],"collection":[{"href":"https:\/\/marmarayerelhizmet.com\/index.php\/wp-json\/wp\/v2\/posts"}],"about":[{"href":"https:\/\/marmarayerelhizmet.com\/index.php\/wp-json\/wp\/v2\/types\/post"}],"author":[{"embeddable":true,"href":"https:\/\/marmarayerelhizmet.com\/index.php\/wp-json\/wp\/v2\/users\/3"}],"replies":[{"embeddable":true,"href":"https:\/\/marmarayerelhizmet.com\/index.php\/wp-json\/wp\/v2\/comments?post=12829"}],"version-history":[{"count":0,"href":"https:\/\/marmarayerelhizmet.com\/index.php\/wp-json\/wp\/v2\/posts\/12829\/revisions"}],"wp:featuredmedia":[{"embeddable":true,"href":"https:\/\/marmarayerelhizmet.com\/index.php\/wp-json\/wp\/v2\/media\/12831"}],"wp:attachment":[{"href":"https:\/\/marmarayerelhizmet.com\/index.php\/wp-json\/wp\/v2\/media?parent=12829"}],"wp:term":[{"taxonomy":"category","embeddable":true,"href":"https:\/\/marmarayerelhizmet.com\/index.php\/wp-json\/wp\/v2\/categories?post=12829"},{"taxonomy":"post_tag","embeddable":true,"href":"https:\/\/marmarayerelhizmet.com\/index.php\/wp-json\/wp\/v2\/tags?post=12829"}],"curies":[{"name":"wp","href":"https:\/\/api.w.org\/{rel}","templated":true}]}}