{"id":12825,"date":"2023-07-25T13:12:14","date_gmt":"2023-07-25T10:12:14","guid":{"rendered":"https:\/\/marmarayerelhizmet.com\/?p=12825"},"modified":"2023-07-25T13:12:14","modified_gmt":"2023-07-25T10:12:14","slug":"karesi-belediyesi-tarla-yollarini-aciyor","status":"publish","type":"post","link":"https:\/\/marmarayerelhizmet.com\/index.php\/2023\/07\/25\/karesi-belediyesi-tarla-yollarini-aciyor\/","title":{"rendered":"Karesi Belediyesi Tarla Yollar\u0131n\u0131 A\u00e7\u0131yor"},"content":{"rendered":"<p><span style=\"font-family: arial, helvetica, sans-serif; font-size: 14px;\"><strong>Karesi Belediyesi Fen \u0130\u015fleri M\u00fcd\u00fcrl\u00fc\u011f\u00fc ekipleri k\u0131rsal mahallelerde bulunan tarla yollar\u0131n\u0131 a\u00e7\u0131yor. \u00c7ift\u00e7ilerin \u00fcretim alanlar\u0131na rahat\u00e7a ula\u015fabilmeleri i\u00e7in ba\u015flat\u0131lan \u00e7al\u0131\u015fmalar yaz boyunca devam edecek.<\/strong><\/span><\/p>\n<p><span style=\"font-family: arial, helvetica, sans-serif; font-size: 14px;\">Karesi Belediyesi yaz aylar\u0131yla birlikte \u00f6zellikle yol, parke ta\u015f\u0131 ve kald\u0131r\u0131m \u00e7al\u0131\u015fmalar\u0131n\u0131 h\u0131zland\u0131rd\u0131. Altyap\u0131 \u00e7al\u0131\u015fmalar\u0131 kapsam\u0131nda Karesi Belediyesi Fen \u0130\u015fleri M\u00fcd\u00fcrl\u00fc\u011f\u00fc ekipleri, k\u0131\u015f aylar\u0131nda ya\u015fanan ya\u011f\u0131\u015flarla bozulan tarla yollar\u0131n\u0131 da d\u00fczenleyerek, a\u00e7ma \u00e7al\u0131\u015fmalar\u0131n\u0131 s\u00fcrd\u00fcr\u00fcyor. \u00c7ift\u00e7ilerin arazilerine ula\u015farak rahatl\u0131kla \u00fcretimlerini s\u00fcrd\u00fcrmelerini ama\u00e7layan Karesi Belediyesi ekipleri, k\u0131rsal mahalle muhtarlar\u0131yla koordineli olarak y\u00fcr\u00fctt\u00fc\u011f\u00fc \u00e7al\u0131\u015fmalar\u0131na devam ediyor.<\/span><br \/>\n<span style=\"font-family: arial, helvetica, sans-serif; font-size: 14px;\">\u00dcreten t\u00fcm kesimlerin yan\u0131nda olduklar\u0131n\u0131 s\u00f6yleyen Karesi Belediye Ba\u015fkan\u0131 Din\u00e7er Orkan, Karesi Belediyesi\u2019nin vatanda\u015flar\u0131n ihtiya\u00e7lar\u0131 do\u011frultusunda \u00e7al\u0131\u015fmalar\u0131n\u0131 s\u00fcrd\u00fcrd\u00fc\u011f\u00fcn\u00fc belirtti. Ba\u015fkan Orkan, \u201c\u00dcreten, al\u0131n terini eme\u011fiyle yo\u011furan, topra\u011fa hayat veren \u00e7ift\u00e7ilerimizin arazilerine ula\u015f\u0131m\u0131n\u0131 rahatlatmak i\u00e7in il\u00e7e genelinde arazi yolu a\u00e7ma ve d\u00fczenleme \u00e7al\u0131\u015fmalar\u0131 belediyemiz Fen \u0130\u015fleri M\u00fcd\u00fcrl\u00fc\u011f\u00fc ekipleri taraf\u0131ndan devam ediyor. \u00dcreticilerimizin tarlalar\u0131na daha rahat ve h\u0131zl\u0131 bir \u015fekilde ula\u015f\u0131mlar\u0131n\u0131 sa\u011flamak ve \u00fcr\u00fcnlerini zaman\u0131nda ve s\u0131k\u0131nt\u0131s\u0131z bir \u015fekilde hasat yapmalar\u0131na olanak sa\u011flamak ad\u0131na bu hizmeti ger\u00e7ekle\u015ftiriyoruz. \u00c7ift\u00e7ilerimiz i\u00e7in b\u00fcy\u00fck \u00f6neme sahip tarla yollar\u0131nda gerek ya\u011f\u0131\u015flardan ve gerekse de di\u011fer nedenlerden dolay\u0131 y\u0131pranan yollarda yenileme, yolu olmayan tarlalarda yeni yol a\u00e7ma \u00e7al\u0131\u015fmam\u0131z t\u00fcm h\u0131z\u0131yla devam ediyor. Karesi Belediyesi olarak her zaman vatanda\u015flar\u0131m\u0131z\u0131n yan\u0131nda olduk\u201d dedi.<\/span><\/p>\n<p>&nbsp;<\/p>\n","protected":false},"excerpt":{"rendered":"<p>Karesi Belediyesi Fen \u0130\u015fleri M\u00fcd\u00fcrl\u00fc\u011f\u00fc ekipleri k\u0131rsal mahallelerde bulunan tarla yollar\u0131n\u0131 a\u00e7\u0131yor. \u00c7ift\u00e7ilerin \u00fcretim alanlar\u0131na rahat\u00e7a ula\u015fabilmeleri i\u00e7in ba\u015flat\u0131lan \u00e7al\u0131\u015fmalar<\/p>\n","protected":false},"author":3,"featured_media":12827,"comment_status":"open","ping_status":"open","sticky":false,"template":"","format":"standard","meta":{"colormag_page_container_layout":"default_layout","colormag_page_sidebar_layout":"default_layout","footnotes":""},"categories":[1,5,8],"tags":[],"class_list":["post-12825","post","type-post","status-publish","format-standard","has-post-thumbnail","hentry","category-genel","category-gundem","category-siyaset"],"_links":{"self":[{"href":"https:\/\/marmarayerelhizmet.com\/index.php\/wp-json\/wp\/v2\/posts\/12825","targetHints":{"allow":["GET"]}}],"collection":[{"href":"https:\/\/marmarayerelhizmet.com\/index.php\/wp-json\/wp\/v2\/posts"}],"about":[{"href":"https:\/\/marmarayerelhizmet.com\/index.php\/wp-json\/wp\/v2\/types\/post"}],"author":[{"embeddable":true,"href":"https:\/\/marmarayerelhizmet.com\/index.php\/wp-json\/wp\/v2\/users\/3"}],"replies":[{"embeddable":true,"href":"https:\/\/marmarayerelhizmet.com\/index.php\/wp-json\/wp\/v2\/comments?post=12825"}],"version-history":[{"count":0,"href":"https:\/\/marmarayerelhizmet.com\/index.php\/wp-json\/wp\/v2\/posts\/12825\/revisions"}],"wp:featuredmedia":[{"embeddable":true,"href":"https:\/\/marmarayerelhizmet.com\/index.php\/wp-json\/wp\/v2\/media\/12827"}],"wp:attachment":[{"href":"https:\/\/marmarayerelhizmet.com\/index.php\/wp-json\/wp\/v2\/media?parent=12825"}],"wp:term":[{"taxonomy":"category","embeddable":true,"href":"https:\/\/marmarayerelhizmet.com\/index.php\/wp-json\/wp\/v2\/categories?post=12825"},{"taxonomy":"post_tag","embeddable":true,"href":"https:\/\/marmarayerelhizmet.com\/index.php\/wp-json\/wp\/v2\/tags?post=12825"}],"curies":[{"name":"wp","href":"https:\/\/api.w.org\/{rel}","templated":true}]}}