{"id":12817,"date":"2023-07-24T19:26:13","date_gmt":"2023-07-24T16:26:13","guid":{"rendered":"https:\/\/marmarayerelhizmet.com\/?p=12817"},"modified":"2023-07-24T19:26:13","modified_gmt":"2023-07-24T16:26:13","slug":"istanbul-finans-merkezinde-yangin","status":"publish","type":"post","link":"https:\/\/marmarayerelhizmet.com\/index.php\/2023\/07\/24\/istanbul-finans-merkezinde-yangin\/","title":{"rendered":"\u0130stanbul Finans Merkezi\u2019nde Yang\u0131n"},"content":{"rendered":"<p><strong><span style=\"font-family: arial, helvetica, sans-serif; font-size: 14px;\">\u0130stanbul Ata\u015fehir\u2019deki Finans Merkezi\u2019nin eksi 5\u2019inci kat\u0131nda yang\u0131n \u00e7\u0131kt\u0131. Yang\u0131n nedeniyle Finans Merkezi tahliye edilirken, olay yerine \u00e7ok say\u0131da itfaiye ekibi sevk edildi.<br \/>\n<\/span><\/strong><br \/>\n<span style=\"font-family: arial, helvetica, sans-serif; font-size: 14px;\">Yang\u0131n, saat 16.45 sular\u0131nda \u0130stanbul Finans Merkezi binas\u0131n\u0131n eksi 5\u2019inci kat\u0131nda meydana geldi. Hen\u00fcz bilinmeyen bir nedenle \u00e7\u0131kan yang\u0131nda dumanlar binay\u0131 sard\u0131. Yang\u0131n ihbar\u0131 \u00fczerine olay yerine \u00e7ok say\u0131da itfaiye ekibi sevk edildi. Yang\u0131n nedeniyle Finans Merkezi tahliye edilirken, yang\u0131n ekiplerin m\u00fcdahalesi ile kontrol alt\u0131na al\u0131nd\u0131. \u0130tfaiye ekipleri duman tahliyesi ve so\u011futma \u00e7al\u0131\u015fmas\u0131 yapt\u0131.<\/span><\/p>\n","protected":false},"excerpt":{"rendered":"<p>\u0130stanbul Ata\u015fehir\u2019deki Finans Merkezi\u2019nin eksi 5\u2019inci kat\u0131nda yang\u0131n \u00e7\u0131kt\u0131. Yang\u0131n nedeniyle Finans Merkezi tahliye edilirken, olay yerine \u00e7ok say\u0131da itfaiye<\/p>\n","protected":false},"author":3,"featured_media":12819,"comment_status":"open","ping_status":"open","sticky":false,"template":"","format":"standard","meta":{"colormag_page_container_layout":"default_layout","colormag_page_sidebar_layout":"default_layout","footnotes":""},"categories":[1,5],"tags":[],"class_list":["post-12817","post","type-post","status-publish","format-standard","has-post-thumbnail","hentry","category-genel","category-gundem"],"_links":{"self":[{"href":"https:\/\/marmarayerelhizmet.com\/index.php\/wp-json\/wp\/v2\/posts\/12817","targetHints":{"allow":["GET"]}}],"collection":[{"href":"https:\/\/marmarayerelhizmet.com\/index.php\/wp-json\/wp\/v2\/posts"}],"about":[{"href":"https:\/\/marmarayerelhizmet.com\/index.php\/wp-json\/wp\/v2\/types\/post"}],"author":[{"embeddable":true,"href":"https:\/\/marmarayerelhizmet.com\/index.php\/wp-json\/wp\/v2\/users\/3"}],"replies":[{"embeddable":true,"href":"https:\/\/marmarayerelhizmet.com\/index.php\/wp-json\/wp\/v2\/comments?post=12817"}],"version-history":[{"count":0,"href":"https:\/\/marmarayerelhizmet.com\/index.php\/wp-json\/wp\/v2\/posts\/12817\/revisions"}],"wp:featuredmedia":[{"embeddable":true,"href":"https:\/\/marmarayerelhizmet.com\/index.php\/wp-json\/wp\/v2\/media\/12819"}],"wp:attachment":[{"href":"https:\/\/marmarayerelhizmet.com\/index.php\/wp-json\/wp\/v2\/media?parent=12817"}],"wp:term":[{"taxonomy":"category","embeddable":true,"href":"https:\/\/marmarayerelhizmet.com\/index.php\/wp-json\/wp\/v2\/categories?post=12817"},{"taxonomy":"post_tag","embeddable":true,"href":"https:\/\/marmarayerelhizmet.com\/index.php\/wp-json\/wp\/v2\/tags?post=12817"}],"curies":[{"name":"wp","href":"https:\/\/api.w.org\/{rel}","templated":true}]}}