{"id":12813,"date":"2023-07-24T19:23:24","date_gmt":"2023-07-24T16:23:24","guid":{"rendered":"https:\/\/marmarayerelhizmet.com\/?p=12813"},"modified":"2023-07-24T19:23:24","modified_gmt":"2023-07-24T16:23:24","slug":"sicakliklar-45-dereceye-kadar-cikacak","status":"publish","type":"post","link":"https:\/\/marmarayerelhizmet.com\/index.php\/2023\/07\/24\/sicakliklar-45-dereceye-kadar-cikacak\/","title":{"rendered":"S\u0131cakl\u0131klar 45 Dereceye Kadar \u00c7\u0131kacak"},"content":{"rendered":"<p><strong><span style=\"font-family: arial, helvetica, sans-serif; font-size: 14px;\">\u00dclkenin bat\u0131 ve g\u00fcney kesimlerinde \u00e7ar\u015famba, i\u00e7 kesimlerde ise per\u015fembe g\u00fcnleri s\u0131cakl\u0131klar\u0131n 40-45 dereceye kadar \u00e7\u0131kmas\u0131yla haftan\u0131n en s\u0131cak g\u00fcnleri ya\u015fanacak.<br \/>\n<\/span><\/strong><br \/>\n<span style=\"font-family: arial, helvetica, sans-serif; font-size: 14px;\">\u00c7evre, \u015eehircilik ve \u0130klim De\u011fi\u015fikli\u011fi Bakanl\u0131\u011f\u0131 Meteoroloji Genel M\u00fcd\u00fcrl\u00fc\u011f\u00fc Hava Tahmin Uzman\u0131 Serdar Y\u0131ld\u0131r\u0131m, \u00fclkede beklenen yeni s\u0131cak hava dalgas\u0131na ili\u015fkin bilgi verdi. K\u0131y\u0131 Ege ve Akdeniz\u2019de yurt geneline nazaran daha hissedilir derecede y\u00fcksek bir s\u0131cakl\u0131k beklentileri oldu\u011funu dile getiren Y\u0131ld\u0131r\u0131m, \u201cKuzey Afrika\u2019dan gelen s\u0131cak hava dalgas\u0131n\u0131n \u00f6zellikle \u00e7ar\u015famba g\u00fcn\u00fc itibar\u0131yla Marmara, Ege, Akdeniz ve \u0130\u00e7 Anadolu\u2019da mevsim normallerinin 6 ila 10 derece \u00fczerine \u00e7\u0131kmas\u0131n\u0131, di\u011fer b\u00f6lgelerdeyse 2 ila 6 derece \u00fczerine \u00e7\u0131kmas\u0131n\u0131 bekliyoruz. 10 dereceye varan art\u0131\u015flar g\u00f6zlemiyoruz. Manisa ve Ayd\u0131n\u2019da 45 dereceye varan \u00e7ar\u015famba g\u00fcn\u00fcn\u00fcn en y\u00fcksek s\u0131cakl\u0131\u011f\u0131n\u0131 bekliyoruz\u201d dedi.<\/span><br \/>\n<span style=\"font-family: arial, helvetica, sans-serif; font-size: 14px;\">Y\u0131ld\u0131r\u0131m, \u201cAnkara\u2019da per\u015fembe g\u00fcn\u00fc 39, \u0130stanbul\u2019da \u00e7ar\u015famba g\u00fcn\u00fc 37, \u0130zmir\u2019de ise 41 dereceye kadar \u00e7\u0131kmas\u0131n\u0131 bekliyoruz. Akdeniz k\u0131y\u0131lar\u0131nda, Antalya, Adana, Mersin \u00e7evrelerinde s\u0131cakl\u0131klar\u0131n 41-42 derecelere kadar y\u00fckselmesini bekliyoruz\u201d diye konu\u015ftu.<\/span><br \/>\n<span style=\"font-family: arial, helvetica, sans-serif; font-size: 14px;\">S\u0131cakl\u0131klara kar\u015f\u0131 vatanda\u015flara uyar\u0131larda bulunan Y\u0131ld\u0131r\u0131m, \u201cG\u00fcn\u00fcn en y\u00fcksek s\u0131cakl\u0131\u011fa ula\u015ft\u0131\u011f\u0131 saatler 11.00 ila 16.00 aras\u0131nda vatanda\u015flar\u0131m\u0131z\u0131n soka\u011fa \u00e7\u0131karken dikkatli olmalar\u0131, koruyucu \u00f6nlemleri alarak dikkatli ve tedbirli olmalar\u0131 gerekmektedir\u201d ifadelerini kulland\u0131.<\/span><br \/>\n<span style=\"font-family: arial, helvetica, sans-serif; font-size: 14px;\">Kahramanmara\u015f merkezli depremlerin etkilendi\u011fi illerde s\u0131cakl\u0131klar\u0131n 40-41 derece civar\u0131nda olmas\u0131n\u0131 beklediklerini kaydeden Y\u0131ld\u0131r\u0131m, \u201cO b\u00f6lgede herhangi bir ya\u011f\u0131\u015f beklentimiz yok. S\u0131cakl\u0131k a\u00e7\u0131s\u0131ndan dikkatli olmalar\u0131nda fayda var\u201d dedi.<\/span><\/p>\n<p><strong><span style=\"font-family: arial, helvetica, sans-serif; font-size: 14px;\">Ya\u011f\u0131\u015flar devam ediyor<\/span><\/strong><br \/>\n<span style=\"font-family: arial, helvetica, sans-serif; font-size: 14px;\">Hava Tahmin Uzman\u0131 Y\u0131ld\u0131r\u0131m, Do\u011fu Karadeniz ve Do\u011fu Anadolu\u2019da ise ya\u011f\u0131\u015flar\u0131n devam etti\u011fini belirterek, \u015f\u00f6yle devam etti:<\/span><br \/>\n<span style=\"font-family: arial, helvetica, sans-serif; font-size: 14px;\">\u201cDo\u011fu Karadeniz, Do\u011fu Anadolu\u2019nun kuzeydo\u011fusu, Samsun ve Ordu \u00e7evrelerinde ya\u011f\u0131\u015flar devam ediyor. Yar\u0131n da ayn\u0131 \u015fekilde beklentimiz devam etmekte. Trabzon, Rize ve Artvin\u2019in i\u00e7 kesimlerinin y\u00fcksekleriyle Do\u011fu Anadolu\u2019nun kuzeydo\u011fusunda Erzurum, Ardahan, Kars \u00e7evrelerinde ya\u011f\u0131\u015flar\u0131n yerel olarak kuvvetli olmas\u0131 bekleniyor. Vatanda\u015flar\u0131m\u0131z\u0131n dikkatli ve tedbirli olmas\u0131 gerekmektedir.\u201d<\/span><\/p>\n<p><strong><span style=\"font-family: arial, helvetica, sans-serif; font-size: 14px;\">\u201cPer\u015fembe g\u00fcn\u00fc itibar\u0131yla ise s\u0131cak hava dalgas\u0131 yurdumuzu terk ediyor\u201d<\/span><\/strong><br \/>\n<span style=\"font-family: arial, helvetica, sans-serif; font-size: 14px;\">Do\u011fu Karadeniz ve Do\u011fu Anadolu B\u00f6lgeleri d\u0131\u015f\u0131nda herhangi bir ya\u011f\u0131\u015f beklemediklerini, havan\u0131n az bulutlu ve a\u00e7\u0131k ge\u00e7mesini beklediklerini vurgulayan Y\u0131ld\u0131r\u0131m, \u015f\u00f6yle konu\u015ftu:<\/span><br \/>\n<span style=\"font-family: arial, helvetica, sans-serif; font-size: 14px;\">\u201c\u00c7ar\u015famba g\u00fcn\u00fc itibar\u0131yla t\u00fcm yurtta hava az bulutlu ve a\u00e7\u0131k olacak. Per\u015fembe g\u00fcn\u00fc itibar\u0131yla ise s\u0131cak hava dalgas\u0131 yurdumuzu terk ediyor. \u00d6zellikle kuzeybat\u0131 ve bat\u0131dan ba\u015flayarak s\u0131cakl\u0131klar azalmaya ba\u015fl\u0131yor. Yer yer 10 dereceye varan s\u0131cakl\u0131k azal\u0131\u015flar\u0131 g\u00f6zlemlenmesini tahmin ediyoruz. Hafta sonu \u00fclkemiz genelinde hava s\u0131cakl\u0131klar\u0131n\u0131n mevsim normalleri civar\u0131na, i\u00e7 kesimlerde ise yer yer mevsim normalleri alt\u0131na inmesini tahmin ediyoruz.\u201d<\/span><\/p>\n","protected":false},"excerpt":{"rendered":"<p>\u00dclkenin bat\u0131 ve g\u00fcney kesimlerinde \u00e7ar\u015famba, i\u00e7 kesimlerde ise per\u015fembe g\u00fcnleri s\u0131cakl\u0131klar\u0131n 40-45 dereceye kadar \u00e7\u0131kmas\u0131yla haftan\u0131n en s\u0131cak g\u00fcnleri<\/p>\n","protected":false},"author":3,"featured_media":12815,"comment_status":"open","ping_status":"open","sticky":false,"template":"","format":"standard","meta":{"colormag_page_container_layout":"default_layout","colormag_page_sidebar_layout":"default_layout","footnotes":""},"categories":[1,5],"tags":[],"class_list":["post-12813","post","type-post","status-publish","format-standard","has-post-thumbnail","hentry","category-genel","category-gundem"],"_links":{"self":[{"href":"https:\/\/marmarayerelhizmet.com\/index.php\/wp-json\/wp\/v2\/posts\/12813","targetHints":{"allow":["GET"]}}],"collection":[{"href":"https:\/\/marmarayerelhizmet.com\/index.php\/wp-json\/wp\/v2\/posts"}],"about":[{"href":"https:\/\/marmarayerelhizmet.com\/index.php\/wp-json\/wp\/v2\/types\/post"}],"author":[{"embeddable":true,"href":"https:\/\/marmarayerelhizmet.com\/index.php\/wp-json\/wp\/v2\/users\/3"}],"replies":[{"embeddable":true,"href":"https:\/\/marmarayerelhizmet.com\/index.php\/wp-json\/wp\/v2\/comments?post=12813"}],"version-history":[{"count":0,"href":"https:\/\/marmarayerelhizmet.com\/index.php\/wp-json\/wp\/v2\/posts\/12813\/revisions"}],"wp:featuredmedia":[{"embeddable":true,"href":"https:\/\/marmarayerelhizmet.com\/index.php\/wp-json\/wp\/v2\/media\/12815"}],"wp:attachment":[{"href":"https:\/\/marmarayerelhizmet.com\/index.php\/wp-json\/wp\/v2\/media?parent=12813"}],"wp:term":[{"taxonomy":"category","embeddable":true,"href":"https:\/\/marmarayerelhizmet.com\/index.php\/wp-json\/wp\/v2\/categories?post=12813"},{"taxonomy":"post_tag","embeddable":true,"href":"https:\/\/marmarayerelhizmet.com\/index.php\/wp-json\/wp\/v2\/tags?post=12813"}],"curies":[{"name":"wp","href":"https:\/\/api.w.org\/{rel}","templated":true}]}}