{"id":12805,"date":"2023-07-24T19:19:37","date_gmt":"2023-07-24T16:19:37","guid":{"rendered":"https:\/\/marmarayerelhizmet.com\/?p=12805"},"modified":"2023-07-24T19:19:37","modified_gmt":"2023-07-24T16:19:37","slug":"siyasi-bir-zaferdir","status":"publish","type":"post","link":"https:\/\/marmarayerelhizmet.com\/index.php\/2023\/07\/24\/siyasi-bir-zaferdir\/","title":{"rendered":"&#8216;Siyasi Bir Zaferdir&#8217;"},"content":{"rendered":"<p><strong><span style=\"font-family: arial, helvetica, sans-serif; font-size: 14px;\">B\u00fcy\u00fck\u00e7ekmece Belediye Ba\u015fkan\u0131 Dr. Hasan Akg\u00fcn, T\u00fcrkiye Cumhuriyeti\u2019nin kurucusu Mustafa Kemal Atat\u00fcrk\u2019\u00fcn \u201cT\u00fcrk tarihinde bir d\u00f6n\u00fcm noktas\u0131\u201d ve \u201cT\u00fcrk milleti i\u00e7in siyasal bir zafer\u201d olarak tan\u0131mlad\u0131\u011f\u0131 24 Temmuz Lozan Antla\u015fmas\u0131\u2019n\u0131n 100. y\u0131ld\u00f6n\u00fcm\u00fcnde bir mesaj yay\u0131nlad\u0131.<br \/>\n<\/span><\/strong><br \/>\n<span style=\"font-family: arial, helvetica, sans-serif; font-size: 14px;\">24 Temmuz Lozan Antla\u015fmas\u0131\u2019n\u0131n 100. y\u0131ld\u00f6n\u00fcm\u00fc nedeniyle B\u00fcy\u00fck\u00e7ekmece Belediye Ba\u015fkan\u0131 Dr. Hasan Akg\u00fcn, bir mesaj yay\u0131nlad\u0131. Ba\u015fkan Akg\u00fcn, \u201cKurtulu\u015f Sava\u015f\u0131 ile a\u011f\u0131r bedeller \u00f6deyerek kazan\u0131lan ba\u015far\u0131lara ekonomik, siyasi ve hukuki alanda da zafer ekleyen Lozan Antla\u015fmas\u0131\u2019n\u0131n 100\u2019\u00fcnc\u00fc y\u0131ld\u00f6n\u00fcm\u00fc kutlu olsun\u201d dedi.<\/span><br \/>\n<span style=\"font-family: arial, helvetica, sans-serif; font-size: 14px;\">Lozan Antla\u015fmas\u0131 ile T\u00fcrkiye\u2019nin par\u00e7alamas\u0131na y\u00f6nelik olarak haz\u0131rlanan Sevr Antla\u015fmas\u0131\u2019n\u0131n ge\u00e7erlili\u011fini yitirdi\u011fini belirten Akg\u00fcn, \u201c24 Temmuz g\u00fcn\u00fcn\u00fc, Cumhuriyet tarihinin onurlu ve \u015ferefli bir g\u00fcn\u00fc olarak bir kez daha kutlaman\u0131n gururunu ya\u015f\u0131yoruz\u201d dedi.<br \/>\n<\/span><br \/>\n<strong><span style=\"font-family: arial, helvetica, sans-serif; font-size: 14px;\">\u201cT\u00fcrk milleti i\u00e7in siyasi bir zaferdir\u201d<\/span><\/strong><br \/>\n<span style=\"font-family: arial, helvetica, sans-serif; font-size: 14px;\">Ba\u015fkan Akg\u00fcn mesaj\u0131nda \u015fu ifadelere yer verdi, \u201c24 Temmuz 1923\u2019de imzalanan Lozan Antla\u015fmas\u0131, T\u00fcrkiye\u2019nin par\u00e7alamas\u0131na y\u00f6nelik olarak haz\u0131rlanan Sevr Antla\u015fmas\u0131\u2019n\u0131n ge\u00e7erlili\u011fini sona erdirdi. Anla\u015fma, T\u00fcrkiye Cumhuriyeti\u2019ne giden yolda T\u00fcrkiye\u2019nin gelece\u011fini sadece T\u00fcrkiye\u2019nin belirleyece\u011fini t\u00fcm d\u00fcnyaya kabul ettirmi\u015ftir. Bug\u00fcn Lozan Bar\u0131\u015f Antla\u015fmas\u0131 ile de, T\u00fcrk devleti d\u0131\u015f politika ve siyasi zaferini t\u00fcm d\u00fcnyaya kan\u0131tlam\u0131\u015ft\u0131r. Lozan\u2019dan \u00e7\u0131kart\u0131lacak \u00e7ok \u00f6nemli dersler vard\u0131r. Lozan Antla\u015fmas\u0131 ayn\u0131 zamanda kurulacak olan Cumhuriyetin d\u0131\u015f politikas\u0131n\u0131n temel anlay\u0131\u015f\u0131n\u0131 da ortaya koymu\u015ftur. Bu anlay\u0131\u015f Ulu \u00d6nder Mustafa Kemal Atat\u00fcrk\u2019\u00fcn belirtildi\u011fi gibi &#8216;Yurtta bar\u0131\u015f, d\u00fcnyada bar\u0131\u015f&#8217; t\u0131r\u201d dedi.<\/span><br \/>\n<span style=\"font-family: arial, helvetica, sans-serif; font-size: 14px;\">T\u00fcrk milletinin, Atat\u00fcrk liderli\u011finde ortaya koydu\u011fu ba\u011f\u0131ms\u0131zl\u0131k m\u00fccadelesinin Lozan Antla\u015fmas\u0131\u2019yla ta\u00e7land\u0131\u011f\u0131n\u0131 s\u00f6yleyen Akg\u00fcn, \u201cT\u00fcrkiye Cumhuriyeti\u2019nin varolu\u015f belgesi olan Lozan Bar\u0131\u015f Antla\u015fmas\u0131\u2019n\u0131n ve Cumhuriyetimizin 100\u2019\u00fcnce y\u0131ld\u00f6n\u00fcm\u00fcn\u00fc kutlar, Gazi Mustafa Kemal Atat\u00fcrk ve Lozan\u2019daki dik duru\u015fuyla \u00fclkemizi ba\u015far\u0131 ile temsil eden \u0130smet \u0130n\u00f6n\u00fc ba\u015fta olmak \u00fczere eme\u011fi ge\u00e7enleri rahmet, sayg\u0131 ve minnetle an\u0131yoruz\u201d dedi.<\/span><\/p>\n","protected":false},"excerpt":{"rendered":"<p>B\u00fcy\u00fck\u00e7ekmece Belediye Ba\u015fkan\u0131 Dr. Hasan Akg\u00fcn, T\u00fcrkiye Cumhuriyeti\u2019nin kurucusu Mustafa Kemal Atat\u00fcrk\u2019\u00fcn \u201cT\u00fcrk tarihinde bir d\u00f6n\u00fcm noktas\u0131\u201d ve \u201cT\u00fcrk milleti<\/p>\n","protected":false},"author":3,"featured_media":12807,"comment_status":"open","ping_status":"open","sticky":false,"template":"","format":"standard","meta":{"colormag_page_container_layout":"default_layout","colormag_page_sidebar_layout":"default_layout","footnotes":""},"categories":[1,5,8],"tags":[],"class_list":["post-12805","post","type-post","status-publish","format-standard","has-post-thumbnail","hentry","category-genel","category-gundem","category-siyaset"],"_links":{"self":[{"href":"https:\/\/marmarayerelhizmet.com\/index.php\/wp-json\/wp\/v2\/posts\/12805","targetHints":{"allow":["GET"]}}],"collection":[{"href":"https:\/\/marmarayerelhizmet.com\/index.php\/wp-json\/wp\/v2\/posts"}],"about":[{"href":"https:\/\/marmarayerelhizmet.com\/index.php\/wp-json\/wp\/v2\/types\/post"}],"author":[{"embeddable":true,"href":"https:\/\/marmarayerelhizmet.com\/index.php\/wp-json\/wp\/v2\/users\/3"}],"replies":[{"embeddable":true,"href":"https:\/\/marmarayerelhizmet.com\/index.php\/wp-json\/wp\/v2\/comments?post=12805"}],"version-history":[{"count":0,"href":"https:\/\/marmarayerelhizmet.com\/index.php\/wp-json\/wp\/v2\/posts\/12805\/revisions"}],"wp:featuredmedia":[{"embeddable":true,"href":"https:\/\/marmarayerelhizmet.com\/index.php\/wp-json\/wp\/v2\/media\/12807"}],"wp:attachment":[{"href":"https:\/\/marmarayerelhizmet.com\/index.php\/wp-json\/wp\/v2\/media?parent=12805"}],"wp:term":[{"taxonomy":"category","embeddable":true,"href":"https:\/\/marmarayerelhizmet.com\/index.php\/wp-json\/wp\/v2\/categories?post=12805"},{"taxonomy":"post_tag","embeddable":true,"href":"https:\/\/marmarayerelhizmet.com\/index.php\/wp-json\/wp\/v2\/tags?post=12805"}],"curies":[{"name":"wp","href":"https:\/\/api.w.org\/{rel}","templated":true}]}}