{"id":12800,"date":"2023-07-24T19:11:03","date_gmt":"2023-07-24T16:11:03","guid":{"rendered":"https:\/\/marmarayerelhizmet.com\/?p=12800"},"modified":"2023-07-24T19:13:42","modified_gmt":"2023-07-24T16:13:42","slug":"12800","status":"publish","type":"post","link":"https:\/\/marmarayerelhizmet.com\/index.php\/2023\/07\/24\/12800\/","title":{"rendered":"Beylikd\u00fcz\u00fc Klasik G\u00fcnleri Sona Erdi"},"content":{"rendered":"<p><strong><span style=\"font-family: arial, helvetica, sans-serif; font-size: 14px;\">M\u00fczikseverleri \u00fc\u00e7 g\u00fcn boyunca Beylikd\u00fcz\u00fc\u2019nde bir araya getiren 8.Beylikd\u00fcz\u00fc Klasik G\u00fcnleri, gala konseriyle sona erdi. Etkinli\u011fin son g\u00fcn\u00fcnde, T\u00fcrkiye\u2019nin sevilen Rock m\u00fczik gruplar\u0131ndan biri olan Y\u00fcksek Sadakat ile Beylikd\u00fcz\u00fc Gen\u00e7lik Senfoni Orkestras\u0131 (BGSO) birlikte sahne ald\u0131. Ayr\u0131ca konserde ilk performanslar\u0131n\u0131 sergileyen Beylikd\u00fcz\u00fc \u00c7oksesli \u00c7ocuk Korosu, 6 \u015eubat\u2019ta ya\u015fanan depremden etkilenen t\u00fcm \u00e7ocuklar i\u00e7in \u201cYery\u00fcz\u00fcn\u00fcn \u00c7ocuklar\u0131\u201d isimli mar\u015f\u0131 seslendirdi.<br \/>\n<\/span><\/strong><br \/>\n<span style=\"font-family: arial, helvetica, sans-serif; font-size: 14px;\">Beylikd\u00fcz\u00fc Belediyesi\u2019nin 21-22 ve 23 Temmuz tarihlerinde d\u00fczenledi\u011fi 8. Beylikd\u00fcz\u00fc Klasik M\u00fczik G\u00fcnleri\u2019nin son g\u00fcn\u00fcnde, T\u00fcrkiye\u2019nin sevilen Rock m\u00fczik gruplar\u0131ndan Y\u00fcksek Sadakat ile Beylikd\u00fcz\u00fc Gen\u00e7lik Senfoni Orkestras\u0131 (BGSO) sahne ald\u0131. Muhte\u015fem sahne performans\u0131yla Rengarenk, Fener ve Belki \u00dcst\u00fcm\u00fczden Bir Ku\u015f Ge\u00e7er gibi en sevilen \u015fark\u0131lar\u0131n\u0131 seslendiren ba\u015far\u0131l\u0131 grup, Beylikd\u00fcz\u00fcl\u00fclere unutulmaz bir gece ya\u015fatt\u0131. 6 May\u0131s Gen\u00e7li\u011fimiz Var Sahnesi\u2019nde ger\u00e7ekle\u015fen ve Beylikd\u00fcz\u00fc\u2019n\u00fcn gen\u00e7 yeteneklerinden olu\u015fan BGSO\u2019nun da e\u015flik etti\u011fi konser vatanda\u015flar taraf\u0131ndan yo\u011fun ilgi g\u00f6rd\u00fc. \u015eef Hakan Tepeli y\u00f6netimindeki, ya\u015flar\u0131 14 ile 26 aras\u0131nda de\u011fi\u015fen orkestra, Ya\u015fam Vadisi\u2019ni dolduran y\u00fczlerce ki\u015fiye muhte\u015fem bir m\u00fczik \u015f\u00f6leni sundu.<\/span><\/p>\n<p><strong><span style=\"font-family: arial, helvetica, sans-serif; font-size: 14px;\">Depremden etkilenen \u00e7ocuklar i\u00e7in seslendirdiler<\/span><\/strong><br \/>\n<span style=\"font-family: arial, helvetica, sans-serif; font-size: 14px;\">Konserde sahne alan 7-12 ya\u015f aral\u0131\u011f\u0131ndaki \u00e7ocuklardan olu\u015fan Beylikd\u00fcz\u00fc \u00c7oksesli \u00c7ocuk Korosu ise 6 \u015eubat\u2019ta ya\u015fanan depremden etkilenen t\u00fcm \u00e7ocuklar i\u00e7in \u00f6zel bir mar\u015f seslendirdi. S\u00f6z ve m\u00fczi\u011fi T\u00fcrk Halk M\u00fczi\u011fi sanat\u00e7\u0131s\u0131 Mustafa \u00d6zarslan ve Beylikd\u00fcz\u00fc \u00c7oksesli \u00c7ocuk Korosu \u015eefi Mehmet Boyraz\u2019a ait olan \u201cYery\u00fcz\u00fcn\u00fcn \u00c7ocuklar\u0131\u201d isimli mar\u015f dinleyicilerden tam not ald\u0131.<\/span><\/p>\n<p><strong><span style=\"font-family: arial, helvetica, sans-serif; font-size: 14px;\">&#8220;Beylikd\u00fcz\u00fc\u2019nde her daim sanat\u0131n ve sanat\u00e7\u0131n\u0131n yan\u0131nda olmaya devam edece\u011fiz&#8221;<\/span><\/strong><br \/>\n<span style=\"font-family: arial, helvetica, sans-serif; font-size: 14px;\">Beylikd\u00fcz\u00fc Belediye Ba\u015fkan\u0131 Mehmet Murat \u00c7al\u0131k etkinlikte yapt\u0131\u011f\u0131 konu\u015fmada, \u201cBeylikd\u00fcz\u00fc her zamanki gibi \u00e7ok g\u00fczel g\u00f6r\u00fcn\u00fcyor. Y\u00fcksek Sadakat\u2019in, Beylikd\u00fcz\u00fc Gen\u00e7lik Senfoni Orkestras\u0131 ile birlikte sahne almas\u0131ndan b\u00fcy\u00fck gurur duydu\u011fumu bir kez daha ifade etmek istiyorum. \u015eef Hakan Tepeli\u2019ye ve k\u0131ymetli Beylikd\u00fcz\u00fc\u2019n\u00fcn evlatlar\u0131na y\u00fcrekten te\u015fekk\u00fcr ediyorum. Asla eskimeyen par\u00e7alar\u0131yla Y\u00fcksek Sadakat gurubuna \u015f\u00fckranlar\u0131m\u0131 sunuyorum. Bug\u00fcn burada \u00fc\u00e7 ku\u015fak bir aradayd\u0131. Beylikd\u00fcz\u00fc\u2019nde her daim sanat\u0131n ve sanat\u00e7\u0131n\u0131n yan\u0131nda olmaya devam edece\u011fiz. Beylikd\u00fcz\u00fc kentinin enerjisi bug\u00fcn biraz daha y\u00fckseldi diye d\u00fc\u015f\u00fcn\u00fcyorum. Beylikd\u00fcz\u00fc 6 May\u0131s Gen\u00e7li\u011fimiz Var Sahnesi\u2019ne \u00e7ok yak\u0131\u015ft\u0131n\u0131z\u201d diye konu\u015ftu.<\/span><\/p>\n<p><strong><span style=\"font-family: arial, helvetica, sans-serif; font-size: 14px;\">&#8220;G\u00f6rmek istedi\u011fimiz birlik, g\u00fczellik ve karde\u015flik burada&#8221;<\/span><\/strong><br \/>\n<span style=\"font-family: arial, helvetica, sans-serif; font-size: 14px;\">Konser s\u0131ras\u0131nda konu\u015fan Y\u00fcksek Sadakat grubunun solisti Kenan Vural, d\u00fczenlenen program i\u00e7in Beylikd\u00fcz\u00fc Belediyesi\u2019ne te\u015fekk\u00fcr ederek, \u201cHer zamankinden farkl\u0131 olarak b\u00fcy\u00fck bir orkestra ile \u00e7al\u0131yoruz. Bizim i\u00e7inde \u00e7ok anlaml\u0131 ve bu i\u015fin sorumlulu\u011funu omuzlar\u0131m\u0131zda daha fazla hissetti\u011fimiz bir gece. Bu y\u00fczden \u00f6ncelikle sizlere b\u00fcy\u00fck bir te\u015fekk\u00fcr etmek istiyoruz. B\u00f6yle bir kalabal\u0131k bize olan ilgi d\u0131\u015f\u0131nda asl\u0131nda ya\u015fayan insanlarla yerel y\u00f6netimin yak\u0131nla\u015fmas\u0131n\u0131 ve birbirini destekledi\u011fini g\u00f6steriyor. Bunu g\u00f6rd\u00fc\u011f\u00fcm\u00fcz i\u00e7in ger\u00e7ekten \u00e7ok mutluyuz. T\u00fcm \u00fclkede g\u00f6rmek istedi\u011fimiz birlik, g\u00fczellik ve karde\u015flik burada g\u00f6zlerimizin \u00f6n\u00fcnde&#8221; ifadelerini kulland\u0131.<\/span><\/p>\n","protected":false},"excerpt":{"rendered":"<p>M\u00fczikseverleri \u00fc\u00e7 g\u00fcn boyunca Beylikd\u00fcz\u00fc\u2019nde bir araya getiren 8.Beylikd\u00fcz\u00fc Klasik G\u00fcnleri, gala konseriyle sona erdi. Etkinli\u011fin son g\u00fcn\u00fcnde, T\u00fcrkiye\u2019nin sevilen<\/p>\n","protected":false},"author":3,"featured_media":12802,"comment_status":"open","ping_status":"open","sticky":false,"template":"","format":"standard","meta":{"colormag_page_container_layout":"default_layout","colormag_page_sidebar_layout":"default_layout","footnotes":""},"categories":[1,5,6,8],"tags":[],"class_list":["post-12800","post","type-post","status-publish","format-standard","has-post-thumbnail","hentry","category-genel","category-gundem","category-kultur-sanat","category-siyaset"],"_links":{"self":[{"href":"https:\/\/marmarayerelhizmet.com\/index.php\/wp-json\/wp\/v2\/posts\/12800","targetHints":{"allow":["GET"]}}],"collection":[{"href":"https:\/\/marmarayerelhizmet.com\/index.php\/wp-json\/wp\/v2\/posts"}],"about":[{"href":"https:\/\/marmarayerelhizmet.com\/index.php\/wp-json\/wp\/v2\/types\/post"}],"author":[{"embeddable":true,"href":"https:\/\/marmarayerelhizmet.com\/index.php\/wp-json\/wp\/v2\/users\/3"}],"replies":[{"embeddable":true,"href":"https:\/\/marmarayerelhizmet.com\/index.php\/wp-json\/wp\/v2\/comments?post=12800"}],"version-history":[{"count":0,"href":"https:\/\/marmarayerelhizmet.com\/index.php\/wp-json\/wp\/v2\/posts\/12800\/revisions"}],"wp:featuredmedia":[{"embeddable":true,"href":"https:\/\/marmarayerelhizmet.com\/index.php\/wp-json\/wp\/v2\/media\/12802"}],"wp:attachment":[{"href":"https:\/\/marmarayerelhizmet.com\/index.php\/wp-json\/wp\/v2\/media?parent=12800"}],"wp:term":[{"taxonomy":"category","embeddable":true,"href":"https:\/\/marmarayerelhizmet.com\/index.php\/wp-json\/wp\/v2\/categories?post=12800"},{"taxonomy":"post_tag","embeddable":true,"href":"https:\/\/marmarayerelhizmet.com\/index.php\/wp-json\/wp\/v2\/tags?post=12800"}],"curies":[{"name":"wp","href":"https:\/\/api.w.org\/{rel}","templated":true}]}}