{"id":12796,"date":"2023-07-24T19:05:38","date_gmt":"2023-07-24T16:05:38","guid":{"rendered":"https:\/\/marmarayerelhizmet.com\/?p=12796"},"modified":"2023-07-24T19:05:38","modified_gmt":"2023-07-24T16:05:38","slug":"beyoglu-iklim-degisikligi-eylem-plani","status":"publish","type":"post","link":"https:\/\/marmarayerelhizmet.com\/index.php\/2023\/07\/24\/beyoglu-iklim-degisikligi-eylem-plani\/","title":{"rendered":"Beyo\u011flu \u0130klim De\u011fi\u015fikli\u011fi Eylem Plan\u0131"},"content":{"rendered":"<p><strong><span style=\"font-family: arial, helvetica, sans-serif; font-size: 14px;\">Beyo\u011flu Belediyesi, \u201cBeyo\u011flu \u0130klim De\u011fi\u015fikli\u011fi Eylem Plan\u0131\u201dn\u0131 hayata ge\u00e7iriyor. Geni\u015f kapsaml\u0131 olarak haz\u0131rlanan eylem plan\u0131; Sabit Enerji, At\u0131k ve Ula\u015f\u0131m olmak \u00fczere \u00fc\u00e7 kategoriye ayr\u0131larak yap\u0131labilecek \u00e7al\u0131\u015fmalar belirlendi.<br \/>\n<\/span><\/strong><br \/>\n<span style=\"font-family: arial, helvetica, sans-serif; font-size: 14px;\">Geri D\u00f6n\u00fc\u015f\u00fcm \u00e7al\u0131\u015fmalar\u0131yla 250 bin n\u00fcfusun alt\u0131nda S\u0131f\u0131r At\u0131k Belgesi\u2019ni almaya hak kazanan \u00f6nc\u00fc belediyelerden birisi olan Beyo\u011flu Belediyesi, yeni bir \u00e7al\u0131\u015fmaya daha imza att\u0131. Beyo\u011flu Belediyesi \u0130klim De\u011fi\u015fikli\u011fi ve S\u0131f\u0131r At\u0131k M\u00fcd\u00fcrl\u00fc\u011f\u00fc, iklim de\u011fi\u015fikli\u011finin olumsuz etkilerini en aza indirmek amac\u0131yla \u201cBeyo\u011flu \u0130klim De\u011fi\u015fikli\u011fi Eylem Plan\u0131\u201dn\u0131 hayata ge\u00e7iriyor. Bilim Beyo\u011flu\u2019nda d\u00fczenlenen Beyo\u011flu \u0130klim De\u011fi\u015fikli\u011fi Eylem Plan\u0131 Toplant\u0131s\u0131nda \u015fehrin g\u00fc\u00e7l\u00fc ve zay\u0131f y\u00f6nleri, tehditler ve f\u0131rsatlar de\u011ferlendirilerek at\u0131labilecek ad\u0131mlar t\u00fcm detaylar\u0131yla ele al\u0131nd\u0131. Toplant\u0131 sonras\u0131 haz\u0131rlanan tutanakta; Sabit Enerji, At\u0131k ve Ula\u015f\u0131m olmak \u00fczere \u00fc\u00e7 \u00e7al\u0131\u015fma alan\u0131na ayr\u0131lan eylem plan\u0131 kapsam\u0131nda yap\u0131labilecek \u00e7al\u0131\u015fmalar s\u0131raland\u0131.<\/span><\/p>\n<p><strong><span style=\"font-family: arial, helvetica, sans-serif; font-size: 14px;\">Enerjide tasarruf edilebilecek alanlar<\/span><\/strong><br \/>\n<span style=\"font-family: arial, helvetica, sans-serif; font-size: 14px;\">Sabit enerji \u00e7al\u0131\u015fma alan\u0131nda \u00f6zellikle tasarruf edilebilecek alanlar belirlenerek yap\u0131labilecek \u00e7al\u0131\u015fmalar s\u0131raland\u0131. Bu tasarruf y\u00f6ntemleri aras\u0131nda; \u0130mar y\u00f6netmeliklerinin ve yenilenebilir enerji kaynaklar\u0131 y\u00f6netmeliklerinin olmas\u0131 ve uygulanmamas\u0131, trafik ve sokak \u0131\u015f\u0131klar\u0131n\u0131n s\u00fcre kontrolleri yap\u0131lmal\u0131 ve ak\u0131ll\u0131 \u0131\u015f\u0131kland\u0131rma sistemlerinin kullan\u0131lmas\u0131, g\u00fcne\u015f panellerinin yayg\u0131nla\u015ft\u0131r\u0131lmas\u0131, \u00e7evresulamada kullan\u0131labilecek su absorbe alanlar\u0131n\u0131n olu\u015fturulmas\u0131, elektrik \u00fcreten bisiklet yollar\u0131 yap\u0131lmas\u0131, ula\u015f\u0131m, konut ve sanayide en k\u0131sa zamanda yenilenebilir enerjiye ge\u00e7ilmesi, eylemlerin payda\u015flar taraf\u0131ndan benimsenmesi i\u00e7in kent konseyi ve \u00fcniversiteler arac\u0131l\u0131\u011f\u0131yla bilgilendirme \u00e7al\u0131\u015fmas\u0131n\u0131n yap\u0131lmas\u0131 gibi ge\u00e7i\u015f \u00e7apl\u0131 \u00f6nerilere yer verildi.<\/span><\/p>\n<p><strong><span style=\"font-family: arial, helvetica, sans-serif; font-size: 14px;\">Yenilenebilir enerji ve geri d\u00f6n\u00fc\u015f\u00fcm \u00e7al\u0131\u015fmalar\u0131<\/span><\/strong><br \/>\n<span style=\"font-family: arial, helvetica, sans-serif; font-size: 14px;\">At\u0131k \u00e7al\u0131\u015fma alan\u0131nda ise \u00f6zellikle yenilenebilir enerji ve geri d\u00f6n\u00fc\u015f\u00fcm \u00e7al\u0131\u015fmalar\u0131 alanlar\u0131nda yap\u0131labilecek \u00e7al\u0131\u015fmalar belirtildi. Bu \u00e7al\u0131\u015fmalardan baz\u0131lar\u0131, sosyal yard\u0131mlar\u0131n k\u00f6m\u00fcr yerine do\u011falgaz gibi daha az kirletici bir kaynakla de\u011fi\u015ftirilmesi, r\u00fczgar enerji sistemi alan\u0131nda yat\u0131r\u0131mlar\u0131n yap\u0131lmas\u0131, emisyonu etkin olarak d\u00fc\u015f\u00fcr\u00fclebilmesi i\u00e7in elektrikli ve hibrit ara\u00e7lar\u0131n yayg\u0131nla\u015ft\u0131r\u0131lmas\u0131, ak\u0131ll\u0131 \u015fehircilik sistemleri \u00fczerine \u00e7al\u0131\u015fmalar\u0131n geni\u015fletilmesi, okullarda tasarruflu ayd\u0131nlatmalar\u0131n kullan\u0131lmas\u0131, yenilenecek binalarda izolasyon \u015fart\u0131n\u0131n getirilmesi ve te\u015fvik verilmesi, ya\u011fmur suyu hasad\u0131 gibi \u00e7al\u0131\u015fmalar\u0131n art\u0131r\u0131larak sulamada ve y\u0131kama gibi temizlik hizmetlerinde kullan\u0131lmas\u0131, otellere ve i\u015fletmelere organik at\u0131k y\u00f6netimini art\u0131rmak ad\u0131na kompost makinelerinin konulmas\u0131,\u00fcreticiye uygulanan kirleten \u00f6der prensibinin t\u00fcketiciye de uygulanmas\u0131, Beykart gibi projelerle d\u00f6n\u00fc\u015ft\u00fcr\u00fclebilir at\u0131klar\u0131n nakite \u00e7evrilebildi\u011fi te\u015fvik \u00e7al\u0131\u015fmalar\u0131n\u0131n yap\u0131lmas\u0131, hava istasyonu kurulmas\u0131 i\u00e7in talepte bulunularak hava kalitesi takip edilerek raporlamas\u0131 olarak a\u00e7\u0131kland\u0131.<\/span><\/p>\n<p><strong><span style=\"font-family: arial, helvetica, sans-serif; font-size: 14px;\">Ula\u015f\u0131m alan\u0131nda uygulanabilecek \u00e7al\u0131\u015fmalar<\/span><\/strong><br \/>\n<span style=\"font-family: arial, helvetica, sans-serif; font-size: 14px;\">Eylem plan\u0131n\u0131n \u00fc\u00e7\u00fcnc\u00fc \u00e7al\u0131\u015fma alan\u0131 ise ula\u015f\u0131m oldu. Ula\u015f\u0131m alan\u0131nda uygulanabilecek \u00e7al\u0131\u015fmalar\u0131n bir k\u0131sm\u0131 ise elektrikli ara\u00e7 kullan\u0131m\u0131n\u0131n yayg\u0131nla\u015ft\u0131r\u0131lmas\u0131, i\u015f yerlerinin \u00e7al\u0131\u015fanlar\u0131n\u0131 toplu ta\u015f\u0131maya y\u00f6nlendirerek \u015firket servislerini artt\u0131rmas\u0131, ye\u015fil \u015fehirle\u015fmesinin artt\u0131r\u0131lmas\u0131, g\u00fcne\u015f panellerinin art\u0131r\u0131larak ev, i\u015f yeri ve otob\u00fcslerde kullan\u0131lmas\u0131, Beyo\u011flu il\u00e7esinde dikey tar\u0131m\u0131n uygulanmas\u0131na y\u00f6nelik projelerin geli\u015ftirilmesi, ara\u00e7lara kataliz\u00f6r tak\u0131lmas\u0131, gelecek nesillerin fark\u0131ndal\u0131klar\u0131n\u0131 artt\u0131rmaya y\u00f6nelik bilgilendirme \u00e7al\u0131\u015fmalar\u0131n\u0131n artt\u0131r\u0131lmas\u0131, denizlerin temizlenmesi ile birlikte emisyon miktar\u0131nda azalt\u0131lmas\u0131, duraklara hareket sens\u00f6r\u00fc tak\u0131lmas\u0131 ve mekanik sistemleri kurulmas\u0131 ile toplu ta\u015f\u0131ma ara\u00e7lar\u0131n\u0131n dur kalk miktar\u0131n\u0131n azalt\u0131lmas\u0131, \u00f6d\u00fcllendirme ve vergi indirimi gibi te\u015fviklerin yap\u0131lmas\u0131, g\u00fcne\u015f panellerinin kullan\u0131lmas\u0131na y\u00f6nelik te\u015fvik b\u00fct\u00e7esinin sa\u011flanmas\u0131<\/span><br \/>\n<span style=\"font-family: arial, helvetica, sans-serif; font-size: 14px;\">olarak s\u0131raland\u0131.<\/span><\/p>\n","protected":false},"excerpt":{"rendered":"<p>Beyo\u011flu Belediyesi, \u201cBeyo\u011flu \u0130klim De\u011fi\u015fikli\u011fi Eylem Plan\u0131\u201dn\u0131 hayata ge\u00e7iriyor. Geni\u015f kapsaml\u0131 olarak haz\u0131rlanan eylem plan\u0131; Sabit Enerji, At\u0131k ve Ula\u015f\u0131m<\/p>\n","protected":false},"author":3,"featured_media":12798,"comment_status":"open","ping_status":"open","sticky":false,"template":"","format":"standard","meta":{"colormag_page_container_layout":"default_layout","colormag_page_sidebar_layout":"default_layout","footnotes":""},"categories":[1,5,8],"tags":[],"class_list":["post-12796","post","type-post","status-publish","format-standard","has-post-thumbnail","hentry","category-genel","category-gundem","category-siyaset"],"_links":{"self":[{"href":"https:\/\/marmarayerelhizmet.com\/index.php\/wp-json\/wp\/v2\/posts\/12796","targetHints":{"allow":["GET"]}}],"collection":[{"href":"https:\/\/marmarayerelhizmet.com\/index.php\/wp-json\/wp\/v2\/posts"}],"about":[{"href":"https:\/\/marmarayerelhizmet.com\/index.php\/wp-json\/wp\/v2\/types\/post"}],"author":[{"embeddable":true,"href":"https:\/\/marmarayerelhizmet.com\/index.php\/wp-json\/wp\/v2\/users\/3"}],"replies":[{"embeddable":true,"href":"https:\/\/marmarayerelhizmet.com\/index.php\/wp-json\/wp\/v2\/comments?post=12796"}],"version-history":[{"count":0,"href":"https:\/\/marmarayerelhizmet.com\/index.php\/wp-json\/wp\/v2\/posts\/12796\/revisions"}],"wp:featuredmedia":[{"embeddable":true,"href":"https:\/\/marmarayerelhizmet.com\/index.php\/wp-json\/wp\/v2\/media\/12798"}],"wp:attachment":[{"href":"https:\/\/marmarayerelhizmet.com\/index.php\/wp-json\/wp\/v2\/media?parent=12796"}],"wp:term":[{"taxonomy":"category","embeddable":true,"href":"https:\/\/marmarayerelhizmet.com\/index.php\/wp-json\/wp\/v2\/categories?post=12796"},{"taxonomy":"post_tag","embeddable":true,"href":"https:\/\/marmarayerelhizmet.com\/index.php\/wp-json\/wp\/v2\/tags?post=12796"}],"curies":[{"name":"wp","href":"https:\/\/api.w.org\/{rel}","templated":true}]}}