{"id":12791,"date":"2023-07-24T18:40:13","date_gmt":"2023-07-24T15:40:13","guid":{"rendered":"https:\/\/marmarayerelhizmet.com\/?p=12791"},"modified":"2023-07-24T18:44:33","modified_gmt":"2023-07-24T15:44:33","slug":"twitterin-logosu-degisti","status":"publish","type":"post","link":"https:\/\/marmarayerelhizmet.com\/index.php\/2023\/07\/24\/twitterin-logosu-degisti\/","title":{"rendered":"Twitter\u2019\u0131n Logosu De\u011fi\u015fti"},"content":{"rendered":"<p><strong><span style=\"font-family: arial, helvetica, sans-serif; font-size: 14px;\">Sosyal medya platformu Twitter\u2019\u0131n mavi ku\u015f logosu \u201cX\u201d ile de\u011fi\u015ftirildi.<br \/>\n<\/span><\/strong><br \/>\n<span style=\"font-family: arial, helvetica, sans-serif; font-size: 14px;\">ABD\u2019li milyarder Elon Musk, sahibi oldu\u011fu d\u00fcnyaca \u00fcnl\u00fc sosyal medya platformu Twitter\u2019\u0131n logosunu de\u011fi\u015ftirece\u011fini a\u00e7\u0131klam\u0131\u015ft\u0131. Musk\u2019\u0131n a\u00e7\u0131klamas\u0131ndan saatler sonra Twitter\u2019\u0131n mavi ku\u015f logosu \u201cX\u201d ile de\u011fi\u015ftirildi. Twitter\u2019\u0131n CEO\u2019su Linda Yaccarino, sosyal medya payla\u015f\u0131m\u0131nda \u201cX burada\u201d diyerek yeni logoyu payla\u015ft\u0131.<\/span><\/p>\n<p><strong><span style=\"font-family: arial, helvetica, sans-serif; font-size: 14px;\">Tweet\u2019ler art\u0131k X olacak<\/span><\/strong><br \/>\n<span style=\"font-family: arial, helvetica, sans-serif; font-size: 14px;\">Elon Musk, sosyal medya platformunun logosunun de\u011fi\u015fece\u011fini a\u00e7\u0131klamas\u0131n\u0131n ard\u0131ndan Twitter hesab\u0131ndaki profil foto\u011fraf\u0131n\u0131 da X ile de\u011fi\u015ftirdi. Musk, Tweet adl\u0131 payla\u015f\u0131mlar\u0131m da art\u0131k X olarak an\u0131laca\u011f\u0131n\u0131 dile getirdi.<\/span><br \/>\n<span style=\"font-family: arial, helvetica, sans-serif; font-size: 14px;\">Musk\u2019\u0131n payla\u015f\u0131m\u0131n\u0131n ard\u0131ndan sosyal medya platformunun San Francisco\u2019da bulunan genel merkezine \u201cX\u201d logosu yans\u0131t\u0131ld\u0131.<\/span><\/p>\n","protected":false},"excerpt":{"rendered":"<p>Sosyal medya platformu Twitter\u2019\u0131n mavi ku\u015f logosu \u201cX\u201d ile de\u011fi\u015ftirildi. ABD\u2019li milyarder Elon Musk, sahibi oldu\u011fu d\u00fcnyaca \u00fcnl\u00fc sosyal medya<\/p>\n","protected":false},"author":3,"featured_media":12793,"comment_status":"open","ping_status":"open","sticky":false,"template":"","format":"standard","meta":{"colormag_page_container_layout":"default_layout","colormag_page_sidebar_layout":"default_layout","footnotes":""},"categories":[1,5],"tags":[],"class_list":["post-12791","post","type-post","status-publish","format-standard","has-post-thumbnail","hentry","category-genel","category-gundem"],"_links":{"self":[{"href":"https:\/\/marmarayerelhizmet.com\/index.php\/wp-json\/wp\/v2\/posts\/12791","targetHints":{"allow":["GET"]}}],"collection":[{"href":"https:\/\/marmarayerelhizmet.com\/index.php\/wp-json\/wp\/v2\/posts"}],"about":[{"href":"https:\/\/marmarayerelhizmet.com\/index.php\/wp-json\/wp\/v2\/types\/post"}],"author":[{"embeddable":true,"href":"https:\/\/marmarayerelhizmet.com\/index.php\/wp-json\/wp\/v2\/users\/3"}],"replies":[{"embeddable":true,"href":"https:\/\/marmarayerelhizmet.com\/index.php\/wp-json\/wp\/v2\/comments?post=12791"}],"version-history":[{"count":0,"href":"https:\/\/marmarayerelhizmet.com\/index.php\/wp-json\/wp\/v2\/posts\/12791\/revisions"}],"wp:featuredmedia":[{"embeddable":true,"href":"https:\/\/marmarayerelhizmet.com\/index.php\/wp-json\/wp\/v2\/media\/12793"}],"wp:attachment":[{"href":"https:\/\/marmarayerelhizmet.com\/index.php\/wp-json\/wp\/v2\/media?parent=12791"}],"wp:term":[{"taxonomy":"category","embeddable":true,"href":"https:\/\/marmarayerelhizmet.com\/index.php\/wp-json\/wp\/v2\/categories?post=12791"},{"taxonomy":"post_tag","embeddable":true,"href":"https:\/\/marmarayerelhizmet.com\/index.php\/wp-json\/wp\/v2\/tags?post=12791"}],"curies":[{"name":"wp","href":"https:\/\/api.w.org\/{rel}","templated":true}]}}