{"id":12787,"date":"2023-07-24T18:32:59","date_gmt":"2023-07-24T15:32:59","guid":{"rendered":"https:\/\/marmarayerelhizmet.com\/?p=12787"},"modified":"2023-07-24T18:32:59","modified_gmt":"2023-07-24T15:32:59","slug":"kamyon-traktore-arkadan-carpti","status":"publish","type":"post","link":"https:\/\/marmarayerelhizmet.com\/index.php\/2023\/07\/24\/kamyon-traktore-arkadan-carpti\/","title":{"rendered":"Kamyon Trakt\u00f6re Arkadan \u00c7arpt\u0131"},"content":{"rendered":"<p><strong><span style=\"font-family: arial, helvetica, sans-serif; font-size: 14px;\">\u00c7anakkale&#8217;nin Ayvac\u0131k il\u00e7esinin Assos t\u00fcnelinde bir kamyon seyir halindeki karpuz y\u00fckl\u00fc trakt\u00f6re arkadan \u00e7arpt\u0131. Kazada trakt\u00f6r s\u00fcr\u00fcc\u00fcs\u00fc yaraland\u0131. Trakt\u00f6r kullan\u0131lamaz hale gelirken, trakt\u00f6r kasas\u0131nda bulunan karpuzlar par\u00e7alanarak, yola savruldu.<br \/>\n<\/span><\/strong><br \/>\n<span style=\"font-family: arial, helvetica, sans-serif; font-size: 14px;\">\u00c7anakkale&#8217;nin Ayvac\u0131k il\u00e7esinden\u00a0Bal\u0131kesir&#8217;in Edremit il\u00e7esine seyir halinde olan H\u00fcseyin \u00d6zel idaresindeki 17 ET 902 plakal\u0131 trakt\u00f6re, ayn\u0131 \u015feritten gelen Sakip \u00d6zkaya idaresindeki 10 AL 975 plakal\u0131 kamyon arkadan \u00e7arpt\u0131. Kazada trakt\u00f6r s\u00fcr\u00fcc\u00fcs\u00fc H\u00fcseyin \u00d6zel yaralanarak ambulansla Edremit Devlet Hastanesi&#8217;ne kald\u0131r\u0131ld\u0131. Kaza sonras\u0131nda bir s\u00fcre kapal\u0131 kalan yolda, tek \u015feritten ula\u015f\u0131m sa\u011flan\u0131rken, trakt\u00f6r kasas\u0131nda bulunan karpuzlar par\u00e7alanarak, yola savruldu.<\/span><br \/>\n<span style=\"font-family: arial, helvetica, sans-serif; font-size: 14px;\">Jandarma kazayla ilgili inceleme ba\u015flatt\u0131.<\/span><\/p>\n","protected":false},"excerpt":{"rendered":"<p>\u00c7anakkale&#8217;nin Ayvac\u0131k il\u00e7esinin Assos t\u00fcnelinde bir kamyon seyir halindeki karpuz y\u00fckl\u00fc trakt\u00f6re arkadan \u00e7arpt\u0131. Kazada trakt\u00f6r s\u00fcr\u00fcc\u00fcs\u00fc yaraland\u0131. Trakt\u00f6r kullan\u0131lamaz<\/p>\n","protected":false},"author":3,"featured_media":12789,"comment_status":"open","ping_status":"open","sticky":false,"template":"","format":"standard","meta":{"colormag_page_container_layout":"default_layout","colormag_page_sidebar_layout":"default_layout","footnotes":""},"categories":[1,5],"tags":[],"class_list":["post-12787","post","type-post","status-publish","format-standard","has-post-thumbnail","hentry","category-genel","category-gundem"],"_links":{"self":[{"href":"https:\/\/marmarayerelhizmet.com\/index.php\/wp-json\/wp\/v2\/posts\/12787","targetHints":{"allow":["GET"]}}],"collection":[{"href":"https:\/\/marmarayerelhizmet.com\/index.php\/wp-json\/wp\/v2\/posts"}],"about":[{"href":"https:\/\/marmarayerelhizmet.com\/index.php\/wp-json\/wp\/v2\/types\/post"}],"author":[{"embeddable":true,"href":"https:\/\/marmarayerelhizmet.com\/index.php\/wp-json\/wp\/v2\/users\/3"}],"replies":[{"embeddable":true,"href":"https:\/\/marmarayerelhizmet.com\/index.php\/wp-json\/wp\/v2\/comments?post=12787"}],"version-history":[{"count":0,"href":"https:\/\/marmarayerelhizmet.com\/index.php\/wp-json\/wp\/v2\/posts\/12787\/revisions"}],"wp:featuredmedia":[{"embeddable":true,"href":"https:\/\/marmarayerelhizmet.com\/index.php\/wp-json\/wp\/v2\/media\/12789"}],"wp:attachment":[{"href":"https:\/\/marmarayerelhizmet.com\/index.php\/wp-json\/wp\/v2\/media?parent=12787"}],"wp:term":[{"taxonomy":"category","embeddable":true,"href":"https:\/\/marmarayerelhizmet.com\/index.php\/wp-json\/wp\/v2\/categories?post=12787"},{"taxonomy":"post_tag","embeddable":true,"href":"https:\/\/marmarayerelhizmet.com\/index.php\/wp-json\/wp\/v2\/tags?post=12787"}],"curies":[{"name":"wp","href":"https:\/\/api.w.org\/{rel}","templated":true}]}}