{"id":12783,"date":"2023-07-24T18:30:54","date_gmt":"2023-07-24T15:30:54","guid":{"rendered":"https:\/\/marmarayerelhizmet.com\/?p=12783"},"modified":"2023-07-24T18:30:54","modified_gmt":"2023-07-24T15:30:54","slug":"baun-sampiyonada-madalyalari-topladi","status":"publish","type":"post","link":"https:\/\/marmarayerelhizmet.com\/index.php\/2023\/07\/24\/baun-sampiyonada-madalyalari-topladi\/","title":{"rendered":"BA\u00dcN \u015eampiyonada Madalyalar\u0131 Toplad\u0131"},"content":{"rendered":"<p><strong><span style=\"font-family: arial, helvetica, sans-serif; font-size: 14px;\">H\u0131rvatistan&#8217;\u0131n ba\u015fkenti Zagreb&#8217;de d\u00fczenlenen \u00dcniversiteler Kickboks Avrupa \u015eampiyonas\u0131na (EUSA 2023) kat\u0131lan Bal\u0131kesir \u00dcniversitesi \u00f6\u011frencisi milli sporcular, ald\u0131klar\u0131 ba\u015far\u0131l\u0131 sonu\u00e7larla milli gurur ya\u015fatt\u0131. BA\u00dcN kafilesi \u015fampiyonada \u00fcniversiteye ve \u00fclkemize 1 alt\u0131n ve 1 bronz madalya kazand\u0131rd\u0131.<\/span><\/strong><\/p>\n<p><span style=\"font-family: arial, helvetica, sans-serif; font-size: 14px;\">Tak\u0131m sorumlusu ve antren\u00f6rleri olarak; Do\u00e7. Dr. Nahit \u00d6zday\u0131, Dr. \u00d6\u011fr. \u00dcyesi Alp Kaan Kilci, \u00d6\u011fr. G\u00f6r. Ali Eren Demirezen ve \u00d6\u011fr. G\u00f6r. Harun Kahraman ile \u015fampiyonaya kat\u0131lan Bal\u0131kesir \u00dcniversiteli Sporcular \u015fampiyonay\u0131 1 alt\u0131n madalya ve 1 bronz madalya ile tamamlad\u0131. 1500&#8217;e yak\u0131n sporcunun yer ald\u0131\u011f\u0131 \u015fampiyonada; G\u00fcler Deniz Topuz Kad\u0131nlar 56 kg.da Avrupa \u015eampiyonu olurken, Bar\u0131\u015f Karaman da Erkekler 67 kg.da Avrupa \u00dc\u00e7\u00fcnc\u00fcs\u00fc olma ba\u015far\u0131s\u0131n\u0131 g\u00f6sterdi.<\/span><\/p>\n<p><span style=\"font-family: arial, helvetica, sans-serif; font-size: 14px;\">Ba\u015far\u0131l\u0131 sporcular madalyalar\u0131n\u0131; T\u00fcrkiye&#8217;nin Zagreb B\u00fcy\u00fckel\u00e7isi Yavuz Selim K\u0131ran ile T\u00fcrkiye Futbol Federasyonu Y\u00f6netim Kurulu Y. \u00dcyesi ve Avrupa \u00dcniversite Sporlar\u0131 Birli\u011fi (EUSA) Markala\u015fma ve Pazarlama Direkt\u00f6r\u00fc S\u00fcleyman Kocasert&#8217;in kat\u0131l\u0131m\u0131yla ger\u00e7ekle\u015fen t\u00f6rende ald\u0131.<\/span><\/p>\n<p><span style=\"font-family: arial, helvetica, sans-serif; font-size: 14px;\">Rekt\u00f6r Prof. Dr. Y\u00fccel O\u011furlu&#8217;dan Tebrik<\/span><\/p>\n<p><span style=\"font-family: arial, helvetica, sans-serif; font-size: 14px;\">Bal\u0131kesir \u00dcniversitesi Rekt\u00f6r\u00fc Prof. Dr. Y\u00fccel O\u011furlu elde edilen sonu\u00e7lar\u0131n ard\u0131ndan \u00fcniversiteli sporcular\u0131 tebrik etti. \u00d6\u011frencilerin uluslararas\u0131 ba\u015far\u0131lar\u0131yla gurur duyduklar\u0131n\u0131 ifade eden Rekt\u00f6r O\u011furlu tak\u0131m sorumlusu ve antren\u00f6rleri ile \u00f6\u011frencileri kutlarken, ba\u015far\u0131lar\u0131n\u0131n devam\u0131n\u0131 diledi.<\/span><\/p>\n<p>&nbsp;<\/p>\n","protected":false},"excerpt":{"rendered":"<p>H\u0131rvatistan&#8217;\u0131n ba\u015fkenti Zagreb&#8217;de d\u00fczenlenen \u00dcniversiteler Kickboks Avrupa \u015eampiyonas\u0131na (EUSA 2023) kat\u0131lan Bal\u0131kesir \u00dcniversitesi \u00f6\u011frencisi milli sporcular, ald\u0131klar\u0131 ba\u015far\u0131l\u0131 sonu\u00e7larla milli<\/p>\n","protected":false},"author":3,"featured_media":12785,"comment_status":"open","ping_status":"open","sticky":false,"template":"","format":"standard","meta":{"colormag_page_container_layout":"default_layout","colormag_page_sidebar_layout":"default_layout","footnotes":""},"categories":[45,1,5,9],"tags":[],"class_list":["post-12783","post","type-post","status-publish","format-standard","has-post-thumbnail","hentry","category-egitim","category-genel","category-gundem","category-spor"],"_links":{"self":[{"href":"https:\/\/marmarayerelhizmet.com\/index.php\/wp-json\/wp\/v2\/posts\/12783","targetHints":{"allow":["GET"]}}],"collection":[{"href":"https:\/\/marmarayerelhizmet.com\/index.php\/wp-json\/wp\/v2\/posts"}],"about":[{"href":"https:\/\/marmarayerelhizmet.com\/index.php\/wp-json\/wp\/v2\/types\/post"}],"author":[{"embeddable":true,"href":"https:\/\/marmarayerelhizmet.com\/index.php\/wp-json\/wp\/v2\/users\/3"}],"replies":[{"embeddable":true,"href":"https:\/\/marmarayerelhizmet.com\/index.php\/wp-json\/wp\/v2\/comments?post=12783"}],"version-history":[{"count":0,"href":"https:\/\/marmarayerelhizmet.com\/index.php\/wp-json\/wp\/v2\/posts\/12783\/revisions"}],"wp:featuredmedia":[{"embeddable":true,"href":"https:\/\/marmarayerelhizmet.com\/index.php\/wp-json\/wp\/v2\/media\/12785"}],"wp:attachment":[{"href":"https:\/\/marmarayerelhizmet.com\/index.php\/wp-json\/wp\/v2\/media?parent=12783"}],"wp:term":[{"taxonomy":"category","embeddable":true,"href":"https:\/\/marmarayerelhizmet.com\/index.php\/wp-json\/wp\/v2\/categories?post=12783"},{"taxonomy":"post_tag","embeddable":true,"href":"https:\/\/marmarayerelhizmet.com\/index.php\/wp-json\/wp\/v2\/tags?post=12783"}],"curies":[{"name":"wp","href":"https:\/\/api.w.org\/{rel}","templated":true}]}}