{"id":12767,"date":"2023-07-23T18:26:04","date_gmt":"2023-07-23T15:26:04","guid":{"rendered":"https:\/\/marmarayerelhizmet.com\/?p=12767"},"modified":"2023-07-23T18:26:04","modified_gmt":"2023-07-23T15:26:04","slug":"beykozda-gece-yarisi-heyecani","status":"publish","type":"post","link":"https:\/\/marmarayerelhizmet.com\/index.php\/2023\/07\/23\/beykozda-gece-yarisi-heyecani\/","title":{"rendered":"Beykoz&#8217;da Gece Yar\u0131\u015f\u0131 Heyecan\u0131"},"content":{"rendered":"<p><strong><span style=\"font-family: arial, helvetica, sans-serif; font-size: 14px;\">Beykoz Belediyesi taraf\u0131ndan T\u00fcrkiye&#8217;nin en b\u00fcy\u00fck orman\u0131 olan &#8216;Beykoz Spor Orman\u0131&#8217; bisiklet sevenlere kap\u0131lar\u0131n\u0131 a\u00e7t\u0131. Do\u011fanay G\u00fczelg\u00fcn&#8217;\u00fcn an\u0131s\u0131na yap\u0131lan bisiklet yar\u0131\u015f\u0131na binlerce bisikletli kat\u0131l\u0131m g\u00f6sterdi.<br \/>\n<\/span><\/strong><br \/>\n<span style=\"font-family: arial, helvetica, sans-serif; font-size: 14px;\">Beykoz Belediyesi taraf\u0131ndan uluslararas\u0131 standartlarda saha ve tesislerle donat\u0131lm\u0131\u015f olan Beykoz Spor Orman\u0131, bisiklet ve do\u011fa severlere ilk kez gece yar\u0131\u015f\u0131 deneyimi ya\u015fatt\u0131. Beykoz Spor Orman\u0131&#8217;nda &#8216;gecenin ruhunu ke\u015ffet&#8217; slogan\u0131yla ger\u00e7ekle\u015fen yar\u0131\u015fa Beykoz Belediye Ba\u015fkan\u0131 Murat Ayd\u0131n&#8217;da parkura bisiklet s\u00fcrerek kat\u0131ld\u0131. Ayr\u0131ca ge\u00e7ti\u011fimiz g\u00fcnlerde Bostanc\u0131 sahilinde bir otomobilin \u00e7arpmas\u0131 sonucu hayat\u0131n\u0131 kaybeden Do\u011fanay G\u00fczelg\u00fcn&#8217;\u00fcn e\u015fi de bu programa kat\u0131l\u0131m g\u00f6sterdi. Her ya\u015ftan amat\u00f6r sporcunun kat\u0131ld\u0131\u011f\u0131 ve farkl\u0131 zorluk derecelerine sahip 9,1 km&#8217;lik parkurda, 45,5 km pedal \u00e7evirerek 5 parkurda birinci olana 3 bin lira, 2. olana 2 bin lira ve 3. olana da bin TL \u00f6d\u00fcl verildi. Gece yar\u0131\u015f\u0131n\u0131n 1.&#8217;si Meltem K\u0131l\u0131n\u00e7 olurken, 2.&#8217;si Gizem Ustaba\u015f ve 3&#8217;c\u00fcs\u00fc de K\u00fcbra Nur P\u0131narak oldu.<\/span><\/p>\n<p><strong><span style=\"font-family: arial, helvetica, sans-serif; font-size: 14px;\">Murat Ayd\u0131n: &#8220;\u0130n\u015fallah bisikleti ya\u015fam\u0131n\u0131n merkezine al\u0131rlar&#8221;<\/span><\/strong><br \/>\n<span style=\"font-family: arial, helvetica, sans-serif; font-size: 14px;\">Bisiklet yar\u0131\u015f\u0131na kat\u0131lan Beykoz Belediye Ba\u015fkan\u0131 Murat Ayd\u0131n, &#8220;Spor Orman\u0131 yakla\u015f\u0131k 9 milyon metrekare alan ve burada bisikletten atletizme, tenise kadar bir\u00e7ok bran\u015fta spor yapabilece\u011fimiz bir alan. \u00c7evre ve \u015eehircilik Bakanl\u0131\u011f\u0131m\u0131z, Beykoz Belediyemiz ve Cumhurba\u015fkan\u0131&#8217;m\u0131z\u0131n destekleriyle olu\u015fturulan bir alan. Bug\u00fcn de burada 4 tane performans parkuru var yol bisikleti i\u00e7in, burada gece yar\u0131\u015f\u0131 yap\u0131yoruz. Yakla\u015f\u0131k 1 y\u0131ld\u0131r gen\u00e7lerimize ve \u0130stanbul halk\u0131na hizmet veriyor. Umuyoruz ve inan\u0131yoruz. \u0130n\u015fallah insanlar\u0131m\u0131z bisikleti ya\u015fam\u0131n\u0131n merkezine al\u0131rlar. \u0130\u015fe gidip gelirken ve i\u015f esnas\u0131nda bir yerden bir yere gidip gelirken, bisikleti kullanmaya ba\u015flarlar. Bu oldu\u011fu s\u00fcrece yani aktif n\u00fcfusun y\u00fczde 25&#8217;i bisiklet kullan\u0131rsa \u00e7ok daha sa\u011fl\u0131kl\u0131 olaca\u011f\u0131z. \u00c7evre kirlili\u011fini \u00f6nlemi\u015f olaca\u011f\u0131z ve en \u00f6nemlisi de milyarlarca lira sa\u011fl\u0131k harcamalar\u0131ndan benim \u00f6ng\u00f6r\u00fcm 200 &#8211; 300 milyarl\u0131k tasarruf olmu\u015f olacakt\u0131r. Art\u0131k trafikte de ara\u00e7lar\u0131n bisiklet\u00e7ilere yard\u0131mc\u0131 olmas\u0131 laz\u0131m. Arkada\u015f\u0131m\u0131z, dostumuz maalesef kendini bilmez bir insan\u0131n o hareketi neticesinde hayattan koptu gitti. Do\u011fanay karde\u015fimizin an\u0131s\u0131na bug\u00fcn ko\u015fmu\u015f oluyoruz&#8221; dedi.<\/span><\/p>\n","protected":false},"excerpt":{"rendered":"<p>Beykoz Belediyesi taraf\u0131ndan T\u00fcrkiye&#8217;nin en b\u00fcy\u00fck orman\u0131 olan &#8216;Beykoz Spor Orman\u0131&#8217; bisiklet sevenlere kap\u0131lar\u0131n\u0131 a\u00e7t\u0131. Do\u011fanay G\u00fczelg\u00fcn&#8217;\u00fcn an\u0131s\u0131na yap\u0131lan bisiklet<\/p>\n","protected":false},"author":3,"featured_media":12769,"comment_status":"open","ping_status":"open","sticky":false,"template":"","format":"standard","meta":{"colormag_page_container_layout":"default_layout","colormag_page_sidebar_layout":"default_layout","footnotes":""},"categories":[1,5,8,9],"tags":[],"class_list":["post-12767","post","type-post","status-publish","format-standard","has-post-thumbnail","hentry","category-genel","category-gundem","category-siyaset","category-spor"],"_links":{"self":[{"href":"https:\/\/marmarayerelhizmet.com\/index.php\/wp-json\/wp\/v2\/posts\/12767","targetHints":{"allow":["GET"]}}],"collection":[{"href":"https:\/\/marmarayerelhizmet.com\/index.php\/wp-json\/wp\/v2\/posts"}],"about":[{"href":"https:\/\/marmarayerelhizmet.com\/index.php\/wp-json\/wp\/v2\/types\/post"}],"author":[{"embeddable":true,"href":"https:\/\/marmarayerelhizmet.com\/index.php\/wp-json\/wp\/v2\/users\/3"}],"replies":[{"embeddable":true,"href":"https:\/\/marmarayerelhizmet.com\/index.php\/wp-json\/wp\/v2\/comments?post=12767"}],"version-history":[{"count":0,"href":"https:\/\/marmarayerelhizmet.com\/index.php\/wp-json\/wp\/v2\/posts\/12767\/revisions"}],"wp:featuredmedia":[{"embeddable":true,"href":"https:\/\/marmarayerelhizmet.com\/index.php\/wp-json\/wp\/v2\/media\/12769"}],"wp:attachment":[{"href":"https:\/\/marmarayerelhizmet.com\/index.php\/wp-json\/wp\/v2\/media?parent=12767"}],"wp:term":[{"taxonomy":"category","embeddable":true,"href":"https:\/\/marmarayerelhizmet.com\/index.php\/wp-json\/wp\/v2\/categories?post=12767"},{"taxonomy":"post_tag","embeddable":true,"href":"https:\/\/marmarayerelhizmet.com\/index.php\/wp-json\/wp\/v2\/tags?post=12767"}],"curies":[{"name":"wp","href":"https:\/\/api.w.org\/{rel}","templated":true}]}}