{"id":12759,"date":"2023-07-23T18:22:11","date_gmt":"2023-07-23T15:22:11","guid":{"rendered":"https:\/\/marmarayerelhizmet.com\/?p=12759"},"modified":"2023-07-23T18:22:11","modified_gmt":"2023-07-23T15:22:11","slug":"bogazin-sularinda-serinlediler","status":"publish","type":"post","link":"https:\/\/marmarayerelhizmet.com\/index.php\/2023\/07\/23\/bogazin-sularinda-serinlediler\/","title":{"rendered":"Bo\u011faz&#8217;\u0131n Sular\u0131nda Serinlediler"},"content":{"rendered":"<p><strong><span style=\"font-family: arial, helvetica, sans-serif; font-size: 14px;\">\u0130stanbul&#8217;da hava s\u0131cakl\u0131klar\u0131n\u0131n y\u00fckselmesiyle birlikte vatanda\u015flar sahillere ak\u0131n etti. Termometreler 38 dereceyi g\u00f6sterirken, Sar\u0131yer sahiline gelenler serinlemek i\u00e7in solu\u011fu denizde ald\u0131.<br \/>\n<\/span><\/strong><br \/>\n<span style=\"font-family: arial, helvetica, sans-serif; font-size: 14px;\">\u0130stanbul\u2019da bunaltan s\u0131caklar nedeniyle serinlemek isteyen vatanda\u015flar park ve sahillere ak\u0131n etti. G\u00fcne\u015f alt\u0131nda kalmamaya \u00e7al\u0131\u015fan \u0130stanbullular bulduklar\u0131 g\u00f6lgede piknik yap\u0131p, \u0130stanbul Bo\u011faz\u0131\u2019nda y\u00fczmenin tad\u0131n\u0131 \u00e7\u0131kartt\u0131. Sar\u0131yer\u2019de bulunan A\u015fiyan sahilinden denize giren bir\u00e7ok vatanda\u015f, plajlar yerine Bo\u011faz\u2019da y\u00fczmenin daha keyifli oldu\u011funu ifade etti.<\/span><\/p>\n<p><strong><span style=\"font-family: arial, helvetica, sans-serif; font-size: 14px;\">&#8220;Denize girdi\u011fimizde serinliyoruz&#8221;<\/span><\/strong><br \/>\n<span style=\"font-family: arial, helvetica, sans-serif; font-size: 14px;\">Arkada\u015flar\u0131yla birlikte Bo\u011faz&#8217;a denize girmeye geldiklerini belirten 9 ya\u015f\u0131ndaki Ali Bilgesu, \u201c5 senedir y\u00fcz\u00fcyorum. Arkada\u015flar\u0131m\u0131 \u00e7a\u011f\u0131r\u0131yorum onlarla birlikte y\u00fcz\u00fcyoruz. Hava \u00e7ok g\u00fczel, denize girdi\u011fimizde serinliyoruz. D\u00fcn ke\u015fke denize gireyim demi\u015ftim. Girdim \u00e7ok serinledim. Su \u00e7ok g\u00fczel\u201d dedi.<\/span><\/p>\n<p><strong><span style=\"font-family: arial, helvetica, sans-serif; font-size: 14px;\">\u201c\u0130nan\u0131lmaz s\u0131cak bir hava var\u201d<\/span><\/strong><br \/>\n<span style=\"font-family: arial, helvetica, sans-serif; font-size: 14px;\">O\u011fluyla birlikte her hafta sonu A\u015fiyan sahiline y\u00fczmeye geldiklerini dile getiren Mustafa Bilgesu, \u201cValla \u0130stanbul g\u00fczel. \u00d6zellikle A\u015fiyan g\u00fczel. Burada \u00e7ok g\u00fczel bir hava var. O\u011flumla beraber sabah 6\u2019da \u00e7\u0131k\u0131yoruz. Her cumartesi, pazar buraday\u0131z. \u0130nan\u0131lmaz s\u0131cak bir hava var\u201d diye konu\u015ftu.<\/span><\/p>\n<p><strong><span style=\"font-family: arial, helvetica, sans-serif; font-size: 14px;\">\u201cBu yaz ge\u00e7en yazdan daha s\u0131cak\u201d<\/span><\/strong><br \/>\n<span style=\"font-family: arial, helvetica, sans-serif; font-size: 14px;\">Bu seneki yaz\u0131n ge\u00e7en seneye g\u00f6re daha s\u0131cak ge\u00e7ti\u011fini ifade eden Bayram \u015eim\u015fek, \u201c\u015eu an g\u00f6lgede bile ger\u00e7ekten \u00e7ok s\u0131cak. Herhalde 38, 40 dereceyi g\u00f6rd\u00fck. Biz de serinlemek i\u00e7in arkada\u015flarla geliyoruz. Hafta sonumuzu de\u011ferlendiriyoruz. Bu yaz ge\u00e7en yazdan daha s\u0131cak\u201d \u015feklinde konu\u015ftu.<\/span><br \/>\n<span style=\"font-family: arial, helvetica, sans-serif; font-size: 14px;\">Denizin \u00e7ok temiz ve serin oldu\u011funu vurgulayan Cebrail Bayselam, \u201cDeniz \u00e7ok iyi. Hava \u00e7ok s\u0131cak. Bo\u011faz akar oldu\u011fu i\u00e7in denizi \u00e7ok serin. Marmara olmas\u0131na ra\u011fmen \u00e7ok temiz. Biz de burada serinliyoruz. Denize girecek yer yok, her yer bin, bin 500 lira\u201d ifadelerini kulland\u0131.<\/span><\/p>\n","protected":false},"excerpt":{"rendered":"<p>\u0130stanbul&#8217;da hava s\u0131cakl\u0131klar\u0131n\u0131n y\u00fckselmesiyle birlikte vatanda\u015flar sahillere ak\u0131n etti. Termometreler 38 dereceyi g\u00f6sterirken, Sar\u0131yer sahiline gelenler serinlemek i\u00e7in solu\u011fu denizde<\/p>\n","protected":false},"author":3,"featured_media":12761,"comment_status":"open","ping_status":"open","sticky":false,"template":"","format":"standard","meta":{"colormag_page_container_layout":"default_layout","colormag_page_sidebar_layout":"default_layout","footnotes":""},"categories":[1,5],"tags":[],"class_list":["post-12759","post","type-post","status-publish","format-standard","has-post-thumbnail","hentry","category-genel","category-gundem"],"_links":{"self":[{"href":"https:\/\/marmarayerelhizmet.com\/index.php\/wp-json\/wp\/v2\/posts\/12759","targetHints":{"allow":["GET"]}}],"collection":[{"href":"https:\/\/marmarayerelhizmet.com\/index.php\/wp-json\/wp\/v2\/posts"}],"about":[{"href":"https:\/\/marmarayerelhizmet.com\/index.php\/wp-json\/wp\/v2\/types\/post"}],"author":[{"embeddable":true,"href":"https:\/\/marmarayerelhizmet.com\/index.php\/wp-json\/wp\/v2\/users\/3"}],"replies":[{"embeddable":true,"href":"https:\/\/marmarayerelhizmet.com\/index.php\/wp-json\/wp\/v2\/comments?post=12759"}],"version-history":[{"count":0,"href":"https:\/\/marmarayerelhizmet.com\/index.php\/wp-json\/wp\/v2\/posts\/12759\/revisions"}],"wp:featuredmedia":[{"embeddable":true,"href":"https:\/\/marmarayerelhizmet.com\/index.php\/wp-json\/wp\/v2\/media\/12761"}],"wp:attachment":[{"href":"https:\/\/marmarayerelhizmet.com\/index.php\/wp-json\/wp\/v2\/media?parent=12759"}],"wp:term":[{"taxonomy":"category","embeddable":true,"href":"https:\/\/marmarayerelhizmet.com\/index.php\/wp-json\/wp\/v2\/categories?post=12759"},{"taxonomy":"post_tag","embeddable":true,"href":"https:\/\/marmarayerelhizmet.com\/index.php\/wp-json\/wp\/v2\/tags?post=12759"}],"curies":[{"name":"wp","href":"https:\/\/api.w.org\/{rel}","templated":true}]}}