{"id":12751,"date":"2023-07-23T18:18:16","date_gmt":"2023-07-23T15:18:16","guid":{"rendered":"https:\/\/marmarayerelhizmet.com\/?p=12751"},"modified":"2023-07-23T18:18:16","modified_gmt":"2023-07-23T15:18:16","slug":"uludagin-eteklerinde-orman-yangini","status":"publish","type":"post","link":"https:\/\/marmarayerelhizmet.com\/index.php\/2023\/07\/23\/uludagin-eteklerinde-orman-yangini\/","title":{"rendered":"Uluda\u011f\u2019\u0131n Eteklerinde Orman Yang\u0131n\u0131"},"content":{"rendered":"<p><strong><span style=\"font-family: arial, helvetica, sans-serif; font-size: 14px;\">Bursa&#8217;da Uluda\u011f\u2019\u0131n eteklerinde bulunan Balaban mevkiindeki ormanl\u0131k alanda ba\u015flayan yang\u0131na havadan ve karadan m\u00fcdahale ediliyor.<\/span><\/strong><\/p>\n<p><span style=\"font-family: arial, helvetica, sans-serif; font-size: 14px;\">Y\u0131ld\u0131r\u0131m il\u00e7esi Uluda\u011f\u2019\u0131n eteklerindeki Balaban mevkiinde dumanlar\u0131n y\u00fckseldi\u011fini g\u00f6ren vatanda\u015flar durumu itfaiye ve orman ekiplerine bildirdi. K\u0131sa s\u00fcrede olay yerine Bursa B\u00fcy\u00fck\u015fehir Belediyesi \u0130tfaiye Daire Ba\u015fkanl\u0131\u011f\u0131 ile Orman B\u00f6lge M\u00fcd\u00fcrl\u00fc\u011f\u00fcne ait ekipler gelerek alevlere m\u00fcdahale etti. Helikopterle alevlere havadan m\u00fcdahale edilirken Karap\u0131nar\u2019daki g\u00f6lden su almas\u0131 vatanda\u015flar\u0131n kameralar\u0131na yans\u0131d\u0131.<\/span><br \/>\n<span style=\"font-family: arial, helvetica, sans-serif; font-size: 14px;\">Ayr\u0131ca ekiplerin haricinde vatanda\u015flar da alevleri s\u00f6nd\u00fcrmek i\u00e7in canla ba\u015fla \u00e7al\u0131\u015f\u0131yor.<\/span><\/p>\n","protected":false},"excerpt":{"rendered":"<p>Bursa&#8217;da Uluda\u011f\u2019\u0131n eteklerinde bulunan Balaban mevkiindeki ormanl\u0131k alanda ba\u015flayan yang\u0131na havadan ve karadan m\u00fcdahale ediliyor. Y\u0131ld\u0131r\u0131m il\u00e7esi Uluda\u011f\u2019\u0131n eteklerindeki Balaban<\/p>\n","protected":false},"author":3,"featured_media":12753,"comment_status":"open","ping_status":"open","sticky":false,"template":"","format":"standard","meta":{"colormag_page_container_layout":"default_layout","colormag_page_sidebar_layout":"default_layout","footnotes":""},"categories":[1,5],"tags":[],"class_list":["post-12751","post","type-post","status-publish","format-standard","has-post-thumbnail","hentry","category-genel","category-gundem"],"_links":{"self":[{"href":"https:\/\/marmarayerelhizmet.com\/index.php\/wp-json\/wp\/v2\/posts\/12751","targetHints":{"allow":["GET"]}}],"collection":[{"href":"https:\/\/marmarayerelhizmet.com\/index.php\/wp-json\/wp\/v2\/posts"}],"about":[{"href":"https:\/\/marmarayerelhizmet.com\/index.php\/wp-json\/wp\/v2\/types\/post"}],"author":[{"embeddable":true,"href":"https:\/\/marmarayerelhizmet.com\/index.php\/wp-json\/wp\/v2\/users\/3"}],"replies":[{"embeddable":true,"href":"https:\/\/marmarayerelhizmet.com\/index.php\/wp-json\/wp\/v2\/comments?post=12751"}],"version-history":[{"count":0,"href":"https:\/\/marmarayerelhizmet.com\/index.php\/wp-json\/wp\/v2\/posts\/12751\/revisions"}],"wp:featuredmedia":[{"embeddable":true,"href":"https:\/\/marmarayerelhizmet.com\/index.php\/wp-json\/wp\/v2\/media\/12753"}],"wp:attachment":[{"href":"https:\/\/marmarayerelhizmet.com\/index.php\/wp-json\/wp\/v2\/media?parent=12751"}],"wp:term":[{"taxonomy":"category","embeddable":true,"href":"https:\/\/marmarayerelhizmet.com\/index.php\/wp-json\/wp\/v2\/categories?post=12751"},{"taxonomy":"post_tag","embeddable":true,"href":"https:\/\/marmarayerelhizmet.com\/index.php\/wp-json\/wp\/v2\/tags?post=12751"}],"curies":[{"name":"wp","href":"https:\/\/api.w.org\/{rel}","templated":true}]}}