{"id":12743,"date":"2023-07-23T00:23:52","date_gmt":"2023-07-22T21:23:52","guid":{"rendered":"https:\/\/marmarayerelhizmet.com\/?p=12743"},"modified":"2023-07-23T00:23:52","modified_gmt":"2023-07-22T21:23:52","slug":"3-koyde-yangin-basladi","status":"publish","type":"post","link":"https:\/\/marmarayerelhizmet.com\/index.php\/2023\/07\/23\/3-koyde-yangin-basladi\/","title":{"rendered":"3 K\u00f6yde Yang\u0131n Ba\u015flad\u0131"},"content":{"rendered":"<p><strong><span style=\"font-family: arial, helvetica, sans-serif; font-size: 14px;\">Edirne&#8217;nin Uzunk\u00f6pr\u00fc il\u00e7esine ba\u011fl\u0131 birbirine yak\u0131n 3 k\u00f6yde aniden ba\u015flayan orman yang\u0131n\u0131na 6 saattir aral\u0131ks\u0131z havadan ve karadan m\u00fcdahale s\u00fcr\u00fcyor.<\/span><\/strong><\/p>\n<p><span style=\"font-family: arial, helvetica, sans-serif; font-size: 14px;\">Saat 15:30 s\u0131ralar\u0131nda Uzunk\u00f6pr\u00fc il\u00e7esine ba\u011fl\u0131 Maksutlu, Hamidiye ve Karap\u0131nar k\u00f6ylerinde bilinmeyen bir nedenle \u00e7\u0131kan yang\u0131n 1000 dekarl\u0131k bi\u00e7ilmi\u015f bu\u011fday arazisine yay\u0131ld\u0131. R\u00fczg\u00e2r\u0131n da etkisiyle ormanl\u0131k alana s\u0131\u00e7rayan yang\u0131na, Edirne Orman \u0130\u015fletme M\u00fcd\u00fcrl\u00fc\u011f\u00fc ekipleri, 2 u\u00e7ak, 1 helikopter, 8 araz\u00f6z, 2 su tankeri, 4 paletli dozer, 6 tane lastikli dozer ve \u00e7evre belediyelerin itfaiye ekipleri taraf\u0131ndan yo\u011fun \u015fekilde m\u00fcdahale ediliyor. B\u00fcy\u00fck \u00f6l\u00e7\u00fcde kontrol alt\u0131na al\u0131nan yang\u0131nda yer yer so\u011futma \u00e7al\u0131\u015fmalar\u0131na ba\u015flan\u0131ld\u0131.<\/span><\/p>\n<p><span style=\"font-family: arial, helvetica, sans-serif; font-size: 14px;\">K\u00f6y halk\u0131ndan \u00d6zen\u00e7 Tan, hemen olay yerine gidip trakt\u00f6rler ile yang\u0131n\u0131 s\u00f6nd\u00fcrmek i\u00e7in m\u00fccadele ettiklerini anlatt\u0131. K\u0131sa s\u00fcrede b\u00fcy\u00fcyen alevlerin trakt\u00f6rlerin lastiklerini yakt\u0131\u011f\u0131n\u0131 ifade eden Tan, en b\u00fcy\u00fck sorunum orman\u0131n i\u00e7inde yol olmamas\u0131 oldu\u011funu vurgulad\u0131. Bir ba\u015fka k\u00f6y halk\u0131 Sadri Postac\u0131 da yang\u0131n\u0131 s\u00f6nd\u00fcrmek i\u00e7in trakt\u00f6r\u00fc ile m\u00fcdahale etti\u011fi esnada trakt\u00f6r\u00fcn alevlere teslim oldu\u011funu s\u00f6yledi. K\u00f6y sakinlerinden Hasan Sevin\u00e7, m\u00fcdahale etmedikleri takdirde yang\u0131n\u0131n k\u00f6ylerine s\u0131\u00e7rayaca\u011f\u0131n\u0131 ifade ederek, \u201cU\u00e7ak, helikopter ve itfaiye ekipleri ve kom\u015fu k\u00f6ylerde bulunan maden ocaklar\u0131nda bulunan i\u015f makineleri ile orman\u0131n i\u00e7ine girilmesi i\u00e7in \u00e7al\u0131\u015fmalar yap\u0131l\u0131yor, orman yakla\u015f\u0131k 2 bin d\u00f6n\u00fcm.\u201c ifadelerini kulland\u0131.<\/span><\/p>\n","protected":false},"excerpt":{"rendered":"<p>Edirne&#8217;nin Uzunk\u00f6pr\u00fc il\u00e7esine ba\u011fl\u0131 birbirine yak\u0131n 3 k\u00f6yde aniden ba\u015flayan orman yang\u0131n\u0131na 6 saattir aral\u0131ks\u0131z havadan ve karadan m\u00fcdahale s\u00fcr\u00fcyor.<\/p>\n","protected":false},"author":3,"featured_media":12745,"comment_status":"open","ping_status":"open","sticky":false,"template":"","format":"standard","meta":{"colormag_page_container_layout":"default_layout","colormag_page_sidebar_layout":"default_layout","footnotes":""},"categories":[1,5],"tags":[],"class_list":["post-12743","post","type-post","status-publish","format-standard","has-post-thumbnail","hentry","category-genel","category-gundem"],"_links":{"self":[{"href":"https:\/\/marmarayerelhizmet.com\/index.php\/wp-json\/wp\/v2\/posts\/12743","targetHints":{"allow":["GET"]}}],"collection":[{"href":"https:\/\/marmarayerelhizmet.com\/index.php\/wp-json\/wp\/v2\/posts"}],"about":[{"href":"https:\/\/marmarayerelhizmet.com\/index.php\/wp-json\/wp\/v2\/types\/post"}],"author":[{"embeddable":true,"href":"https:\/\/marmarayerelhizmet.com\/index.php\/wp-json\/wp\/v2\/users\/3"}],"replies":[{"embeddable":true,"href":"https:\/\/marmarayerelhizmet.com\/index.php\/wp-json\/wp\/v2\/comments?post=12743"}],"version-history":[{"count":0,"href":"https:\/\/marmarayerelhizmet.com\/index.php\/wp-json\/wp\/v2\/posts\/12743\/revisions"}],"wp:featuredmedia":[{"embeddable":true,"href":"https:\/\/marmarayerelhizmet.com\/index.php\/wp-json\/wp\/v2\/media\/12745"}],"wp:attachment":[{"href":"https:\/\/marmarayerelhizmet.com\/index.php\/wp-json\/wp\/v2\/media?parent=12743"}],"wp:term":[{"taxonomy":"category","embeddable":true,"href":"https:\/\/marmarayerelhizmet.com\/index.php\/wp-json\/wp\/v2\/categories?post=12743"},{"taxonomy":"post_tag","embeddable":true,"href":"https:\/\/marmarayerelhizmet.com\/index.php\/wp-json\/wp\/v2\/tags?post=12743"}],"curies":[{"name":"wp","href":"https:\/\/api.w.org\/{rel}","templated":true}]}}