{"id":12735,"date":"2023-07-22T19:36:03","date_gmt":"2023-07-22T16:36:03","guid":{"rendered":"https:\/\/marmarayerelhizmet.com\/?p=12735"},"modified":"2023-07-22T19:36:03","modified_gmt":"2023-07-22T16:36:03","slug":"kemerburgazda-orman-yangini","status":"publish","type":"post","link":"https:\/\/marmarayerelhizmet.com\/index.php\/2023\/07\/22\/kemerburgazda-orman-yangini\/","title":{"rendered":"Kemerburgaz&#8217;da Orman Yang\u0131n\u0131"},"content":{"rendered":"<p><span style=\"font-family: arial, helvetica, sans-serif; font-size: 14px;\"><strong>Ey\u00fcpsultan Kemerburgaz&#8217;da bulunan ormanl\u0131k alanda bilinmeyen bir sebeple yang\u0131n \u00e7\u0131kt\u0131. \u0130tfaiye ekiplerinin yan\u0131 s\u0131ra yang\u0131n s\u00f6nd\u00fcrme helikopterinin de m\u00fcdahale etti\u011fi yang\u0131n k\u0131sa s\u00fcrede kontrol alt\u0131na al\u0131nd\u0131.<br \/>\n<\/strong><\/span><br \/>\n<span style=\"font-family: arial, helvetica, sans-serif; font-size: 14px;\">Ey\u00fcpsultan Kemerburgaz Pirin\u00e7\u00e7i kav\u015fa\u011f\u0131nda bulunan ormanl\u0131k alanda saat 15.00 s\u0131ralar\u0131nda bilinmeyen bir sebeple yang\u0131n \u00e7\u0131kt\u0131. \u0130hbar \u00fczerine b\u00f6lgeye \u00e7e\u015fitli il\u00e7elerden itfaiye ekipleri sevk edildi. Olay yerine varan ekipler yang\u0131na m\u00fcdahale ederken, yang\u0131n s\u00f6nd\u00fcrme helikopteri de \u00e7al\u0131\u015fmalara havadan destek verdi. Ayr\u0131ca b\u00f6lgeye gelen TOMA&#8217;larla itfaiye ara\u00e7lar\u0131na su deste\u011fi sa\u011fland\u0131. Yap\u0131lan yo\u011fun m\u00fcdahalenin ard\u0131ndan yang\u0131n k\u0131sa s\u00fcrede kontrol alt\u0131na al\u0131nd\u0131. B\u00f6lgede so\u011futma \u00e7al\u0131\u015fmalar\u0131 devam ederken yang\u0131nla ilgili inceleme ba\u015flat\u0131ld\u0131.<\/span><\/p>\n<p><span style=\"font-size: 14px;\"><strong><span style=\"font-family: arial, helvetica, sans-serif;\">\u0130STANBUL VAL\u0130L\u0130\u011e\u0130 A\u00c7IKLAMA YAPTI<\/span><\/strong><\/span><br \/>\n<span style=\"font-family: arial, helvetica, sans-serif; font-size: 14px;\">Hasdal ve Kemerburgaz&#8217;da bug\u00fcn \u00e7\u0131kan yang\u0131nlara ili\u015fkin \u0130stanbul Valili\u011fi taraf\u0131ndan a\u00e7\u0131klama yap\u0131ld\u0131. Valilik a\u00e7\u0131klamas\u0131nda \u201c22 Temmuz 2023 tarihinde ormanl\u0131k alan yak\u0131nlar\u0131nda iki yang\u0131n olay\u0131 ya\u015fanm\u0131\u015ft\u0131r. Ey\u00fcpsultan il\u00e7esi G\u00f6kt\u00fcrk Merkez Mahallesi b\u00f6lgesindeki otluk alanda \u00e7\u0131kan yang\u0131na, itfaiye ve orman ekiplerimizce ba\u015flama evresinde m\u00fcdahale edilmi\u015f, yang\u0131n hen\u00fcz iki d\u00f6n\u00fcml\u00fck bir alan\u0131 etkisi alt\u0131na ald\u0131\u011f\u0131 s\u0131rada s\u00f6nd\u00fcr\u00fclm\u00fc\u015ft\u00fcr. Olay sonras\u0131nda b\u00f6lgede ekiplerimizce so\u011futma \u00e7al\u0131\u015fmalar\u0131 yap\u0131lm\u0131\u015ft\u0131r. \u0130kinci yang\u0131n olay\u0131 ise Ey\u00fcpsultan Hasdal Askeri K\u0131\u015flas\u0131\u2019nda budanan a\u011fa\u00e7lar\u0131n budanan par\u00e7alar\u0131n\u0131n istiflendi\u011fi hurdal\u0131k alanda \u00e7\u0131km\u0131\u015f olup, yang\u0131n ekiplerimizin ivedi m\u00fcdahalesiyle herhangi bir sirayet olmadan s\u00f6nd\u00fcr\u00fclm\u00fc\u015ft\u00fcr\u201d ifadelerine yer verildi.<\/span><\/p>\n","protected":false},"excerpt":{"rendered":"<p>Ey\u00fcpsultan Kemerburgaz&#8217;da bulunan ormanl\u0131k alanda bilinmeyen bir sebeple yang\u0131n \u00e7\u0131kt\u0131. \u0130tfaiye ekiplerinin yan\u0131 s\u0131ra yang\u0131n s\u00f6nd\u00fcrme helikopterinin de m\u00fcdahale etti\u011fi<\/p>\n","protected":false},"author":3,"featured_media":12737,"comment_status":"open","ping_status":"open","sticky":false,"template":"","format":"standard","meta":{"colormag_page_container_layout":"default_layout","colormag_page_sidebar_layout":"default_layout","footnotes":""},"categories":[1,5],"tags":[],"class_list":["post-12735","post","type-post","status-publish","format-standard","has-post-thumbnail","hentry","category-genel","category-gundem"],"_links":{"self":[{"href":"https:\/\/marmarayerelhizmet.com\/index.php\/wp-json\/wp\/v2\/posts\/12735","targetHints":{"allow":["GET"]}}],"collection":[{"href":"https:\/\/marmarayerelhizmet.com\/index.php\/wp-json\/wp\/v2\/posts"}],"about":[{"href":"https:\/\/marmarayerelhizmet.com\/index.php\/wp-json\/wp\/v2\/types\/post"}],"author":[{"embeddable":true,"href":"https:\/\/marmarayerelhizmet.com\/index.php\/wp-json\/wp\/v2\/users\/3"}],"replies":[{"embeddable":true,"href":"https:\/\/marmarayerelhizmet.com\/index.php\/wp-json\/wp\/v2\/comments?post=12735"}],"version-history":[{"count":0,"href":"https:\/\/marmarayerelhizmet.com\/index.php\/wp-json\/wp\/v2\/posts\/12735\/revisions"}],"wp:featuredmedia":[{"embeddable":true,"href":"https:\/\/marmarayerelhizmet.com\/index.php\/wp-json\/wp\/v2\/media\/12737"}],"wp:attachment":[{"href":"https:\/\/marmarayerelhizmet.com\/index.php\/wp-json\/wp\/v2\/media?parent=12735"}],"wp:term":[{"taxonomy":"category","embeddable":true,"href":"https:\/\/marmarayerelhizmet.com\/index.php\/wp-json\/wp\/v2\/categories?post=12735"},{"taxonomy":"post_tag","embeddable":true,"href":"https:\/\/marmarayerelhizmet.com\/index.php\/wp-json\/wp\/v2\/tags?post=12735"}],"curies":[{"name":"wp","href":"https:\/\/api.w.org\/{rel}","templated":true}]}}