{"id":12731,"date":"2023-07-22T19:12:44","date_gmt":"2023-07-22T16:12:44","guid":{"rendered":"https:\/\/marmarayerelhizmet.com\/?p=12731"},"modified":"2023-07-22T19:12:44","modified_gmt":"2023-07-22T16:12:44","slug":"tdk-inceleme-baslatti","status":"publish","type":"post","link":"https:\/\/marmarayerelhizmet.com\/index.php\/2023\/07\/22\/tdk-inceleme-baslatti\/","title":{"rendered":"TDK \u0130nceleme Ba\u015flatt\u0131"},"content":{"rendered":"<p><strong><span style=\"font-family: arial, helvetica, sans-serif;\">T\u00fcrk Dil Kurumu (TDK), kendi ald\u0131\u011f\u0131 kararla \u2018T\u00fcrkiyeli\u2019 kelimesinin T\u00fcrk\u00e7e s\u00f6zl\u00fc\u011fe eklenmesine ili\u015fkin inceleme ba\u015flatt\u0131.<\/span><\/strong><\/p>\n<p><span style=\"font-family: arial, helvetica, sans-serif;\">TDK, T\u00fcrk\u00e7e s\u00f6zl\u00fc\u011f\u00fcnde baz\u0131 kelimelere ili\u015fkin d\u00fczenlemeye gitti. D\u00fczenlemeyle birlikte TDK taraf\u0131ndan, \u2018T\u00fcrkiyeli\u2019 kelimesi i\u00e7in &#8216;T\u00fcrkiye\u2019de ya\u015fayan halk ve bu halk\u0131n soyundan olan kimse&#8217; tan\u0131m\u0131 yap\u0131ld\u0131.<\/span><br \/>\n<span style=\"font-family: arial, helvetica, sans-serif;\">D\u00fczenleme sosyal medyada tart\u0131\u015fmaya neden olurken, \u2018T\u00fcrkiyeli\u2019 kelimesi ve tan\u0131m\u0131 tepkiler sonras\u0131 kald\u0131r\u0131ld\u0131.<\/span><br \/>\n<span style=\"font-family: arial, helvetica, sans-serif;\">T\u00fcrk Dil Kurumunca ya\u015fananlar sonras\u0131 yap\u0131lan a\u00e7\u0131klamada, G\u00fcncel T\u00fcrk\u00e7e S\u00f6zl\u00fck Bilim ve Uygulama Kolu \u00fcyeleri ve uzmanlar\u0131 taraf\u0131ndan 2019 y\u0131l\u0131nda g\u00fcncelleme \u00e7al\u0131\u015fmalar\u0131na ba\u015flanan T\u00fcrk\u00e7e S\u00f6zl\u00fck\u2019\u00fcn, mevcut haliyle 2023 y\u0131l\u0131nda kullan\u0131ma sunuldu\u011fu belirtilerek, \u201cHaz\u0131rl\u0131k, g\u00fcncelleme ve yay\u0131mlanma s\u00fcrecinde mevcut y\u00f6netimin yer almad\u0131\u011f\u0131 s\u00f6zl\u00fckle ilgili bas\u0131nda ve sosyal medyada \u00e7\u0131kan ele\u015ftiri ve \u00f6neriler dikkate al\u0131nm\u0131\u015f ve gerekli incelemeler ba\u015flat\u0131lm\u0131\u015ft\u0131r. Konuyla ilgili geli\u015fmeler hakk\u0131nda en k\u0131sa zamanda Kurumumuz taraf\u0131ndan gerekli a\u00e7\u0131klamalar yap\u0131lacakt\u0131r\u201d denildi.<\/span><\/p>\n","protected":false},"excerpt":{"rendered":"<p>T\u00fcrk Dil Kurumu (TDK), kendi ald\u0131\u011f\u0131 kararla \u2018T\u00fcrkiyeli\u2019 kelimesinin T\u00fcrk\u00e7e s\u00f6zl\u00fc\u011fe eklenmesine ili\u015fkin inceleme ba\u015flatt\u0131. TDK, T\u00fcrk\u00e7e s\u00f6zl\u00fc\u011f\u00fcnde baz\u0131 kelimelere<\/p>\n","protected":false},"author":3,"featured_media":12733,"comment_status":"open","ping_status":"open","sticky":false,"template":"","format":"standard","meta":{"colormag_page_container_layout":"default_layout","colormag_page_sidebar_layout":"default_layout","footnotes":""},"categories":[1,5],"tags":[],"class_list":["post-12731","post","type-post","status-publish","format-standard","has-post-thumbnail","hentry","category-genel","category-gundem"],"_links":{"self":[{"href":"https:\/\/marmarayerelhizmet.com\/index.php\/wp-json\/wp\/v2\/posts\/12731","targetHints":{"allow":["GET"]}}],"collection":[{"href":"https:\/\/marmarayerelhizmet.com\/index.php\/wp-json\/wp\/v2\/posts"}],"about":[{"href":"https:\/\/marmarayerelhizmet.com\/index.php\/wp-json\/wp\/v2\/types\/post"}],"author":[{"embeddable":true,"href":"https:\/\/marmarayerelhizmet.com\/index.php\/wp-json\/wp\/v2\/users\/3"}],"replies":[{"embeddable":true,"href":"https:\/\/marmarayerelhizmet.com\/index.php\/wp-json\/wp\/v2\/comments?post=12731"}],"version-history":[{"count":0,"href":"https:\/\/marmarayerelhizmet.com\/index.php\/wp-json\/wp\/v2\/posts\/12731\/revisions"}],"wp:featuredmedia":[{"embeddable":true,"href":"https:\/\/marmarayerelhizmet.com\/index.php\/wp-json\/wp\/v2\/media\/12733"}],"wp:attachment":[{"href":"https:\/\/marmarayerelhizmet.com\/index.php\/wp-json\/wp\/v2\/media?parent=12731"}],"wp:term":[{"taxonomy":"category","embeddable":true,"href":"https:\/\/marmarayerelhizmet.com\/index.php\/wp-json\/wp\/v2\/categories?post=12731"},{"taxonomy":"post_tag","embeddable":true,"href":"https:\/\/marmarayerelhizmet.com\/index.php\/wp-json\/wp\/v2\/tags?post=12731"}],"curies":[{"name":"wp","href":"https:\/\/api.w.org\/{rel}","templated":true}]}}