{"id":12727,"date":"2023-07-22T19:10:13","date_gmt":"2023-07-22T16:10:13","guid":{"rendered":"https:\/\/marmarayerelhizmet.com\/?p=12727"},"modified":"2023-07-22T19:10:13","modified_gmt":"2023-07-22T16:10:13","slug":"karesi-gelenekleri-yasatiyor","status":"publish","type":"post","link":"https:\/\/marmarayerelhizmet.com\/index.php\/2023\/07\/22\/karesi-gelenekleri-yasatiyor\/","title":{"rendered":"Karesi Gelenekleri Ya\u015fat\u0131yor"},"content":{"rendered":"<p><strong><span style=\"font-family: arial, helvetica, sans-serif; font-size: 14px;\">Karesi Belediye Ba\u015fkan\u0131 Din\u00e7er Orkan\u2019\u0131n projelerinden biri daha hayata ge\u00e7ti. Armutalan Mahallesi\u2019nde geleneksel G\u00fcrc\u00fc mimarisinden esinlenilerek in\u015fa edilen Karesi Belediyesi Armutalan K\u00fclt\u00fcr Merkezi d\u00fczenlenen t\u00f6ren ile kap\u0131lar\u0131n\u0131 a\u00e7t\u0131.<\/span><\/strong><\/p>\n<p><span style=\"font-family: arial, helvetica, sans-serif; font-size: 14px;\">G\u00f6reve geldi\u011fi g\u00fcnden bu yana s\u00f6z verdi\u011fi projeleri tek tek hayata ge\u00e7iren Karesi Belediye Ba\u015fkan\u0131 Din\u00e7er Orkan, yeni bir yat\u0131r\u0131m\u0131n daha a\u00e7\u0131l\u0131\u015f\u0131n\u0131 yapt\u0131. Karesi\u2019nin k\u0131rsal Armutalan Mahallesi\u2019nde in\u015fa edilen Karesi Belediyesi Armutalan K\u00fclt\u00fcr Merkezi a\u00e7\u0131l\u0131\u015f\u0131 ger\u00e7ekle\u015ftirildi. Geleneksel G\u00fcrc\u00fc mimarisinden esinlenilerek yap\u0131lan merkezin a\u00e7\u0131l\u0131\u015f\u0131 sayg\u0131 duru\u015fu ve \u0130stiklal Mar\u015f\u0131\u2019n\u0131n okunmas\u0131yla ba\u015flad\u0131. Dualar\u0131n okundu\u011fu a\u00e7\u0131l\u0131\u015f t\u00f6reninde Armutalan Halkoyunlar\u0131 Ekibi, Kafkas y\u00f6resine ait g\u00f6steriler sundu.<br \/>\n<\/span><br \/>\n<strong><span style=\"font-family: arial, helvetica, sans-serif; font-size: 14px;\">BA\u015eKAN ORKAN\u2019A TE\u015eEKK\u00dcR ETT\u0130LER<\/span><\/strong><br \/>\n<span style=\"font-family: arial, helvetica, sans-serif; font-size: 14px;\">Kurdele kesimi \u00f6ncesi Armutalan Dayan\u0131\u015fma ve K\u00fclt\u00fcr Derne\u011fi Ba\u015fkan\u0131 Kadir Aslando\u011fdu, Armutalan Mahalle Muhtar\u0131 \u0130lyas Ay, Bal\u0131kesir B\u00fcy\u00fck\u015fehir Belediyesi Ba\u015fkan Vekili Yasin Sa\u011fay, \u0130Y\u0130 Parti \u00c7anakkale Milletvekili R\u0131dvan Uz, MHP Bal\u0131kesir Milletvekili Ekrem G\u00f6kay Y\u00fcksel, AK Parti Milletvekili Mustafa Canbey ve AK Parti Genel Ba\u015fkan Yard\u0131mc\u0131s\u0131 ve Bal\u0131kesir Milletvekili Belgin Uygur, birer konu\u015fma yaparak, Karesi Belediye Ba\u015fkan\u0131 Din\u00e7er Orkan\u2019a il\u00e7eye kazand\u0131rd\u0131\u011f\u0131 k\u00fclt\u00fcr merkezi ve yapt\u0131\u011f\u0131 \u00e7al\u0131\u015fmalar i\u00e7in te\u015fekk\u00fcr ettiler. <\/span><br \/>\n<span style=\"font-family: arial, helvetica, sans-serif; font-size: 14px;\">A\u00e7\u0131l\u0131\u015fta Mahalle Muhtar\u0131 \u0130lyas Ay, yapt\u0131\u011f\u0131 yat\u0131r\u0131m ve mahalleye verdi\u011fi desteklerden \u00f6t\u00fcr\u00fc Ba\u015fkan Orkan\u2019a ve B\u00fcy\u00fck\u015fehir Ba\u015fkan Vekili Sa\u011fay\u2019a te\u015fekk\u00fcr plaketi takdim etti. Ard\u0131ndan dualar okunarak kurdele kesildi. Kurdele kesimi sonras\u0131 davetliler k\u00fclt\u00fcr merkezini ve merkezde a\u00e7\u0131lan sergiyi gezdiler.<br \/>\n<\/span><br \/>\n<strong><span style=\"font-family: arial, helvetica, sans-serif; font-size: 14px;\">KIRSALDAK\u0130 SOSYAL TES\u0130SLER\u0130N A\u00c7ILI\u015eLARI YAPILACAK<\/span><\/strong><br \/>\n<span style=\"font-family: arial, helvetica, sans-serif; font-size: 14px;\">Konu\u015fmas\u0131na a\u00e7\u0131l\u0131\u015fa kat\u0131lanlara verdikleri desteklerden \u00f6t\u00fcr\u00fc te\u015fekk\u00fcr ederek ba\u015flayan Karesi Belediye Ba\u015fkan\u0131 Din\u00e7er Orkan, g\u00f6reve ba\u015flad\u0131klar\u0131 ilk g\u00fcnden itibaren Karesi\u2019ye kazand\u0131rmak istedikleri projeler ve \u00e7al\u0131\u015fmalarla ilgili planlamalar yapt\u0131klar\u0131n\u0131 s\u00f6yledi. \u00c7al\u0131\u015fmalar\u0131n merkez ve k\u0131rsal olmak \u00fczere iki aya\u011f\u0131n\u0131n oldu\u011funu ifade eden Ba\u015fkan Orkan, \u201cK\u0131rsalda tabi\u00ee ki yollar\u0131 ve altyap\u0131 \u00e7al\u0131\u015fmalar\u0131m\u0131z\u0131 yap\u0131yorduk. Ba\u015fka neler yap\u0131labilir diye d\u00fc\u015f\u00fcnd\u00fc\u011f\u00fcm\u00fczde sosyal tesis ihtiya\u00e7lar\u0131n\u0131n oldu\u011fu bilgisi bize ula\u015ft\u0131. Bununla ilgili olarak bug\u00fcne kadar Aktarma, Kavakl\u0131, K\u00f6teyli ve \u00c7ayp\u0131nar\u2019da bu i\u015flerin yap\u0131m\u0131n\u0131 ger\u00e7ekle\u015ftirdik. \u0130n\u015fallah s\u0131ras\u0131yla onlar\u0131n a\u00e7\u0131l\u0131\u015flar\u0131n\u0131 da yapaca\u011f\u0131z. Tabi s\u0131ra Armutalan\u2019a geldi\u201d dedi.<br \/>\n<\/span><br \/>\n<strong><span style=\"font-family: arial, helvetica, sans-serif; font-size: 14px;\">BA\u015eKAN ORKAN: \u201cGE\u00c7M\u0130\u015e\u0130M\u0130Z\u0130 UNUTMAMALIYIZ\u201d<\/span><\/strong><br \/>\n<span style=\"font-family: arial, helvetica, sans-serif; font-size: 14px;\">Armutalan Mahallesi\u2019ne geldi\u011finde eski ve bitik bina ile kar\u015f\u0131la\u015ft\u0131\u011f\u0131n\u0131 anlatan Ba\u015fkan Orkan, \u201c\u0130n\u015faat M\u00fchendisiyim tetkikte yapt\u0131rd\u0131k o binaya. Hem g\u00f6rsel hem de fiziksel olarak. Mevcut binay\u0131 yenileme ve restorasyonunu yapman\u0131n hi\u00e7bir anlam\u0131 yoktu. O s\u0131rada Armutalanl\u0131lar\u0131n yapt\u0131\u011f\u0131 k\u00fclt\u00fcr evini gezdim. Eskiden gelen tarihi nas\u0131l ya\u015fatm\u0131\u015flar, geleneklerine nas\u0131l ba\u011fl\u0131 kalm\u0131\u015flar onu g\u00f6rd\u00fcm. \u00c7ok mutlu oldum. Bu \u00e7ok \u00f6nemli. Ge\u00e7mi\u015fimizi hi\u00e7bir zaman unutmamam\u0131z laz\u0131m. Bende o zaman burada bir sosyal tesisten ziyade bir k\u00fclt\u00fcr evi yapal\u0131m. K\u00fclt\u00fcr evi yaparsak Armutalanl\u0131lar onu ya\u015fatacak. \u00d6nemli olan binay\u0131 yapmak de\u011fil, ya\u015fatmak \u00f6nemli. Armutalanl\u0131lar\u0131n\u0131n bunu ya\u015fataca\u011f\u0131ndan eminim ve yapt\u0131k. Hay\u0131rl\u0131 olsun \u0130n\u015fallah. \u0130yiki buraya gelmi\u015fiz ve iyiki buray\u0131 yapm\u0131\u015f\u0131z. Armutalanl\u0131lara hay\u0131rl\u0131 u\u011furlu olsun\u201d diye konu\u015ftu.<br \/>\n<\/span><br \/>\n<strong><span style=\"font-family: arial, helvetica, sans-serif; font-size: 14px;\">MERKEZDE NELER BULUNUYOR?<\/span><\/strong><br \/>\n<span style=\"font-family: arial, helvetica, sans-serif; font-size: 14px;\">Armutalan Mahallesi\u2019nde Karesi Belediyesi\u2019ne ait 1361 metrekare y\u00fcz\u00f6l\u00e7\u00fcme sahip arsa \u00fczerinde in\u015fa edilen k\u00fclt\u00fcr merkezi 2 katl\u0131 ve toplam 724 metrekare b\u00fcy\u00fckl\u00fc\u011f\u00fcnde. K\u00fclt\u00fcr Merkezi\u2019nin, 1. kat\u0131nda misafir odalar\u0131, muhtar odas\u0131, sergi salonu, doktor odas\u0131 ve k\u00f6y dernek odas\u0131 ile 2. kat\u0131nda 300 ki\u015filik \u00e7ok ama\u00e7l\u0131 toplant\u0131 salonu bulunuyor.<\/span><br \/>\n<span style=\"font-family: arial, helvetica, sans-serif; font-size: 14px;\">A\u00e7\u0131l\u0131\u015fa AK Parti Genel Ba\u015fkan Yard\u0131mc\u0131s\u0131 ve Bal\u0131kesir Milletvekili Belgin Uygur, AK Parti Milletvekili Mustafa Canbey, MHP Bal\u0131kesir Milletvekili Ekrem G\u00f6kay Y\u00fcksel, \u0130Y\u0130 Parti \u00c7anakkale Milletvekili R\u0131dvan Uz, Bal\u0131kesir B\u00fcy\u00fck\u015fehir Belediyesi Ba\u015fkan Vekili Yasin Sa\u011fay, Karesi Belediye Ba\u015fkan\u0131 Din\u00e7er Orkan, Alt\u0131eyl\u00fcl Belediye Ba\u015fkan\u0131 Hasan Avc\u0131, MHP Bal\u0131kesir \u0130l Ba\u015fkan\u0131 Cevdet G\u00fcrcan, AK Parti Karesi \u0130l\u00e7e Ba\u015fkan\u0131 Yusuf Hocao\u011flu, AK Parti Alt\u0131eyl\u00fcl \u0130l\u00e7e Ba\u015fkan\u0131 \u00d6mer Munis, MHP Karesi \u0130l\u00e7e Ba\u015fkan\u0131 K\u00fcr\u015fat Burak Boduro\u011flu, Armutalan Dayan\u0131\u015fma ve K\u00fclt\u00fcr Derne\u011fi Ba\u015fkan\u0131 Kadir Aslando\u011fdu, Armutalan Mahalle Muhtar\u0131 \u0130lyas Ay, Belediye Ba\u015fkan Yard\u0131mc\u0131lar\u0131, muhtarlar, STK temsilcileri ve \u00e7ok say\u0131da vatanda\u015f kat\u0131ld\u0131.<\/span><\/p>\n<p>&nbsp;<\/p>\n","protected":false},"excerpt":{"rendered":"<p>Karesi Belediye Ba\u015fkan\u0131 Din\u00e7er Orkan\u2019\u0131n projelerinden biri daha hayata ge\u00e7ti. Armutalan Mahallesi\u2019nde geleneksel G\u00fcrc\u00fc mimarisinden esinlenilerek in\u015fa edilen Karesi Belediyesi<\/p>\n","protected":false},"author":3,"featured_media":12729,"comment_status":"open","ping_status":"open","sticky":false,"template":"","format":"standard","meta":{"colormag_page_container_layout":"default_layout","colormag_page_sidebar_layout":"default_layout","footnotes":""},"categories":[1,5,8],"tags":[],"class_list":["post-12727","post","type-post","status-publish","format-standard","has-post-thumbnail","hentry","category-genel","category-gundem","category-siyaset"],"_links":{"self":[{"href":"https:\/\/marmarayerelhizmet.com\/index.php\/wp-json\/wp\/v2\/posts\/12727","targetHints":{"allow":["GET"]}}],"collection":[{"href":"https:\/\/marmarayerelhizmet.com\/index.php\/wp-json\/wp\/v2\/posts"}],"about":[{"href":"https:\/\/marmarayerelhizmet.com\/index.php\/wp-json\/wp\/v2\/types\/post"}],"author":[{"embeddable":true,"href":"https:\/\/marmarayerelhizmet.com\/index.php\/wp-json\/wp\/v2\/users\/3"}],"replies":[{"embeddable":true,"href":"https:\/\/marmarayerelhizmet.com\/index.php\/wp-json\/wp\/v2\/comments?post=12727"}],"version-history":[{"count":0,"href":"https:\/\/marmarayerelhizmet.com\/index.php\/wp-json\/wp\/v2\/posts\/12727\/revisions"}],"wp:featuredmedia":[{"embeddable":true,"href":"https:\/\/marmarayerelhizmet.com\/index.php\/wp-json\/wp\/v2\/media\/12729"}],"wp:attachment":[{"href":"https:\/\/marmarayerelhizmet.com\/index.php\/wp-json\/wp\/v2\/media?parent=12727"}],"wp:term":[{"taxonomy":"category","embeddable":true,"href":"https:\/\/marmarayerelhizmet.com\/index.php\/wp-json\/wp\/v2\/categories?post=12727"},{"taxonomy":"post_tag","embeddable":true,"href":"https:\/\/marmarayerelhizmet.com\/index.php\/wp-json\/wp\/v2\/tags?post=12727"}],"curies":[{"name":"wp","href":"https:\/\/api.w.org\/{rel}","templated":true}]}}