{"id":12719,"date":"2023-07-22T13:23:54","date_gmt":"2023-07-22T10:23:54","guid":{"rendered":"https:\/\/marmarayerelhizmet.com\/?p=12719"},"modified":"2023-07-22T13:23:54","modified_gmt":"2023-07-22T10:23:54","slug":"inegolde-kan-donduran-cinayet","status":"publish","type":"post","link":"https:\/\/marmarayerelhizmet.com\/index.php\/2023\/07\/22\/inegolde-kan-donduran-cinayet\/","title":{"rendered":"\u0130neg\u00f6l&#8217;de Kan Donduran Cinayet"},"content":{"rendered":"<p><strong><span style=\"font-family: arial, helvetica, sans-serif; font-size: 14px;\">Bursa&#8217;n\u0131n \u0130neg\u00f6l il\u00e7esi Mezit-7 b\u00f6lgesinde dere yata\u011f\u0131nda \u00f6l\u00fc olarak bulunan kad\u0131n\u0131n, cinayete kurban gitti\u011fi ortaya \u00e7\u0131kt\u0131. Dere yata\u011f\u0131na indirip elleriyle bo\u011farak \u00f6ld\u00fcrd\u00fc\u011f\u00fc \u00f6\u011frenilen t\u0131r s\u00fcr\u00fcc\u00fcs\u00fc Arif \u00c7.(51), Bursa Jandarma komutanl\u0131\u011f\u0131 ekiplerince Bursa&#8217;da yakaland\u0131.<br \/>\n<\/span><\/strong><br \/>\n<span style=\"font-family: arial, helvetica, sans-serif; font-size: 14px;\">Olay, 12 Temmuz g\u00fcn\u00fc saat 17.30 s\u0131ralar\u0131nda,Bursa-Ankara yolu \u0130neg\u00f6l il\u00e7esi Mezit Mahallesi mevkisindeki derede meydana geldi. Arac\u0131yla Bursa&#8217;dan Konya&#8217;ya giden Mehmet Ali Han, Mezit Deresi k\u0131y\u0131s\u0131nda mola verdi. Serinlemek i\u00e7in dere yata\u011f\u0131na inen Han, derenin kenar\u0131nda yar\u0131 \u00e7\u0131plak halde hareketsiz yatan kad\u0131n\u0131 g\u00f6rd\u00fc. Han&#8217;\u0131n ihbar\u0131yla b\u00f6lgeye jandarma, polis, sa\u011fl\u0131k, itfaiye ve AFAD ekipleri sevk edildi. Sa\u011fl\u0131k ekibi kad\u0131n\u0131n \u00f6ld\u00fc\u011f\u00fcn\u00fc belirledi.<\/span><br \/>\n<span style=\"font-family: arial, helvetica, sans-serif; font-size: 14px;\">Savc\u0131l\u0131k ve olay yeri incelemelerinin ard\u0131ndan kat&#8217;i \u00f6l\u00fcm sebebinin belirlenmesi i\u00e7in Bursa Adli T\u0131p Kurumu Morgu&#8217;na kald\u0131r\u0131lan kad\u0131n\u0131n,Semra Elmasoldu\u011fu tespit edildi. Adli t\u0131p kurumunda yap\u0131lan \u00f6n otopside, cesedin \u00fczerinde herhangi bir darp, kesici veya ate\u015fli silah yaras\u0131na rastlanmad\u0131\u011f\u0131 \u00f6\u011frenildi.<\/span><br \/>\n<span style=\"font-family: arial, helvetica, sans-serif; font-size: 14px;\">E\u015finden ayr\u0131ld\u0131ktan sonra Bal\u0131kesir&#8217;in Alt\u0131eyl\u00fcl Mahallesi&#8217;nde tek ba\u015f\u0131na ya\u015fad\u0131\u011f\u0131 \u00f6\u011frenilen Elmas&#8217;\u0131n cenazesi, otopsi i\u015flemlerinin ard\u0131ndan topra\u011fa verilece\u011fi Bal\u0131kesir&#8217;e g\u00f6t\u00fcr\u00fclmek \u00fczere yak\u0131nlar\u0131na teslim edilerek defnedilmi\u015fti.<br \/>\n<\/span><br \/>\n<strong><span style=\"font-family: arial, helvetica, sans-serif; font-size: 14px;\">Sorguda sustu<\/span><\/strong><br \/>\n<span style=\"font-family: arial, helvetica, sans-serif; font-size: 14px;\">Bursa Jandarma komutanl\u0131\u011f\u0131 ekiplerinin yo\u011fun \u00e7al\u0131\u015fmas\u0131 sonucu cinayet \u015f\u00fcphelisi Arif \u00c7.(51) Bursa&#8217;da yakalanarak g\u00f6zalt\u0131na al\u0131nd\u0131. Dere yata\u011f\u0131nda bulunan kad\u0131n\u0131n bo\u011farak \u00f6ld\u00fcrd\u00fc\u011f\u00fc belirlendi. Sorguda suskunlu\u011funu koruyan \u015f\u00fcpheli, 24 saat s\u00fcren sorgulaman\u0131n ard\u0131ndan Adliyeye sevk edildi. \u015f\u00fcpheli, Adliyeye \u00e7\u0131kar\u0131l\u0131rken bas\u0131n mensuplar\u0131n\u0131n sorusuna da yan\u0131t vermedi.<\/span><br \/>\n<span style=\"font-family: arial, helvetica, sans-serif; font-size: 14px;\">\u015e\u00fcpheli mahkemece tutuklanarak cezaevine g\u00f6nderildi.<\/span><\/p>\n","protected":false},"excerpt":{"rendered":"<p>Bursa&#8217;n\u0131n \u0130neg\u00f6l il\u00e7esi Mezit-7 b\u00f6lgesinde dere yata\u011f\u0131nda \u00f6l\u00fc olarak bulunan kad\u0131n\u0131n, cinayete kurban gitti\u011fi ortaya \u00e7\u0131kt\u0131. Dere yata\u011f\u0131na indirip elleriyle<\/p>\n","protected":false},"author":3,"featured_media":12721,"comment_status":"open","ping_status":"open","sticky":false,"template":"","format":"standard","meta":{"colormag_page_container_layout":"default_layout","colormag_page_sidebar_layout":"default_layout","footnotes":""},"categories":[1,5],"tags":[],"class_list":["post-12719","post","type-post","status-publish","format-standard","has-post-thumbnail","hentry","category-genel","category-gundem"],"_links":{"self":[{"href":"https:\/\/marmarayerelhizmet.com\/index.php\/wp-json\/wp\/v2\/posts\/12719","targetHints":{"allow":["GET"]}}],"collection":[{"href":"https:\/\/marmarayerelhizmet.com\/index.php\/wp-json\/wp\/v2\/posts"}],"about":[{"href":"https:\/\/marmarayerelhizmet.com\/index.php\/wp-json\/wp\/v2\/types\/post"}],"author":[{"embeddable":true,"href":"https:\/\/marmarayerelhizmet.com\/index.php\/wp-json\/wp\/v2\/users\/3"}],"replies":[{"embeddable":true,"href":"https:\/\/marmarayerelhizmet.com\/index.php\/wp-json\/wp\/v2\/comments?post=12719"}],"version-history":[{"count":0,"href":"https:\/\/marmarayerelhizmet.com\/index.php\/wp-json\/wp\/v2\/posts\/12719\/revisions"}],"wp:featuredmedia":[{"embeddable":true,"href":"https:\/\/marmarayerelhizmet.com\/index.php\/wp-json\/wp\/v2\/media\/12721"}],"wp:attachment":[{"href":"https:\/\/marmarayerelhizmet.com\/index.php\/wp-json\/wp\/v2\/media?parent=12719"}],"wp:term":[{"taxonomy":"category","embeddable":true,"href":"https:\/\/marmarayerelhizmet.com\/index.php\/wp-json\/wp\/v2\/categories?post=12719"},{"taxonomy":"post_tag","embeddable":true,"href":"https:\/\/marmarayerelhizmet.com\/index.php\/wp-json\/wp\/v2\/tags?post=12719"}],"curies":[{"name":"wp","href":"https:\/\/api.w.org\/{rel}","templated":true}]}}