{"id":12715,"date":"2023-07-22T13:21:41","date_gmt":"2023-07-22T10:21:41","guid":{"rendered":"https:\/\/marmarayerelhizmet.com\/?p=12715"},"modified":"2023-07-22T13:21:41","modified_gmt":"2023-07-22T10:21:41","slug":"2-milyon-ziyaretciyi-agirladi","status":"publish","type":"post","link":"https:\/\/marmarayerelhizmet.com\/index.php\/2023\/07\/22\/2-milyon-ziyaretciyi-agirladi\/","title":{"rendered":"2 Milyon Ziyaret\u00e7iyi A\u011f\u0131rlad\u0131"},"content":{"rendered":"<p><strong><span style=\"font-family: arial, helvetica, sans-serif; font-size: 14px;\">\u0130stanbul\u2019un k\u00fclt\u00fcrel ve tarihi mekanlar\u0131ndan biri olan Topkap\u0131 Saray\u0131 yo\u011fun ilgi g\u00f6rmeye devam ediyor. En \u00e7ok ra\u011fbet g\u00f6ren k\u00fclt\u00fcrel miraslar aras\u0131nda yer alan Topkap\u0131 Saray\u0131 bu y\u0131l\u0131n ilk 6 ay\u0131nda yakla\u015f\u0131k 2 milyon ki\u015fiyi a\u011f\u0131rlad\u0131.<br \/>\n<\/span><\/strong><br \/>\n<span style=\"font-family: arial, helvetica, sans-serif; font-size: 14px;\">Topkap\u0131 Saray\u0131\u2019n\u0131n Cumhurba\u015fkanl\u0131\u011f\u0131\u2019na ba\u011fl\u0131 Milli Saraylar devriyle h\u0131z kazanan restorasyon \u00e7al\u0131\u015fmalar\u0131 neticesinde 2014 y\u0131l\u0131ndan beri kapal\u0131 olan Fatih K\u00f6\u015fk\u00fc, Seferli Ko\u011fu\u015fu ve Hazine Ko\u011fu\u015fu bu y\u0131l yeniden ziyarete a\u00e7\u0131ld\u0131. Mukaddes Emanetler Dairesi yenilendi ve sergilenen eser say\u0131s\u0131 5 kat\u0131na \u00e7\u0131kar\u0131ld\u0131. Saray\u0131n son yap\u0131s\u0131 Mecidiye K\u00f6\u015fk\u00fc, 165 y\u0131l sonra tarihinde ilk defa ziyaret\u00e7iyle bulu\u015ftu. Gelenekle gelece\u011fi birle\u015ftiren konseptler olu\u015fturuldu ve bu temaya uygun sergileme d\u00fczenleri kuruldu. G\u00fcvenlik, iklimlendirme, vitrinleme sistemleri ve sergileme ekipmanlar\u0131 modernize edilen 5 b\u00fcy\u00fck b\u00f6l\u00fcm, Cumhurba\u015fkan\u0131 Recep Tayyip Erdo\u011fan\u2019\u0131n kat\u0131ld\u0131\u011f\u0131 t\u00f6renle ziyarete a\u00e7\u0131ld\u0131. Enderun Avlusu\u2019nda yer alan Fatih K\u00f6\u015fk\u00fc, Seferli Ko\u011fu\u015fu ve Hazine Ko\u011fu\u015fu ile 4. avluda bulunan Mecidiye K\u00f6\u015fk\u00fc\u2019n\u00fcn a\u00e7\u0131l\u0131\u015f\u0131yla Topkap\u0131 Saray\u0131\u2019nda ziyaret edilebilen alana 2 bin 150 metrekare daha eklendi. Bu alanlarda olu\u015fturulan galerilerde sergilenen eser say\u0131s\u0131 290&#8217;dan 2 binin \u00fczerine \u00e7\u0131kart\u0131ld\u0131. Yap\u0131lan yeniliklerle birlikte \u0130stanbul\u2019un \u00f6nde gelen tarihi ve k\u00fclt\u00fcrel miras\u0131 olan Topkap\u0131 Saray\u0131\u2019n\u0131 bu y\u0131l\u0131n ilk 6 ay\u0131nda yakla\u015f\u0131k 2 milyon ki\u015fi ziyaret etti. Topkap\u0131 Saray\u0131\u2019n\u0131n ziyaret\u00e7i art\u0131\u015f\u0131nda Mukaddes Emanetler Sergisi, Hat Levhalar, Yaz\u0131 Ara\u00e7 Gere\u00e7leri Sergisi, Hazine Sergisi, Padi\u015fah Elbiseleri Sergisi ve Mecidiye K\u00f6\u015fk\u00fc\u2019n\u00fcn hizmete a\u00e7\u0131lmas\u0131 oldu\u011fu belirtildi. Yerli ve yabanc\u0131 turistlerin odak noktas\u0131 olan Topkap\u0131 Saray\u0131\u2019n\u0131n ziyaretlerinde art\u0131\u015f ya\u015fanaca\u011f\u0131 \u00f6ng\u00f6r\u00fcl\u00fcyor.<\/span><\/p>\n<p><strong><span style=\"font-family: arial, helvetica, sans-serif; font-size: 14px;\">\u201cTopkap\u0131 Saray\u0131 2023\u2019\u00fcn ilk 6 ay\u0131nda yakla\u015f\u0131k 2 milyon ziyaret\u00e7i a\u011f\u0131rlad\u0131\u201d<\/span><\/strong><br \/>\n<span style=\"font-family: arial, helvetica, sans-serif; font-size: 14px;\">Topkap\u0131 Saray\u0131 Daire Ba\u015fkan\u0131 \u0130lhan Kocaman, \u201cTopkap\u0131 Saray\u0131 2023\u2019\u00fcn ilk 6 ay\u0131nda yakla\u015f\u0131k 2 milyon ziyaret\u00e7i a\u011f\u0131rlad\u0131. Bunlar\u0131n as\u0131l sebeplerinden bir tanesi de Enderun avlusunda 5 yeni yeri hizmete a\u00e7mam\u0131z oldu. Topkap\u0131 Saray\u0131 ile \u00f6zde\u015fle\u015fen 2 \u00f6nemli mekan vard\u0131r. Bunlardan bir tanesi H\u0131rka-i Saadet dairesi yani mukaddes emanetlerin bulundu\u011fu b\u00f6l\u00fcm di\u011feri de Hazine K\u00f6\u015fk\u00fc olarak bilinen Fatih K\u00f6\u015fk\u00fc\u2019d\u00fcr. Bunlar restorasyondayd\u0131. Restorasyonlar\u0131n\u0131 tamamlad\u0131k ve daha \u00f6nce burada yer alan \u00f6rne\u011fin mukaddes emanetlerde 65 eser yer al\u0131yordu \u015fu anda 300 eseri orada sergilemeye ba\u015flad\u0131k. Ayn\u0131 \u015fekilde 2014 y\u0131l\u0131nda Fatih K\u00f6\u015fk\u00fc\u2019nde hazine koleksiyonunda yer alan 70\u2019e yak\u0131n eser vard\u0131. \u015euan da bin 100\u2019e yak\u0131n eser sergiliyoruz. Bununla beraber yine Seferli Ko\u011fu\u015fu ve Hazine Ko\u011fu\u015fu da tamamland\u0131. Hazine Ko\u011fu\u015fu\u2019nda Topkap\u0131 Saray\u0131 envanterinde yakla\u015f\u0131k 3 bin yak\u0131n bulunan hat eserlerinden 300 tanesini orada sergiledik. Bir de yine sarayla \u00f6zde\u015fle\u015fen elbiseler ki Elbise-i Humayun olarak ad\u0131 alt\u0131nda Seferli Ko\u011fu\u015fu\u2019nda saray\u0131n gerek padi\u015fahlar\u0131n gerekse han\u0131m sultanlar\u0131n ve \u015fehzadelerin k\u0131yafetlerini de orada sergiliyoruz. Bu a\u00e7t\u0131\u011f\u0131m\u0131z yeni yerler elbette ziyaret\u00e7iler taraf\u0131nda \u00e7ok ilgi g\u00f6r\u00fcyor. Bu saraya gelen ziyaret\u00e7i say\u0131s\u0131n\u0131 art\u0131rd\u0131. Ayn\u0131 zamanda hem yurti\u00e7inde hem de yurtd\u0131\u015f\u0131nda Topkap\u0131 Saray\u0131\u2019n\u0131n tan\u0131n\u0131rl\u0131\u011f\u0131n\u0131n y\u00fckselmesi nedeniyle ziyaret\u00e7ilerimizin giderek artt\u0131\u011f\u0131n\u0131 g\u00f6rd\u00fck. \u00d6rne\u011fin 4. Avluda bulunan Mecidiye K\u00f6\u015fk\u00fc\u2019n\u00fcn i\u00e7erisine bug\u00fcne kadar ziyaret\u00e7i hi\u00e7 al\u0131nmam\u0131\u015ft\u0131. Onunda hem restorasyonunu yapt\u0131k hem de tefri\u015fini tamamlad\u0131k. \u015eu anda ziyaret\u00e7ilerimiz Mecidiye K\u00f6\u015fk\u00fc\u2019n\u00fcn i\u00e7ini de g\u00f6r\u00fcyor ki o k\u00f6\u015fk birazda Dolmabah\u00e7e Saray\u0131\u2019n\u0131n bir benzeridir\u201d \u015feklinde konu\u015ftu.<\/span><\/p>\n<p><strong><span style=\"font-family: arial, helvetica, sans-serif; font-size: 14px;\">\u201cTopkap\u0131 Saray\u0131 da ihti\u015fam\u0131 ve farkl\u0131 b\u00f6l\u00fcmleri ger\u00e7ekten muhte\u015fem\u201d<\/span><\/strong><br \/>\n<span style=\"font-family: arial, helvetica, sans-serif; font-size: 14px;\">Turist olarak gezmeye gelen Mavera Han\u0131m, \u201cBuraya turist olarak gezmeye geldim. Yozgat\u2019tan geliyorum. \u0130stanbul bir b\u00fct\u00fcn olarak \u00e7ok g\u00fczel. Topkap\u0131 Saray\u0131 da ihti\u015fam\u0131 ve farkl\u0131 b\u00f6l\u00fcmleri ger\u00e7ekten muhte\u015fem\u201d dedi.<\/span><\/p>\n<p><strong><span style=\"font-family: arial, helvetica, sans-serif; font-size: 14px;\">\u201cBurada adeta ge\u00e7mi\u015fi ya\u015f\u0131yoruz\u201d<\/span><\/strong><br \/>\n<span style=\"font-family: arial, helvetica, sans-serif; font-size: 14px;\">Fatih Sultan Mehmet ile ilgili an\u0131lar\u0131 \u00e7ok be\u011fendi\u011fine de\u011finen Emre Kaan Sa\u011flam, \u201cBurada adeta ge\u00e7mi\u015fi ya\u015f\u0131yoruz. \u00c7ok eskilere gidiyoruz. \u00c7ok g\u00fczel k\u0131l\u0131\u00e7lar var ve Osmanl\u0131 hazinelerini g\u00f6r\u00fcyoruz. \u0130ster istemez etkileniyoruz. En \u00e7ok be\u011fendi\u011fim \u015fey ise Fatih Sultan Mehmet ile ilgili an\u0131lar oldu. Yabanc\u0131 turistler olduk\u00e7a fazla yerli turistler olarak az\u0131nl\u0131ktayd\u0131k\u201d ifadelerini kulland\u0131.<\/span><\/p>\n<p><strong><span style=\"font-family: arial, helvetica, sans-serif; font-size: 14px;\">\u201cYerli ve yabanc\u0131 turistlerin \u00e7ok be\u011fendi\u011fi ve yo\u011funluk g\u00f6sterdi\u011fi bir yer\u201d<\/span><\/strong><br \/>\n<span style=\"font-family: arial, helvetica, sans-serif; font-size: 14px;\">Topkap\u0131 Saray\u0131\u2019na hayranl\u0131k duydu\u011funu ifade eden Mihriban Uyan\u0131k, \u201cHala hayranl\u0131k uyand\u0131r\u0131yor ben de her seferinde zevkle ve keyifle geliyorum. \u0130hti\u015faml\u0131 ve g\u00fczel hayran olunas\u0131 bir yer. Her geldi\u011fimde hafta i\u00e7i ya da hafta sonu fark etmiyor yerli ve yabanc\u0131 turistlerin \u00e7ok be\u011fendi\u011fi ve yo\u011funluk g\u00f6sterdi\u011fi bir yer. Her geli\u015fimizde bu kalabal\u0131kla kar\u015f\u0131la\u015f\u0131yoruz. Ben be\u011feniyorum, halimden memnunum, gezebiliyorum\u201d \u015feklinde konu\u015ftu.<\/span><\/p>\n<p><strong><span style=\"font-family: arial, helvetica, sans-serif; font-size: 14px;\">\u201cTarihimizi burada g\u00f6rerek ya\u015famak bizi ger\u00e7ekten \u00e7ok etkiledi\u201d<\/span><\/strong><br \/>\n<span style=\"font-family: arial, helvetica, sans-serif; font-size: 14px;\">\u0130lk defa Topkap\u0131 Saray\u0131\u2019n\u0131 ziyaret etti\u011fini belirten \u00d6zer Dereli, \u201cTarihimizi burada g\u00f6rerek ya\u015famak bizi ger\u00e7ekten \u00e7ok etkiledi. Topkap\u0131 Saray\u0131\u2019na 43 ya\u015f\u0131nday\u0131m ilk defa geliyorum ve etkileyici bir\u00e7ok eserle kar\u015f\u0131la\u015ft\u0131m. Osmanl\u0131 d\u00f6neminde saraylar\u0131n g\u00f6steri\u015fe, \u015fatafata ne kadar \u00f6nem verdi\u011fini g\u00f6rm\u00fc\u015f olduk. \u0130\u015flemeler \u00e7ok g\u00fczel. Ka\u015f\u0131k\u00e7\u0131 elmas\u0131n\u0131 burada ilk defa g\u00f6rmek \u00e7ok g\u00fczel\u201d ifadelerini kulland\u0131.<\/span><\/p>\n","protected":false},"excerpt":{"rendered":"<p>\u0130stanbul\u2019un k\u00fclt\u00fcrel ve tarihi mekanlar\u0131ndan biri olan Topkap\u0131 Saray\u0131 yo\u011fun ilgi g\u00f6rmeye devam ediyor. En \u00e7ok ra\u011fbet g\u00f6ren k\u00fclt\u00fcrel miraslar<\/p>\n","protected":false},"author":3,"featured_media":12717,"comment_status":"open","ping_status":"open","sticky":false,"template":"","format":"standard","meta":{"colormag_page_container_layout":"default_layout","colormag_page_sidebar_layout":"default_layout","footnotes":""},"categories":[1,5,6],"tags":[],"class_list":["post-12715","post","type-post","status-publish","format-standard","has-post-thumbnail","hentry","category-genel","category-gundem","category-kultur-sanat"],"_links":{"self":[{"href":"https:\/\/marmarayerelhizmet.com\/index.php\/wp-json\/wp\/v2\/posts\/12715","targetHints":{"allow":["GET"]}}],"collection":[{"href":"https:\/\/marmarayerelhizmet.com\/index.php\/wp-json\/wp\/v2\/posts"}],"about":[{"href":"https:\/\/marmarayerelhizmet.com\/index.php\/wp-json\/wp\/v2\/types\/post"}],"author":[{"embeddable":true,"href":"https:\/\/marmarayerelhizmet.com\/index.php\/wp-json\/wp\/v2\/users\/3"}],"replies":[{"embeddable":true,"href":"https:\/\/marmarayerelhizmet.com\/index.php\/wp-json\/wp\/v2\/comments?post=12715"}],"version-history":[{"count":0,"href":"https:\/\/marmarayerelhizmet.com\/index.php\/wp-json\/wp\/v2\/posts\/12715\/revisions"}],"wp:featuredmedia":[{"embeddable":true,"href":"https:\/\/marmarayerelhizmet.com\/index.php\/wp-json\/wp\/v2\/media\/12717"}],"wp:attachment":[{"href":"https:\/\/marmarayerelhizmet.com\/index.php\/wp-json\/wp\/v2\/media?parent=12715"}],"wp:term":[{"taxonomy":"category","embeddable":true,"href":"https:\/\/marmarayerelhizmet.com\/index.php\/wp-json\/wp\/v2\/categories?post=12715"},{"taxonomy":"post_tag","embeddable":true,"href":"https:\/\/marmarayerelhizmet.com\/index.php\/wp-json\/wp\/v2\/tags?post=12715"}],"curies":[{"name":"wp","href":"https:\/\/api.w.org\/{rel}","templated":true}]}}