{"id":12706,"date":"2023-07-22T11:48:14","date_gmt":"2023-07-22T08:48:14","guid":{"rendered":"https:\/\/marmarayerelhizmet.com\/?p=12706"},"modified":"2023-07-22T11:48:14","modified_gmt":"2023-07-22T08:48:14","slug":"beylikduzu-klasik-muzik-gunleri","status":"publish","type":"post","link":"https:\/\/marmarayerelhizmet.com\/index.php\/2023\/07\/22\/beylikduzu-klasik-muzik-gunleri\/","title":{"rendered":"Beylikd\u00fcz\u00fc Klasik M\u00fczik G\u00fcnleri"},"content":{"rendered":"<p><strong><span style=\"font-family: arial, helvetica, sans-serif; font-size: 14px;\">Beylikd\u00fcz\u00fc&#8217;nde bu y\u0131l sekizincisi d\u00fczenlenen &#8220;Beylikd\u00fcz\u00fc Klasik M\u00fczik G\u00fcnleri&#8221;, d\u00fcn ak\u015fam vatanda\u015flar\u0131n yo\u011fun ilgisiyle ba\u015flad\u0131. Etkinlikte \u015eef Do\u00e7. Batuhan Uzg\u00f6ren y\u00f6netimindeki \u0130SP Oda Orkestras\u0131 ve Sanat\u00e7\u0131 Eyl\u00fcl Elif Arslan performans sergiledi.<br \/>\n<\/span><\/strong><br \/>\n<span style=\"font-family: arial, helvetica, sans-serif; font-size: 14px;\">Beylikd\u00fcz\u00fc Belediyesi taraf\u0131ndan bu y\u0131l sekizincisini d\u00fczenlenen &#8220;Beylikd\u00fcz\u00fc Klasik M\u00fczik G\u00fcnleri&#8221; d\u00fcn ak\u015fam Beylikd\u00fcz\u00fc Ya\u015fam Vadisi 1.Etap&#8217;ta bulunan 6 May\u0131s Gen\u00e7li\u011fimiz Var Sahnesi&#8217;nde ba\u015flad\u0131. Beylikd\u00fcz\u00fc Belediye Ba\u015fkan\u0131 Mehmet Murat \u00c7al\u0131k&#8217;\u0131n kat\u0131l\u0131m\u0131yla ba\u015flayan etkinlikte \u015eef Do\u00e7. Batuhan Uzg\u00f6ren y\u00f6netimindeki \u0130SP Oda Orkestras\u0131 ve Sanat\u00e7\u0131 Mezzosoprano Eyl\u00fcl Elif Arslan klasik m\u00fczik performans\u0131 sergiledi. G\u00f6steri \u00f6ncesi Ba\u015fkan \u00c7al\u0131k, sanat\u00e7\u0131lara plaket ve \u00e7i\u00e7ek takdim etti. Programa vatanda\u015flar\u0131n ilgisi yo\u011fun olurken etkinliklerin 22 ve 23 Temmuz tarihlerinde de devam edece\u011fi belirtildi.<\/span><br \/>\n<span style=\"font-family: arial, helvetica, sans-serif; font-size: 14px;\">&#8220;Beylikd\u00fcz\u00fc&#8217;n\u00fcn enerjisini de bu etkinlikler y\u00fckseltiyor&#8221;<\/span><br \/>\n<span style=\"font-family: arial, helvetica, sans-serif; font-size: 14px;\">Etkinlikte konu\u015fan Beylikd\u00fcz\u00fc Belediye Ba\u015fkan\u0131 Mehmet Murat \u00c7al\u0131k, &#8220;Asl\u0131nda bunlar Beylikd\u00fcz\u00fc&#8217;n\u00fcn klasikleri. Bu y\u0131l sekizincisini d\u00fczenledik. 3 g\u00fcn boyunca devam edecek. \u0130lk g\u00fcn olmas\u0131na ra\u011fmen ilgi gayet iyiydi. Klasik m\u00fczi\u011fin a\u00e7\u0131k alanlarda olmas\u0131, notlar\u0131n insanlarla bulu\u015fmas\u0131n\u0131 \u00e7ok \u00f6nemsiyoruz. Beylikd\u00fcz\u00fc&#8217;n\u00fcn enerjisini de bu etkinlikler y\u00fckseltiyor. Her daim &#8216;Beylikd\u00fcz\u00fc Klasik&#8217; art\u0131k Beylikd\u00fcz\u00fc&#8217;n\u00fcn ger\u00e7ekten bir klasi\u011fi haline d\u00f6n\u00fc\u015fs\u00fcn ve her y\u0131l tekrarlans\u0131n istiyoruz. Beylikd\u00fcz\u00fc bu kazan\u0131m\u0131ndan da asla geri ad\u0131m atmayacak. Vatanda\u015flar\u0131m\u0131z ger\u00e7ekten klasik m\u00fczi\u011fin iyile\u015ftirici y\u00f6n\u00fcn\u00fc \u00e7ok aktif bir \u015fekilde ger\u00e7ekten kullan\u0131yorlar. Biz pandemi d\u00f6neminde dahi sosyal mesafe ko\u015fullar\u0131na uygun bir \u015fekilde Beylikd\u00fcz\u00fc Klasik&#8217;i kom\u015fular\u0131m\u0131zla bulu\u015fturduk&#8221; dedi.<\/span><\/p>\n<p><strong><span style=\"font-family: arial, helvetica, sans-serif; font-size: 14px;\">&#8220;Sanat olmadan, m\u00fczik olmadan kent ya\u015fam\u0131n\u0131n monotonla\u015faca\u011f\u0131n\u0131 d\u00fc\u015f\u00fcn\u00fcyoruz&#8221;<\/span><\/strong><br \/>\n<span style=\"font-family: arial, helvetica, sans-serif; font-size: 14px;\">M\u00fczik olmadan kent ya\u015faman\u0131n monotonla\u015faca\u011f\u0131n\u0131 d\u00fc\u015f\u00fcnd\u00fc\u011f\u00fcn\u00fc dile getiren \u00c7al\u0131k, &#8220;Ben m\u00fczi\u011fin insanlarda iyile\u015ftirici bir y\u00f6n\u00fc oldu\u011funu d\u00fc\u015f\u00fcnen bir siyaset\u00e7iyim. Sanat olmadan, m\u00fczik olmadan asl\u0131nda o kent ya\u015fam\u0131n\u0131n monotonla\u015faca\u011f\u0131n\u0131 d\u00fc\u015f\u00fcn\u00fcyoruz. 6 May\u0131s Gen\u00e7li\u011fimiz Var Sahnesi&#8217;nde 360 derece seyir imkan\u0131 veren ve Ya\u015fam Vadisi&#8217;nin en g\u00fczel alanlar\u0131ndan bir tanesinde &#8216;Beylikd\u00fcz\u00fc Klasik&#8217;in ilk g\u00fcn\u00fcn\u00fc ge\u00e7irdik. Sanat\u00e7\u0131lar\u0131m\u0131za y\u00fcrekten te\u015fekk\u00fcr ediyorum. \u00c7ok g\u00fczel bir performans sergilediler. Ama tabi sanat ve sanat\u00e7\u0131 ancak izleyici ve seyirci kitlesi olunca enerjilerini kar\u015f\u0131 tarafa aktarabiliyorlar. Beylikd\u00fcz\u00fc&#8217;nde ya\u015fayan kom\u015fular\u0131m\u0131za da te\u015fekk\u00fcr ediyorum. Her daim bizim yapt\u0131\u011f\u0131m\u0131z etkinli\u011fin yan\u0131nda olmaya gayret g\u00f6steriyorlar. Bug\u00fcn de burada nitelikli bir dinleyici kitlesi vard\u0131. Onlara da y\u00fcrekten te\u015fekk\u00fcr ediyorum. \u00c7\u00fcnk\u00fc bug\u00fcn bu notalar Beylikd\u00fcz\u00fc kentinin enerjisini biraz daha yukar\u0131 ta\u015f\u0131m\u0131\u015ft\u0131r diye d\u00fc\u015f\u00fcn\u00fcyorum&#8221; ifadelerini kulland\u0131.<\/span><\/p>\n","protected":false},"excerpt":{"rendered":"<p>Beylikd\u00fcz\u00fc&#8217;nde bu y\u0131l sekizincisi d\u00fczenlenen &#8220;Beylikd\u00fcz\u00fc Klasik M\u00fczik G\u00fcnleri&#8221;, d\u00fcn ak\u015fam vatanda\u015flar\u0131n yo\u011fun ilgisiyle ba\u015flad\u0131. Etkinlikte \u015eef Do\u00e7. Batuhan Uzg\u00f6ren<\/p>\n","protected":false},"author":3,"featured_media":12708,"comment_status":"open","ping_status":"open","sticky":false,"template":"","format":"standard","meta":{"colormag_page_container_layout":"default_layout","colormag_page_sidebar_layout":"default_layout","footnotes":""},"categories":[1,5,6,8],"tags":[],"class_list":["post-12706","post","type-post","status-publish","format-standard","has-post-thumbnail","hentry","category-genel","category-gundem","category-kultur-sanat","category-siyaset"],"_links":{"self":[{"href":"https:\/\/marmarayerelhizmet.com\/index.php\/wp-json\/wp\/v2\/posts\/12706","targetHints":{"allow":["GET"]}}],"collection":[{"href":"https:\/\/marmarayerelhizmet.com\/index.php\/wp-json\/wp\/v2\/posts"}],"about":[{"href":"https:\/\/marmarayerelhizmet.com\/index.php\/wp-json\/wp\/v2\/types\/post"}],"author":[{"embeddable":true,"href":"https:\/\/marmarayerelhizmet.com\/index.php\/wp-json\/wp\/v2\/users\/3"}],"replies":[{"embeddable":true,"href":"https:\/\/marmarayerelhizmet.com\/index.php\/wp-json\/wp\/v2\/comments?post=12706"}],"version-history":[{"count":0,"href":"https:\/\/marmarayerelhizmet.com\/index.php\/wp-json\/wp\/v2\/posts\/12706\/revisions"}],"wp:featuredmedia":[{"embeddable":true,"href":"https:\/\/marmarayerelhizmet.com\/index.php\/wp-json\/wp\/v2\/media\/12708"}],"wp:attachment":[{"href":"https:\/\/marmarayerelhizmet.com\/index.php\/wp-json\/wp\/v2\/media?parent=12706"}],"wp:term":[{"taxonomy":"category","embeddable":true,"href":"https:\/\/marmarayerelhizmet.com\/index.php\/wp-json\/wp\/v2\/categories?post=12706"},{"taxonomy":"post_tag","embeddable":true,"href":"https:\/\/marmarayerelhizmet.com\/index.php\/wp-json\/wp\/v2\/tags?post=12706"}],"curies":[{"name":"wp","href":"https:\/\/api.w.org\/{rel}","templated":true}]}}