{"id":12350,"date":"2023-07-15T15:09:30","date_gmt":"2023-07-15T12:09:30","guid":{"rendered":"https:\/\/marmarayerelhizmet.com\/?p=12350"},"modified":"2023-07-15T15:10:42","modified_gmt":"2023-07-15T12:10:42","slug":"12350","status":"publish","type":"post","link":"https:\/\/marmarayerelhizmet.com\/index.php\/2023\/07\/15\/12350\/","title":{"rendered":"Uluda\u011f&#8217;\u0131n Yeni Alan S\u0131n\u0131rlar\u0131 Belli Oldu"},"content":{"rendered":"<p><strong><span style=\"font-family: arial, helvetica, sans-serif; font-size: 14px;\">Yaz k\u0131\u015f turizm a\u00e7\u0131s\u0131ndan Bursa&#8217;n\u0131n en \u00f6nemli b\u00f6lgesi olan 13 bin hektar y\u00fcz \u00f6l\u00e7\u00fcml\u00fc Uluda\u011f Milli Park\u0131&#8217;n\u0131n s\u0131n\u0131rlar\u0131 belli oldu.<br \/>\n<\/span><\/strong><br \/>\n<span style=\"font-family: arial, helvetica, sans-serif; font-size: 14px;\">Uluda\u011f Alan Ba\u015fkanl\u0131\u011f\u0131&#8217;n\u0131n kurulmas\u0131yla birlikte yap\u0131lan g\u00f6r\u00fc\u015fmeler neticesinde Milli Park\u0131n yakla\u015f\u0131k 2 bin hektarl\u0131k b\u00f6l\u00fcm\u00fc Uluda\u011f alan\u0131 olarak belirlendi. Alan\u0131n do\u011fal sit koruma stat\u00fclerinde ise herhangi bir de\u011fi\u015fiklik yap\u0131lmad\u0131.<\/span><br \/>\n<span style=\"font-family: arial, helvetica, sans-serif; font-size: 14px;\">Kayak alanlar\u0131n\u0131n bulundu\u011fu \u00e7anaklar, ve yap\u0131la\u015fman\u0131n oldu\u011fu Oteller birinci ve ikinci b\u00f6lge ile Sar\u0131alan ile \u00c7obankaya, Bakacak Uluda\u011f Alan Ba\u015fkanl\u0131\u011f\u0131&#8217;n\u0131n s\u0131n\u0131rlar\u0131 i\u00e7erisine dahil edilirken buzlu yedi g\u00f6ller ve b\u00f6lgedeki ormanl\u0131k alan Milli Parklarda kald\u0131.<\/span><br \/>\n<span style=\"font-family: arial, helvetica, sans-serif; font-size: 14px;\">Resmi Gazetede yay\u0131mlanan Cumhurba\u015fkan\u0131 karar\u0131 ile Uluda\u011f Milli Park\u0131 s\u0131n\u0131rlar\u0131n\u0131n Uluda\u011f Alan\u0131 s\u0131n\u0131rlar\u0131 ile \u00e7ak\u0131\u015fan k\u0131s\u0131mlar\u0131n\u0131n milli park vasf\u0131n\u0131n kald\u0131r\u0131lmas\u0131 ve bu alanda milli park i\u015f ve i\u015flemlerini y\u00fcr\u00fctmek \u00fczere ilgili idarelere tahsis edilmi\u015f olan ta\u015f\u0131nmazlar\u0131n Uluda\u011f Alan Ba\u015fkanl\u0131\u011f\u0131na devredilmesi \u015feklinde 2873 say\u0131l\u0131 Milli Parklar Kanunu&#8217;nun 3&#8217;\u00fcnc\u00fc maddesi gere\u011fince al\u0131nan karar\u0131n ard\u0131ndan Uluda\u011f Alan Ba\u015fkanl\u0131\u011f\u0131 kurulmu\u015f ve Uluda\u011f&#8217;\u0131n alan s\u0131n\u0131rlar\u0131n\u0131n belirlenmesi i\u00e7in \u00e7al\u0131\u015fmalar ba\u015flat\u0131lm\u0131\u015ft\u0131.<\/span><br \/>\n<span style=\"font-family: arial, helvetica, sans-serif; font-size: 14px;\">Uluda\u011f alan s\u0131n\u0131rlar\u0131 belirlenirken ba\u015fta Do\u011fa Koruma ve Mill\u00ee Parklar Genel M\u00fcd\u00fcrl\u00fc\u011f\u00fc olmak \u00fczere ilgili kurumlarla yap\u0131lan toplant\u0131lar neticesinde mutabakat sa\u011flanarak orman alanlar\u0131 ve buzul g\u00f6lleri Uluda\u011f Alan s\u0131n\u0131rlar\u0131 kapsam\u0131 d\u0131\u015f\u0131nda tutulurken, potansiyel kayak alanlar\u0131n\u0131n bulundu\u011fu \u00e7anaklar, alan s\u0131n\u0131r\u0131 kapsam\u0131na al\u0131nd\u0131. S\u0131n\u0131r da\u011f\u0131l\u0131m\u0131yla ilgili a\u00e7\u0131klama yapan Uluda\u011f Alan Ba\u015fkan Vekili Yunus Ba\u015far,<\/span><br \/>\n<span style=\"font-family: arial, helvetica, sans-serif; font-size: 14px;\">&#8220;Kayak turizminin yap\u0131ld\u0131\u011f\u0131 alanlarda yap\u0131la\u015fma yo\u011funlu\u011funu artt\u0131racak konaklamaya y\u00f6nelik tesislerin de\u011fil, sadece kayak pistleri, do\u011fa sporlar\u0131na y\u00f6nelik y\u00fcr\u00fcy\u00fc\u015f ve ke\u015fif parkurlar\u0131 ile bu faaliyetlere y\u00f6nelik mola noktalar\u0131 kurulaca\u011f\u0131n\u0131 s\u00f6yledi.<\/span><br \/>\n<span style=\"font-family: arial, helvetica, sans-serif; font-size: 14px;\">13 bin hektar y\u00fcz\u00f6l\u00e7\u00fcml\u00fc Uluda\u011f Mill\u00ee Park\u0131&#8217;n\u0131n yakla\u015f\u0131k 2 bin hektarl\u0131k b\u00f6l\u00fcm\u00fc Uluda\u011f Alan\u0131 olarak belirlendi\u011fini ifade eden Ba\u015far, &#8220;S\u00f6z konusu alan ormanl\u0131k alan d\u0131\u015f\u0131ndaki yakla\u015f\u0131k 50 y\u0131ld\u0131r yo\u011fun yap\u0131la\u015fman\u0131n hakim oldu\u011fu bir b\u00f6lgedir. Bu alan mill\u00ee park alan\u0131n\u0131n yakla\u015f\u0131k y\u00fczde 15&#8217;lik b\u00f6l\u00fcm\u00fcne denk gelmektedir. Kalan y\u00fczde 85&#8217;lik alan\u0131n Milli Park stat\u00fcs\u00fc halen devam etmektedir&#8221; dedi.<\/span><br \/>\n<span style=\"font-family: arial, helvetica, sans-serif; font-size: 14px;\">Uluda\u011f Alan Ba\u015fkanl\u0131\u011f\u0131n\u0131n kurulmas\u0131n\u0131n ard\u0131ndan alan\u0131n do\u011fal sit koruma stat\u00fclerinde herhangi bir de\u011fi\u015fiklik yap\u0131lmad\u0131\u011f\u0131na da vurgu yapan Uluda\u011f Alan Ba\u015fkan Vekili Yunus Ba\u015far, &#8220;Bu alanlarda y\u00fcr\u00fcrl\u00fckteki koruma mevzuat\u0131 ve ilke kararlar\u0131 ge\u00e7erlili\u011fini korumaktad\u0131r. Dolay\u0131s\u0131yla, Uluda\u011f&#8217;da y\u00fcr\u00fct\u00fclecek planlama \u00e7al\u0131\u015fmalar\u0131 ve uygulamalarda, b\u00f6lgenin do\u011fal yap\u0131s\u0131n\u0131n korumaya y\u00f6nelik \u00f6nlemlerin al\u0131nmas\u0131 ilgili t\u00fcm kurumlar a\u00e7\u0131s\u0131ndan yasal bir zorunluluktur. B\u00f6lgedeki orman alanlar\u0131, Alpin Da\u011f \u00c7ay\u0131rlar\u0131, su kaynaklar\u0131, endemik bitkiler ve canl\u0131 ya\u015fam\u0131n korunmas\u0131na ili\u015fkin olarak y\u00fcr\u00fcrl\u00fckteki mevzuat uyar\u0131nca gerekli \u00f6nlemlerin al\u0131nmas\u0131 Uluda\u011f Alan Ba\u015fkanl\u0131\u011f\u0131n\u0131n da yasal sorumlulu\u011fundad\u0131r. Uluda\u011f alan s\u0131n\u0131rlar\u0131 belirlenirken ba\u015fta Do\u011fa Koruma ve Mill\u00ee Parklar Genel M\u00fcd\u00fcrl\u00fc\u011f\u00fc olmak \u00fczere ilgili kurumlarla yap\u0131lan toplant\u0131lar neticesinde mutabakat sa\u011flanarak orman alanlar\u0131 ve buzul g\u00f6lleri Uluda\u011f Alan s\u0131n\u0131rlar\u0131 kapsam\u0131 d\u0131\u015f\u0131nda tutulmu\u015ftur. \u00d6zellikle potansiyel kayak alanlar\u0131n\u0131n bulundu\u011fu \u00e7anaklar, alan s\u0131n\u0131r\u0131 kapsam\u0131na al\u0131nm\u0131\u015f olup bu alanlarda yap\u0131la\u015fma yo\u011funlu\u011funu art\u0131racak konaklamaya y\u00f6nelik tesisler de\u011fil, sadece kayak pistleri, do\u011fa sporlar\u0131na y\u00f6nelik y\u00fcr\u00fcy\u00fc\u015f ve ke\u015fif parkurlar\u0131 ile bu faaliyetlere y\u00f6nelik mola noktalar\u0131 kurulmas\u0131 \u00f6ng\u00f6r\u00fclmektedir. Bu do\u011frultuda Bakanl\u0131\u011f\u0131m\u0131z ile Tar\u0131m ve Orman Bakanl\u0131\u011f\u0131 aras\u0131nda 24.05.2022 tarihinde yap\u0131lan toplant\u0131 sonucunda imzalanan mutabakat kapsam\u0131nda Uluda\u011f Alan s\u0131n\u0131r\u0131 belirlenmi\u015ftir&#8221; diye konu\u015ftu.<\/span><\/p>\n","protected":false},"excerpt":{"rendered":"<p>Yaz k\u0131\u015f turizm a\u00e7\u0131s\u0131ndan Bursa&#8217;n\u0131n en \u00f6nemli b\u00f6lgesi olan 13 bin hektar y\u00fcz \u00f6l\u00e7\u00fcml\u00fc Uluda\u011f Milli Park\u0131&#8217;n\u0131n s\u0131n\u0131rlar\u0131 belli oldu.<\/p>\n","protected":false},"author":3,"featured_media":12352,"comment_status":"open","ping_status":"open","sticky":false,"template":"","format":"standard","meta":{"colormag_page_container_layout":"default_layout","colormag_page_sidebar_layout":"default_layout","footnotes":""},"categories":[1,5],"tags":[],"class_list":["post-12350","post","type-post","status-publish","format-standard","has-post-thumbnail","hentry","category-genel","category-gundem"],"_links":{"self":[{"href":"https:\/\/marmarayerelhizmet.com\/index.php\/wp-json\/wp\/v2\/posts\/12350","targetHints":{"allow":["GET"]}}],"collection":[{"href":"https:\/\/marmarayerelhizmet.com\/index.php\/wp-json\/wp\/v2\/posts"}],"about":[{"href":"https:\/\/marmarayerelhizmet.com\/index.php\/wp-json\/wp\/v2\/types\/post"}],"author":[{"embeddable":true,"href":"https:\/\/marmarayerelhizmet.com\/index.php\/wp-json\/wp\/v2\/users\/3"}],"replies":[{"embeddable":true,"href":"https:\/\/marmarayerelhizmet.com\/index.php\/wp-json\/wp\/v2\/comments?post=12350"}],"version-history":[{"count":0,"href":"https:\/\/marmarayerelhizmet.com\/index.php\/wp-json\/wp\/v2\/posts\/12350\/revisions"}],"wp:featuredmedia":[{"embeddable":true,"href":"https:\/\/marmarayerelhizmet.com\/index.php\/wp-json\/wp\/v2\/media\/12352"}],"wp:attachment":[{"href":"https:\/\/marmarayerelhizmet.com\/index.php\/wp-json\/wp\/v2\/media?parent=12350"}],"wp:term":[{"taxonomy":"category","embeddable":true,"href":"https:\/\/marmarayerelhizmet.com\/index.php\/wp-json\/wp\/v2\/categories?post=12350"},{"taxonomy":"post_tag","embeddable":true,"href":"https:\/\/marmarayerelhizmet.com\/index.php\/wp-json\/wp\/v2\/tags?post=12350"}],"curies":[{"name":"wp","href":"https:\/\/api.w.org\/{rel}","templated":true}]}}