{"id":12342,"date":"2023-07-15T15:01:21","date_gmt":"2023-07-15T12:01:21","guid":{"rendered":"https:\/\/marmarayerelhizmet.com\/?p=12342"},"modified":"2023-07-15T15:01:21","modified_gmt":"2023-07-15T12:01:21","slug":"15-temmuz-dergi-kapaklari-sergisi","status":"publish","type":"post","link":"https:\/\/marmarayerelhizmet.com\/index.php\/2023\/07\/15\/15-temmuz-dergi-kapaklari-sergisi\/","title":{"rendered":"&#8217;15 Temmuz Dergi Kapaklar\u0131 Sergisi\u2019"},"content":{"rendered":"<p><strong><span style=\"font-family: arial, helvetica, sans-serif; font-size: 14px;\">\u0130stiklal Caddesi\u2019nde &#8220;T\u00fcrkiye Y\u00fczy\u0131l\u0131n\u0131n Kahramanlar\u0131 15 Temmuz Dergi Kapaklar\u0131 Sergisi&#8221; a\u00e7\u0131ld\u0131. Serginin a\u00e7\u0131l\u0131\u015f\u0131nda konu\u015fan Beyo\u011flu Belediye Ba\u015fkan\u0131 Haydar Ali Y\u0131ld\u0131z, &#8220;\u0130nan\u0131yorum ki bu caddeden ge\u00e7enler \u0130stiklal Caddesi\u2019nde 15 Temmuz hain darbe giri\u015fimini tekrar hat\u0131rlayacaklar. Bu serginin temel amac\u0131 15 Temmuz\u2019u hat\u0131rlatmak, unutmamak, unutturmamak \u00fczere bir iradedir\u2019\u2019 dedi.<br \/>\n<\/span><\/strong><br \/>\n<span style=\"font-family: arial, helvetica, sans-serif; font-size: 14px;\">Beyo\u011flu Belediyesi ve D\u00fcnya Dergiler Birli\u011fi i\u015fbirli\u011fi ile d\u00fczenlenen &#8220;T\u00fcrkiye Y\u00fczy\u0131l\u0131n\u0131n Kahramanlar\u0131 15 Temmuz Dergi Kapaklar\u0131 Sergisi\u2019\u2019, \u0130stiklal Caddesi\u2019ndeki Beyo\u011flu Belediyesi \u0130stiklal Sanat Galerisi&#8217;nde a\u00e7\u0131ld\u0131. Serginin a\u00e7\u0131l\u0131\u015f\u0131na Beyo\u011flu Kaymakam\u0131 Mustafa Demirelli, AK Parti Beyo\u011flu \u0130l\u00e7e Ba\u015fkan\u0131 Abdullah Enes \u00d6zkan ve bir\u00e7ok ziyaret\u00e7i kat\u0131ld\u0131. Sergide, 15 Temmuz hain darbe giri\u015fimi g\u00fcn\u00fc yay\u0131nlanan dergilerin kapaklar\u0131 yer ald\u0131. Dergi kapaklar\u0131nda kahraman \u015fehit \u00d6mer Halisdemir\u2019e, \u015fehitlere ve hain darbe giri\u015fimine direnen vatanda\u015flara yer verildi\u011fi g\u00f6r\u00fcld\u00fc.<\/span><\/p>\n<p><strong><span style=\"font-family: arial, helvetica, sans-serif; font-size: 14px;\">&#8220;Bu serginin temel amac\u0131, 15 Temmuz\u2019u hat\u0131rlatmak, unutmamak, unutturmamak \u00fczere bir iradedir\u2019\u2019<\/span><\/strong><br \/>\n<span style=\"font-family: arial, helvetica, sans-serif; font-size: 14px;\">Serginin a\u00e7\u0131l\u0131\u015f\u0131nda konu\u015fan Beyo\u011flu Belediye Ba\u015fkan\u0131 Haydar Ali Y\u0131ld\u0131z, &#8220;15 Temmuz, bu \u00fclkede hainli\u011fin vuku buldu\u011fu ve bu milletin bu hainli\u011fe \u00e7etin bir \u015fekilde cezas\u0131n\u0131 verdi\u011fi tarihin ad\u0131d\u0131r. 15 Temmuz\u2019u unutmamak ve unutturmamak \u00fczere bu topra\u011f\u0131n \u00e7ocuklar\u0131n\u0131n \u00fczerinde bir sorumluluk var. Beyo\u011flu Belediyesi olarak T\u00fcrkiye Cumhuriyeti\u2019nin di\u011fer kurumlar\u0131yla birlikte yar\u0131n 15 Temmuz\u2019da sayg\u0131de\u011fer Cumhurba\u015fkan\u0131m\u0131z ile birlikte bu hain giri\u015fim bir kez daha k\u0131nanacak, vatan\u0131m\u0131za, bayra\u011f\u0131m\u0131za, devletimize ve milletimize, mukaddesat\u0131m\u0131za uzanan ele nas\u0131l kar\u015f\u0131l\u0131k g\u00f6sterece\u011fimizi bir kez daha g\u00f6stermi\u015f olaca\u011f\u0131z. Dergiler \u00fczerinden bir nesil in\u015fa edilir ve edilmi\u015ftir. Bug\u00fcn D\u00fcnya Dergiler Birli\u011fi i\u015fbirli\u011fi ile \u0130stiklal Caddesi\u2019ne bir sergi a\u00e7arak 15 Temmuz\u2019u unutturmamak ad\u0131na bir gayret ortaya koyuyoruz. \u0130nan\u0131yorum ki, bu caddeden ge\u00e7enler \u0130stiklal Caddesi\u2019nde 15 Temmuz hain darbe giri\u015fimini tekrar hat\u0131rlayacaklar. Bu serginin temel amac\u0131 15 Temmuz\u2019u hat\u0131rlatmak, unutmamak, unutturmamak \u00fczere bir iradedir\u2019\u2019 ifadelerini kulland\u0131.<\/span><br \/>\n<span style=\"font-family: arial, helvetica, sans-serif; font-size: 14px;\">Sergi, 22 Temmuz Cumartesi g\u00fcn\u00fcne kadar ziyaret\u00e7ilerini a\u011f\u0131rlayacak.<\/span><\/p>\n","protected":false},"excerpt":{"rendered":"<p>\u0130stiklal Caddesi\u2019nde &#8220;T\u00fcrkiye Y\u00fczy\u0131l\u0131n\u0131n Kahramanlar\u0131 15 Temmuz Dergi Kapaklar\u0131 Sergisi&#8221; a\u00e7\u0131ld\u0131. Serginin a\u00e7\u0131l\u0131\u015f\u0131nda konu\u015fan Beyo\u011flu Belediye Ba\u015fkan\u0131 Haydar Ali Y\u0131ld\u0131z,<\/p>\n","protected":false},"author":3,"featured_media":12344,"comment_status":"open","ping_status":"open","sticky":false,"template":"","format":"standard","meta":{"colormag_page_container_layout":"default_layout","colormag_page_sidebar_layout":"default_layout","footnotes":""},"categories":[1,5,6,8],"tags":[],"class_list":["post-12342","post","type-post","status-publish","format-standard","has-post-thumbnail","hentry","category-genel","category-gundem","category-kultur-sanat","category-siyaset"],"_links":{"self":[{"href":"https:\/\/marmarayerelhizmet.com\/index.php\/wp-json\/wp\/v2\/posts\/12342","targetHints":{"allow":["GET"]}}],"collection":[{"href":"https:\/\/marmarayerelhizmet.com\/index.php\/wp-json\/wp\/v2\/posts"}],"about":[{"href":"https:\/\/marmarayerelhizmet.com\/index.php\/wp-json\/wp\/v2\/types\/post"}],"author":[{"embeddable":true,"href":"https:\/\/marmarayerelhizmet.com\/index.php\/wp-json\/wp\/v2\/users\/3"}],"replies":[{"embeddable":true,"href":"https:\/\/marmarayerelhizmet.com\/index.php\/wp-json\/wp\/v2\/comments?post=12342"}],"version-history":[{"count":0,"href":"https:\/\/marmarayerelhizmet.com\/index.php\/wp-json\/wp\/v2\/posts\/12342\/revisions"}],"wp:featuredmedia":[{"embeddable":true,"href":"https:\/\/marmarayerelhizmet.com\/index.php\/wp-json\/wp\/v2\/media\/12344"}],"wp:attachment":[{"href":"https:\/\/marmarayerelhizmet.com\/index.php\/wp-json\/wp\/v2\/media?parent=12342"}],"wp:term":[{"taxonomy":"category","embeddable":true,"href":"https:\/\/marmarayerelhizmet.com\/index.php\/wp-json\/wp\/v2\/categories?post=12342"},{"taxonomy":"post_tag","embeddable":true,"href":"https:\/\/marmarayerelhizmet.com\/index.php\/wp-json\/wp\/v2\/tags?post=12342"}],"curies":[{"name":"wp","href":"https:\/\/api.w.org\/{rel}","templated":true}]}}