{"id":12338,"date":"2023-07-15T14:59:52","date_gmt":"2023-07-15T11:59:52","guid":{"rendered":"https:\/\/marmarayerelhizmet.com\/?p=12338"},"modified":"2023-07-15T14:59:52","modified_gmt":"2023-07-15T11:59:52","slug":"edirnekapi-sehitliginde-toren-duzenlendi","status":"publish","type":"post","link":"https:\/\/marmarayerelhizmet.com\/index.php\/2023\/07\/15\/edirnekapi-sehitliginde-toren-duzenlendi\/","title":{"rendered":"Edirnekap\u0131 \u015eehitli\u011fi&#8217;nde T\u00f6ren D\u00fczenlendi"},"content":{"rendered":"<p><strong><span style=\"font-family: arial, helvetica, sans-serif; font-size: 14px;\">Edirnekap\u0131&#8217;da bulunan 15 Temmuz \u015eehitli\u011fi&#8217;nde anma t\u00f6reni d\u00fczenlendi.<br \/>\n<\/span><\/strong><br \/>\n<span style=\"font-family: arial, helvetica, sans-serif; font-size: 14px;\">15 Temmuz hain darbe giri\u015fiminin 7\u2019nci y\u0131l d\u00f6n\u00fcm\u00fcnde Edirnekap\u0131&#8217;daki 15 Temmuz \u015eehitli\u011fi&#8217;nde anma t\u00f6reni d\u00fczenlendi. Programa \u0130stanbul Valisi Davut G\u00fcl, \u0130stanbul \u0130l Emniyet M\u00fcd\u00fcr\u00fc Zafer Akta\u015f, kuvvet komutanlar\u0131, \u0130stanbul B\u00fcy\u00fck\u015fehir Belediye Ba\u015fkan\u0131 Ekrem \u0130mamo\u011flu, Esenler Belediye Ba\u015fkan\u0131 Mehmet Tevfik G\u00f6ksu, \u015fehit yak\u0131nlar\u0131 ve gaziler kat\u0131ld\u0131. Programda yap\u0131lan Kur&#8217;an-\u0131 Kerim tilavetinin ard\u0131ndan \u015fehitler i\u00e7in dualar edildi. Anma t\u00f6reni sonras\u0131 \u015fehit mezarlar\u0131na karanfil b\u0131rakan protokol \u00fcyeleri, \u015fehit yak\u0131nlar\u0131na ba\u015fsa\u011fl\u0131\u011f\u0131 diledi.<\/span><br \/>\n<span style=\"font-family: arial, helvetica, sans-serif; font-size: 14px;\">Burada bas\u0131n mensuplar\u0131na konu\u015fan \u0130stanbul Valisi Davut G\u00fcl, &#8220;Bug\u00fcn 15 Temmuz tarihimizin en karanl\u0131k sayfalar\u0131ndan biri. Bir ihanet giri\u015fimi ve ayn\u0131 zamanda milletimizin yazd\u0131\u011f\u0131 bir destan\u0131n da y\u0131l d\u00f6n\u00fcm\u00fc dolay\u0131s\u0131yla hem \u00fcz\u00fcnt\u00fcm\u00fcz var hem sevincimiz var. Cumhurba\u015fkan\u0131m\u0131z\u0131n ve milletimizin ferasetiyle \u015fehitlerimizin gazilerimizin \u00f6dedi\u011fi bedelle bu devleti bu u\u00e7urumun kenar\u0131ndan alarak in\u015fallah sonsuza kadar ya\u015fatmak i\u00e7in bir bedel \u00f6dedi. \u015eu an \u015fehitlikteyiz, \u015fehitlerimiz bu ihanet kalk\u0131\u015fmas\u0131n\u0131n \u015fahitleri. \u015eehit aileleri bunlar\u0131n \u015fahitleri. Aziz \u015fehitlerimizi ziyaret ettik. Onlara Allah&#8217;tan rahmet diliyoruz. Milletimize ba\u015fta \u015fehit alileri olmak \u00fczere sab\u0131rlar diliyoruz&#8221; dedi.<\/span><\/p>\n","protected":false},"excerpt":{"rendered":"<p>Edirnekap\u0131&#8217;da bulunan 15 Temmuz \u015eehitli\u011fi&#8217;nde anma t\u00f6reni d\u00fczenlendi. 15 Temmuz hain darbe giri\u015fiminin 7\u2019nci y\u0131l d\u00f6n\u00fcm\u00fcnde Edirnekap\u0131&#8217;daki 15 Temmuz \u015eehitli\u011fi&#8217;nde<\/p>\n","protected":false},"author":3,"featured_media":12340,"comment_status":"open","ping_status":"open","sticky":false,"template":"","format":"standard","meta":{"colormag_page_container_layout":"default_layout","colormag_page_sidebar_layout":"default_layout","footnotes":""},"categories":[1,5,8],"tags":[],"class_list":["post-12338","post","type-post","status-publish","format-standard","has-post-thumbnail","hentry","category-genel","category-gundem","category-siyaset"],"_links":{"self":[{"href":"https:\/\/marmarayerelhizmet.com\/index.php\/wp-json\/wp\/v2\/posts\/12338","targetHints":{"allow":["GET"]}}],"collection":[{"href":"https:\/\/marmarayerelhizmet.com\/index.php\/wp-json\/wp\/v2\/posts"}],"about":[{"href":"https:\/\/marmarayerelhizmet.com\/index.php\/wp-json\/wp\/v2\/types\/post"}],"author":[{"embeddable":true,"href":"https:\/\/marmarayerelhizmet.com\/index.php\/wp-json\/wp\/v2\/users\/3"}],"replies":[{"embeddable":true,"href":"https:\/\/marmarayerelhizmet.com\/index.php\/wp-json\/wp\/v2\/comments?post=12338"}],"version-history":[{"count":0,"href":"https:\/\/marmarayerelhizmet.com\/index.php\/wp-json\/wp\/v2\/posts\/12338\/revisions"}],"wp:featuredmedia":[{"embeddable":true,"href":"https:\/\/marmarayerelhizmet.com\/index.php\/wp-json\/wp\/v2\/media\/12340"}],"wp:attachment":[{"href":"https:\/\/marmarayerelhizmet.com\/index.php\/wp-json\/wp\/v2\/media?parent=12338"}],"wp:term":[{"taxonomy":"category","embeddable":true,"href":"https:\/\/marmarayerelhizmet.com\/index.php\/wp-json\/wp\/v2\/categories?post=12338"},{"taxonomy":"post_tag","embeddable":true,"href":"https:\/\/marmarayerelhizmet.com\/index.php\/wp-json\/wp\/v2\/tags?post=12338"}],"curies":[{"name":"wp","href":"https:\/\/api.w.org\/{rel}","templated":true}]}}