{"id":12334,"date":"2023-07-15T14:51:15","date_gmt":"2023-07-15T11:51:15","guid":{"rendered":"https:\/\/marmarayerelhizmet.com\/?p=12334"},"modified":"2023-07-15T14:51:15","modified_gmt":"2023-07-15T11:51:15","slug":"sildaktan-sehit-ailelerine-ziyaret","status":"publish","type":"post","link":"https:\/\/marmarayerelhizmet.com\/index.php\/2023\/07\/15\/sildaktan-sehit-ailelerine-ziyaret\/","title":{"rendered":"\u015e\u0131ldak&#8217;tan \u015eehit Ailelerine Ziyaret"},"content":{"rendered":"<p><strong><span style=\"font-family: arial, helvetica, sans-serif; font-size: 14px;\">Vali Hasan \u015e\u0131ldak E\u015fi Fatma Nur \u015e\u0131ldak ile birlikte 15 Temmuz Demokrasi ve Milli Birlik G\u00fcn\u00fc etkinlikleri kapsam\u0131nda, vatan hainlerinin yenilgiye u\u011frat\u0131ld\u0131\u011f\u0131 darbe giri\u015fiminde \u015eehit olan \u00d6zel Harekat Polisi Mustafa Serin ve Timur Aktemur&#8217;un ailelerini ziyaret etti.<\/span><\/strong><\/p>\n<p><span style=\"font-family: arial, helvetica, sans-serif; font-size: 14px;\">Fetullah\u00e7\u0131 Ter\u00f6r \u00d6rg\u00fct\u00fc&#8217;n\u00fcn (FET\u00d6) hain darbe giri\u015fimi s\u0131ras\u0131nda Ankara G\u00f6lba\u015f\u0131\u2019nda \u015eehit d\u00fc\u015fen \u00d6zel Harek\u00e2t Polisi Mustafa Serin\u2019in ve sivil Timur Aktemur&#8217;un Burhaniye&#8217;deki ailelerini ziyaret eden Vali \u015e\u0131ldak, 15 Temmuz gecesi yaz\u0131lan destan\u0131n kahramanlar\u0131 olan aziz \u015fehitlerin hakk\u0131n\u0131n hi\u00e7 bir zaman \u00f6denmeyece\u011fini dile getirdi.<\/span><\/p>\n<p><span style=\"font-family: arial, helvetica, sans-serif; font-size: 14px;\">\u015eehitlerin aileleri Vali \u015e\u0131ldak\u2019a bu anlaml\u0131 ve ac\u0131lar\u0131n\u0131n tazelendi\u011fi g\u00fcnde onlar\u0131 yaln\u0131z b\u0131rakmad\u0131klar\u0131 i\u00e7in te\u015fekk\u00fcr ettiler.<\/span><\/p>\n<p><span style=\"font-family: arial, helvetica, sans-serif; font-size: 14px;\">\u015eehit \u00d6zel Harekat Polisi Mustafa Serin\u2019in \u0130l\u00e7edeki kabrine de beraberinde Burhaniye Kaymakam\u0131 \u0130lyas Memi\u015f ile birlikte ziyaret ger\u00e7ekle\u015ftiren Vali \u015e\u0131ldak, tarihi say\u0131s\u0131z kahramanla dolup ta\u015fan, her kar\u0131\u015f\u0131 \u015fehit kanlar\u0131yla sulanm\u0131\u015f \u00fclkemizde, birlik ve beraberlik duygular\u0131n\u0131n her ge\u00e7en g\u00fcn g\u00fc\u00e7lendi\u011fini ifade etti.<\/span><\/p>\n","protected":false},"excerpt":{"rendered":"<p>Vali Hasan \u015e\u0131ldak E\u015fi Fatma Nur \u015e\u0131ldak ile birlikte 15 Temmuz Demokrasi ve Milli Birlik G\u00fcn\u00fc etkinlikleri kapsam\u0131nda, vatan hainlerinin<\/p>\n","protected":false},"author":3,"featured_media":12336,"comment_status":"open","ping_status":"open","sticky":false,"template":"","format":"standard","meta":{"colormag_page_container_layout":"default_layout","colormag_page_sidebar_layout":"default_layout","footnotes":""},"categories":[1,5,8],"tags":[],"class_list":["post-12334","post","type-post","status-publish","format-standard","has-post-thumbnail","hentry","category-genel","category-gundem","category-siyaset"],"_links":{"self":[{"href":"https:\/\/marmarayerelhizmet.com\/index.php\/wp-json\/wp\/v2\/posts\/12334","targetHints":{"allow":["GET"]}}],"collection":[{"href":"https:\/\/marmarayerelhizmet.com\/index.php\/wp-json\/wp\/v2\/posts"}],"about":[{"href":"https:\/\/marmarayerelhizmet.com\/index.php\/wp-json\/wp\/v2\/types\/post"}],"author":[{"embeddable":true,"href":"https:\/\/marmarayerelhizmet.com\/index.php\/wp-json\/wp\/v2\/users\/3"}],"replies":[{"embeddable":true,"href":"https:\/\/marmarayerelhizmet.com\/index.php\/wp-json\/wp\/v2\/comments?post=12334"}],"version-history":[{"count":0,"href":"https:\/\/marmarayerelhizmet.com\/index.php\/wp-json\/wp\/v2\/posts\/12334\/revisions"}],"wp:featuredmedia":[{"embeddable":true,"href":"https:\/\/marmarayerelhizmet.com\/index.php\/wp-json\/wp\/v2\/media\/12336"}],"wp:attachment":[{"href":"https:\/\/marmarayerelhizmet.com\/index.php\/wp-json\/wp\/v2\/media?parent=12334"}],"wp:term":[{"taxonomy":"category","embeddable":true,"href":"https:\/\/marmarayerelhizmet.com\/index.php\/wp-json\/wp\/v2\/categories?post=12334"},{"taxonomy":"post_tag","embeddable":true,"href":"https:\/\/marmarayerelhizmet.com\/index.php\/wp-json\/wp\/v2\/tags?post=12334"}],"curies":[{"name":"wp","href":"https:\/\/api.w.org\/{rel}","templated":true}]}}