{"id":12330,"date":"2023-07-15T14:49:48","date_gmt":"2023-07-15T11:49:48","guid":{"rendered":"https:\/\/marmarayerelhizmet.com\/?p=12330"},"modified":"2023-07-15T14:49:48","modified_gmt":"2023-07-15T11:49:48","slug":"15-temmuz-gurur-sayfasidir","status":"publish","type":"post","link":"https:\/\/marmarayerelhizmet.com\/index.php\/2023\/07\/15\/15-temmuz-gurur-sayfasidir\/","title":{"rendered":"&#8217;15 Temmuz Gurur Sayfas\u0131d\u0131r&#8217;"},"content":{"rendered":"<p><strong><span style=\"font-family: arial, helvetica, sans-serif; font-size: 14px;\">15 Temmuz Demokrasi ve Milli Birlik G\u00fcn\u00fc etkinlikleri kapsam\u0131nda, Vali Hasan \u015e\u0131ldak ve E\u015fi Fatma Nur \u015e\u0131ldak&#8217;\u0131n ev sahipli\u011finde \u015eehit Aileleri ve Gaziler onuruna yemek d\u00fczenlendi.<\/span><\/strong><\/p>\n<p><span style=\"font-family: arial, helvetica, sans-serif; font-size: 14px;\">Yeme\u011fe kat\u0131lan \u0219ehit aileleri ve gaziler ile yak\u0131ndan ilgilenerek onlarla sohbet eden Vali \u015e\u0131ldak, &#8220;\u00dclkemizin ya\u015fad\u0131\u011f\u0131 en b\u00fcy\u00fck ihanetlerden birinin y\u0131l d\u00f6n\u00fcm\u00fcnde siz de\u011ferli misafirlerimizle bulu\u015fmak bizler i\u00e7in gurur vesilesidir. 15 Temmuz tarihimizin \u00f6zel sayfalar\u0131na eklenmi\u015f yeni bir sayfad\u0131r. Onu okumak, anlatmak, ya\u015famak ve ya\u015fatmak boynumuzun borcudur. \u00d6zel anlam i\u00e7eren bu g\u00fcn\u00fcn tarihimizdeki yeri, o g\u00fcn ne oldu\u011fu ve neden oldu\u011fu sorusunun her zaman sorulmas\u0131, o ruhun canl\u0131 tutulmas\u0131, unutulmamas\u0131 ve unutturulmamas\u0131 gerekmektedir. \u00d6zellikle yeni ku\u015faklara, \u00e7ocuklar\u0131m\u0131za, gen\u00e7lerimize iyi \u00f6\u011fretilmesi ve bize y\u00f6nelen hain ellerin ne yapmak istedi\u011fini, buna kar\u015f\u0131 bu milletin devletiyle nas\u0131l tek y\u00fcrek oldu\u011funu anlatmak ve unutturmamak hepimizin en b\u00fcy\u00fck g\u00f6revidir.&#8221; \u015feklinde konu\u015ftu.<\/span><\/p>\n<p><span style=\"font-family: arial, helvetica, sans-serif; font-size: 14px;\">Bu topraklar\u0131n ilelebet payidar kalmas\u0131 i\u00e7in \u015eehitler, gaziler ve onlar\u0131n aileleri olduk\u00e7a dimdik ayakta ve daha da g\u00fc\u00e7lenerek yola devam edilece\u011fini vurgulayan \u015e\u0131ldak, &#8220;15 Temmuz sadece \u00fclkemizin varl\u0131\u011f\u0131na, birli\u011fine, b\u00fct\u00fcnl\u00fc\u011f\u00fcne, ba\u011f\u0131ms\u0131zl\u0131\u011f\u0131na y\u00f6nelik bir hedef g\u00f6sterme, bir ihanet de\u011fil; ayn\u0131 zamanda demokrasiye kar\u015f\u0131 bir giri\u015fimdir. Demokrasinin de katledilmesi istenmi\u015ftir. Milletimiz Say\u0131n Cumhurba\u015fkan\u0131m\u0131z\u0131n liderli\u011finde tek vatan, tek bayrak, tek \u00fclke ve tek millet inanc\u0131yla sahip \u00e7\u0131kt\u0131\u011f\u0131 de\u011ferlerini o gece sonuna kadar savunmu\u015f ve bu \u00fclkenin evlatlar\u0131 olarak T\u00fcrkiye Cumhuriyeti&#8217;nde Atat\u00fcrk&#8217;\u00fcn kurdu\u011fu bu devleti ilelebet d\u00fcnya var olduk\u00e7a ya\u015fatma duygusunu, inanc\u0131n\u0131 tekrarlam\u0131\u015ft\u0131r. Burada ya\u015fanan \u00c7anakkale ruhudur, Kurtulu\u015f Sava\u015f\u0131 ruhudur, Kuv\u00e2-yi Milliye ruhudur&#8230; Bu irade Bal\u0131kesir&#8217;de hi\u00e7bir zaman azalmayacak, her ge\u00e7en g\u00fcn g\u00fc\u00e7lenecektir.&#8221; ifadelerini kulland\u0131.<\/span><\/p>\n","protected":false},"excerpt":{"rendered":"<p>15 Temmuz Demokrasi ve Milli Birlik G\u00fcn\u00fc etkinlikleri kapsam\u0131nda, Vali Hasan \u015e\u0131ldak ve E\u015fi Fatma Nur \u015e\u0131ldak&#8217;\u0131n ev sahipli\u011finde \u015eehit<\/p>\n","protected":false},"author":3,"featured_media":12332,"comment_status":"open","ping_status":"open","sticky":false,"template":"","format":"standard","meta":{"colormag_page_container_layout":"default_layout","colormag_page_sidebar_layout":"default_layout","footnotes":""},"categories":[1,5,8],"tags":[],"class_list":["post-12330","post","type-post","status-publish","format-standard","has-post-thumbnail","hentry","category-genel","category-gundem","category-siyaset"],"_links":{"self":[{"href":"https:\/\/marmarayerelhizmet.com\/index.php\/wp-json\/wp\/v2\/posts\/12330","targetHints":{"allow":["GET"]}}],"collection":[{"href":"https:\/\/marmarayerelhizmet.com\/index.php\/wp-json\/wp\/v2\/posts"}],"about":[{"href":"https:\/\/marmarayerelhizmet.com\/index.php\/wp-json\/wp\/v2\/types\/post"}],"author":[{"embeddable":true,"href":"https:\/\/marmarayerelhizmet.com\/index.php\/wp-json\/wp\/v2\/users\/3"}],"replies":[{"embeddable":true,"href":"https:\/\/marmarayerelhizmet.com\/index.php\/wp-json\/wp\/v2\/comments?post=12330"}],"version-history":[{"count":0,"href":"https:\/\/marmarayerelhizmet.com\/index.php\/wp-json\/wp\/v2\/posts\/12330\/revisions"}],"wp:featuredmedia":[{"embeddable":true,"href":"https:\/\/marmarayerelhizmet.com\/index.php\/wp-json\/wp\/v2\/media\/12332"}],"wp:attachment":[{"href":"https:\/\/marmarayerelhizmet.com\/index.php\/wp-json\/wp\/v2\/media?parent=12330"}],"wp:term":[{"taxonomy":"category","embeddable":true,"href":"https:\/\/marmarayerelhizmet.com\/index.php\/wp-json\/wp\/v2\/categories?post=12330"},{"taxonomy":"post_tag","embeddable":true,"href":"https:\/\/marmarayerelhizmet.com\/index.php\/wp-json\/wp\/v2\/tags?post=12330"}],"curies":[{"name":"wp","href":"https:\/\/api.w.org\/{rel}","templated":true}]}}