{"id":12326,"date":"2023-07-15T14:47:30","date_gmt":"2023-07-15T11:47:30","guid":{"rendered":"https:\/\/marmarayerelhizmet.com\/?p=12326"},"modified":"2023-07-15T14:47:30","modified_gmt":"2023-07-15T11:47:30","slug":"sehitlerinin-fotografi-galata-kulesine-yansitildi","status":"publish","type":"post","link":"https:\/\/marmarayerelhizmet.com\/index.php\/2023\/07\/15\/sehitlerinin-fotografi-galata-kulesine-yansitildi\/","title":{"rendered":"\u015eehitlerinin Foto\u011fraf\u0131 Galata Kulesi&#8217;ne Yans\u0131t\u0131ld\u0131"},"content":{"rendered":"<p><strong><span style=\"font-family: arial, helvetica, sans-serif; font-size: 14px;\">Beyo\u011flu Belediyesi taraf\u0131ndan 15 Temmuz Demokrasi ve Milli Birlik G\u00fcn\u00fc dolay\u0131s\u0131yla Galata Kulesi&#8217;ne 15 Temmuz \u015fehitlerinin foto\u011fraf\u0131 yans\u0131t\u0131ld\u0131.<\/span><\/strong><\/p>\n<p><span style=\"font-family: arial, helvetica, sans-serif; font-size: 14px;\">Beyo\u011flu Belediyesi taraf\u0131ndan 15 Temmuz Demokrasi ve Milli Birlik G\u00fcn\u00fc dolay\u0131s\u0131yla 15 Temmuz\u2019da \u015fehit olan 251 vatanda\u015f\u0131n foto\u011fraflar\u0131 ve isimleri video maping y\u00f6ntemi ile Galata Kulesi \u00fczerine yans\u0131t\u0131ld\u0131. Duygusal anlar\u0131n ya\u015fand\u0131\u011f\u0131 Galata Kulesi \u00f6n\u00fcnde \u0130stiklal Mar\u015f\u0131 da okundu.<\/span><\/p>\n<p><span style=\"font-family: arial, helvetica, sans-serif; font-size: 14px;\">Yans\u0131tmay\u0131 izleyen bir vatanda\u015f \u201cBu t\u00fcr g\u00f6sterileri ben a\u00e7\u0131k\u00e7as\u0131 destekliyorum. \u00d6zellikle b\u00f6yle tarihi mekanlarda T\u00fcrk bayra\u011f\u0131m\u0131z\u0131n g\u00f6r\u00fcnmesi milletimiz ad\u0131na gurur verici\u201d ifadelerini kulland\u0131.<\/span><\/p>\n","protected":false},"excerpt":{"rendered":"<p>Beyo\u011flu Belediyesi taraf\u0131ndan 15 Temmuz Demokrasi ve Milli Birlik G\u00fcn\u00fc dolay\u0131s\u0131yla Galata Kulesi&#8217;ne 15 Temmuz \u015fehitlerinin foto\u011fraf\u0131 yans\u0131t\u0131ld\u0131. Beyo\u011flu Belediyesi<\/p>\n","protected":false},"author":3,"featured_media":12328,"comment_status":"open","ping_status":"open","sticky":false,"template":"","format":"standard","meta":{"colormag_page_container_layout":"default_layout","colormag_page_sidebar_layout":"default_layout","footnotes":""},"categories":[1,5,8],"tags":[],"class_list":["post-12326","post","type-post","status-publish","format-standard","has-post-thumbnail","hentry","category-genel","category-gundem","category-siyaset"],"_links":{"self":[{"href":"https:\/\/marmarayerelhizmet.com\/index.php\/wp-json\/wp\/v2\/posts\/12326","targetHints":{"allow":["GET"]}}],"collection":[{"href":"https:\/\/marmarayerelhizmet.com\/index.php\/wp-json\/wp\/v2\/posts"}],"about":[{"href":"https:\/\/marmarayerelhizmet.com\/index.php\/wp-json\/wp\/v2\/types\/post"}],"author":[{"embeddable":true,"href":"https:\/\/marmarayerelhizmet.com\/index.php\/wp-json\/wp\/v2\/users\/3"}],"replies":[{"embeddable":true,"href":"https:\/\/marmarayerelhizmet.com\/index.php\/wp-json\/wp\/v2\/comments?post=12326"}],"version-history":[{"count":0,"href":"https:\/\/marmarayerelhizmet.com\/index.php\/wp-json\/wp\/v2\/posts\/12326\/revisions"}],"wp:featuredmedia":[{"embeddable":true,"href":"https:\/\/marmarayerelhizmet.com\/index.php\/wp-json\/wp\/v2\/media\/12328"}],"wp:attachment":[{"href":"https:\/\/marmarayerelhizmet.com\/index.php\/wp-json\/wp\/v2\/media?parent=12326"}],"wp:term":[{"taxonomy":"category","embeddable":true,"href":"https:\/\/marmarayerelhizmet.com\/index.php\/wp-json\/wp\/v2\/categories?post=12326"},{"taxonomy":"post_tag","embeddable":true,"href":"https:\/\/marmarayerelhizmet.com\/index.php\/wp-json\/wp\/v2\/tags?post=12326"}],"curies":[{"name":"wp","href":"https:\/\/api.w.org\/{rel}","templated":true}]}}