{"id":12322,"date":"2023-07-15T14:45:55","date_gmt":"2023-07-15T11:45:55","guid":{"rendered":"https:\/\/marmarayerelhizmet.com\/?p=12322"},"modified":"2023-07-15T14:45:55","modified_gmt":"2023-07-15T11:45:55","slug":"bursa-festivali-karsu-ile-basladi","status":"publish","type":"post","link":"https:\/\/marmarayerelhizmet.com\/index.php\/2023\/07\/15\/bursa-festivali-karsu-ile-basladi\/","title":{"rendered":"Bursa Festivali Karsu ile Ba\u015flad\u0131"},"content":{"rendered":"<p><strong><span style=\"font-family: arial, helvetica, sans-serif; font-size: 14px;\">Bu y\u0131l 61&#8217;incisi d\u00fczenlenen Uluslararas\u0131 Bursa Festivali \u00fcnl\u00fc sanat\u00e7\u0131 Karsu\u2019nun konseri ile ba\u015flad\u0131.<br \/>\n<\/span><\/strong><br \/>\n<span style=\"font-family: arial, helvetica, sans-serif; font-size: 14px;\">T\u00fcrkiye\u2019nin en uzun soluklu uluslararas\u0131 festivali unvan\u0131na sahip Uluslararas\u0131 Bursa Festivali 61\u2019inci kez Bursal\u0131larla bulu\u015ftu. Bursa B\u00fcy\u00fck\u015fehir Belediyesi ad\u0131na Bursa K\u00fclt\u00fcr Sanat ve Turizm Vakf\u0131 (BKSTV) taraf\u0131ndan K\u00fclt\u00fcr ve Turizm Bakanl\u0131\u011f\u0131\u2019n\u0131n katk\u0131lar\u0131yla, ATI\u015e \u015eirketler Grubu ana sponsorlu\u011funda bu y\u0131l 61.\u2019si d\u00fczenlenen \u2018Uluslararas\u0131 Bursa Festivali, Uluda\u011f Premium sponsorlu\u011funda \u00fcnl\u00fc s\u00f6z yazar\u0131 ve piyanist Karsu ve Bursa B\u00f6lge Devlet Senfoni Orkestras\u0131\u2019n\u0131n muhte\u015fem konseri ile ba\u015flad\u0131.<\/span><br \/>\n<span style=\"font-family: arial, helvetica, sans-serif; font-size: 14px;\">Konser \u00f6ncesi festivale gelen vatanda\u015flara seslenen Bursa B\u00fcy\u00fck\u015fehir Belediye Ba\u015fkan\u0131 Alinur Akta\u015f, 31 Temmuz\u2019a kadar s\u00fcrecek ve bu y\u0131l 61.\u2019si ger\u00e7ekle\u015ftirilen Uluslararas\u0131 Bursa Festivali\u2019ne kat\u0131lan herkese \u015f\u00fckranlar\u0131n\u0131 iletti. Meksika\u2019n\u0131n \u015fampiyonlu\u011fu ile tamamlanan 35. Uluslararas\u0131 Alt\u0131n Karag\u00f6z Halk Danslar\u0131 Yar\u0131\u015fmas\u0131\u2019n\u0131n 5 g\u00fcn boyunca Bursa\u2019n\u0131n 17 il\u00e7esinde k\u00fclt\u00fcr \u015f\u00f6leni ya\u015fatt\u0131\u011f\u0131n\u0131 hat\u0131rlatan Ba\u015fkan Akta\u015f, \u201c61 y\u0131ld\u0131r bu kervanda eme\u011fi olan herkese te\u015fekk\u00fcr ediyorum. \u0130lk g\u00fcnden bu yana katk\u0131 sa\u011flayan, belediye ba\u015fkanlar\u0131m\u0131za, vak\u0131f ba\u015fkanlar\u0131m\u0131za, sponsorlar\u0131m\u0131za minnet bor\u00e7luyuz. G\u00fczel \u00fclkemizin en renkli \u015fehirlerinden biri olan Bursa\u2019m\u0131z, \u00f6zellikle farkl\u0131 medeniyetlere ev sahibi olmas\u0131yla daha da de\u011fer kazan\u0131yor. Biz bu k\u0131ymete ve t\u00fcm de\u011ferlerimize sahip \u00e7\u0131kmaya \u00f6zen g\u00f6stermeye devam edece\u011fiz\u201d diye konu\u015ftu.<\/span><br \/>\n<span style=\"font-family: arial, helvetica, sans-serif; font-size: 14px;\">Bursa K\u00fclt\u00fcr Sanat ve Turizm Vakf\u0131 (BKSTV) Y\u00f6netim Kurulu Ba\u015fkan\u0131 Sadi Etkeser de, 35. Uluslararas\u0131 Alt\u0131n Karag\u00f6z Halk Danslar Yar\u0131\u015fmas\u0131\u2019n\u0131n ard\u0131ndan, Bursal\u0131lar\u0131 61. kez Uluslararas\u0131 Bursa Festivali ile bulu\u015fturmaktan mutluluk duyduklar\u0131n\u0131 belirtti. Etkeser, 61 y\u0131ld\u0131r bu festivalin ger\u00e7ekle\u015fmesinde eme\u011fi ge\u00e7en herkese ve t\u00fcm Bursal\u0131lara te\u015fekk\u00fcr etti.<\/span><br \/>\n<span style=\"font-family: arial, helvetica, sans-serif; font-size: 14px;\">Sonras\u0131nda Ba\u015fkan Akta\u015f ve BKSTV Ba\u015fkan\u0131 Etkeser, festivalin ana sponsoru ATI\u015e \u015eirketler Grubu ba\u015fta olmak \u00fczere Uluda\u011f Premium, Durmazlar, T\u00fcrk Hava Yollar\u0131, Oyak Renault, Harput Holding, \u00d6zhan Marketler Zinciri, Doruk Hastanaleri, \u015eahinkaya, Osmangazi G\u00f6z, \u00c7ay Taze, Hitachi, Nev Sa\u011fl\u0131k Grubu, Keskino\u011flu, 22. Y\u00fczy\u0131l Okullar\u0131, Opel Neskar, \u0130skender, Referans Grup, Kardelen, Hayat Hastanesi, Eklektik, Advert House, ADR G\u00fcvenlik firmalar\u0131 temsilcilerine katk\u0131lar\u0131ndan dolay\u0131 te\u015fekk\u00fcr plaketi sundu.<\/span><br \/>\n<span style=\"font-family: arial, helvetica, sans-serif; font-size: 14px;\">Konu\u015fmalar\u0131nda ard\u0131ndan A\u00e7\u0131khava Sahnesi\u2019nde ilk olarak Naci \u00d6zg\u00f6\u00e7 \u015fefli\u011finde Bursa B\u00f6lge Devlet Senfoni Orkestras\u0131 yerini ald\u0131. \u0130lk enstr\u00fcmantal eseriyle izleyenleri kar\u015f\u0131layan orkestraya ikinci eserinde \u00fcnl\u00fc sanat\u00e7\u0131 Karsu kat\u0131ld\u0131. Amerika, \u0130ngiltere, Almanya, Fransa gibi \u00fclkelerde d\u00fcnyan\u0131n en \u00f6nemli organizasyonlar\u0131nda sahne alan Karsu, \u0130ngiliz Kraliyet Ailesi ve bir\u00e7ok \u00fclkenin devlet ba\u015fkanlar\u0131na verdi\u011fi konserlerle \u00fclkemizin son y\u0131llardaki en \u00f6nemli temsilcilerinden biri haline geldi. Do\u011fu Depremi sonras\u0131nda, ad\u0131n\u0131 ald\u0131\u011f\u0131 Hatay\u2019\u0131n Karsu K\u00f6y\u00fc ile birlikte t\u00fcm deprem b\u00f6lgesi i\u00e7in Hollanda\u2019da d\u00fczenledi\u011fi yard\u0131m organizasyonuyla g\u00f6n\u00fcllerde taht kuran \u00fcnl\u00fc s\u00f6z yazar\u0131 ve piyanist, bestesi \u0130lhan \u015ee\u015fen\u2019e ait Eller Gibiyim \u015fark\u0131s\u0131n\u0131, orkestran\u0131n m\u00fczi\u011fiyle yorumlad\u0131. Ard\u0131ndan piyanosunun ba\u015f\u0131na ge\u00e7en Karsu, yerli ve yabanc\u0131 bir\u00e7ok eseri kendine has yorumuyla Bursal\u0131 sanatseverlerin be\u011fenisine sundu. Neredesin Sen eserini seslendirdi\u011fi konserde izleyenlerden b\u00fcy\u00fck alk\u0131\u015f alan Karsu, sempatik tav\u0131rlar\u0131yla da festivale kat\u0131lanlar\u0131n g\u00f6nl\u00fcnde taht kurdu.<\/span><br \/>\n<span style=\"font-family: arial, helvetica, sans-serif; font-size: 14px;\">T\u00fcrkiye\u2019nin en uzun soluklu festivali olma \u00f6zelli\u011fi ta\u015f\u0131yan Uluslararas\u0131 Bursa Festivali\u2019nde her y\u0131l oldu\u011fu gibi bu y\u0131l da Bursal\u0131 sanatseverler m\u00fczik dolu yaz ak\u015famlar\u0131 ya\u015fayacak. Birbirinden \u00fcnl\u00fc sanat\u00e7\u0131lar\u0131n eserlerini Bursal\u0131 hayranlar\u0131 i\u00e7in seslendirece\u011fi festivalde, 16 Temmuz\u2019da d\u00fcnyaca \u00fcnl\u00fc G\u00fcrc\u00fc dans grubu Sukhishvili sahne alacak. Sukhishvili\u2019nin hemen ard\u0131ndan ise 17 Temmuz\u2019da sahne efsanelerin olacak. T\u00fcrk m\u00fczi\u011finin \u00fcnl\u00fc sesleri \u00dcmit Besen, Cengiz Kurto\u011flu ve Arif Susam, Bursa Festivali i\u00e7in ayn\u0131 sahnede bir araya gelecek.<\/span><br \/>\n<span style=\"font-family: arial, helvetica, sans-serif; font-size: 14px;\">Bursa\u2019da 12 g\u00fcn boyunca muhte\u015fem festival ak\u015famlar\u0131n\u0131n ya\u015fanaca\u011f\u0131 A\u00e7\u0131khava Tiyatrosu\u2019nda, Edis, \u00d6zcan Deniz, Muazzez Ersoy, Madrigal Grubu, Shantel, Azerbaycanl\u0131 ses sanat\u00e7\u0131s\u0131 Alim Qasimov, H\u00fcsn\u00fc \u015eenlendirici, Dilek T\u00fcrkan ve Y\u0131ld\u0131z Tilbe sahne alacak. Ayr\u0131ca Okan Bay\u00fclgen\u2019in ba\u015frol\u00fcnde sahnelenen Richard adl\u0131 tiyatro oyunu da Bursal\u0131 sanatseverlerle bulu\u015facak.<\/span><\/p>\n","protected":false},"excerpt":{"rendered":"<p>Bu y\u0131l 61&#8217;incisi d\u00fczenlenen Uluslararas\u0131 Bursa Festivali \u00fcnl\u00fc sanat\u00e7\u0131 Karsu\u2019nun konseri ile ba\u015flad\u0131. T\u00fcrkiye\u2019nin en uzun soluklu uluslararas\u0131 festivali unvan\u0131na<\/p>\n","protected":false},"author":3,"featured_media":12324,"comment_status":"open","ping_status":"open","sticky":false,"template":"","format":"standard","meta":{"colormag_page_container_layout":"default_layout","colormag_page_sidebar_layout":"default_layout","footnotes":""},"categories":[1,5,6,8],"tags":[],"class_list":["post-12322","post","type-post","status-publish","format-standard","has-post-thumbnail","hentry","category-genel","category-gundem","category-kultur-sanat","category-siyaset"],"_links":{"self":[{"href":"https:\/\/marmarayerelhizmet.com\/index.php\/wp-json\/wp\/v2\/posts\/12322","targetHints":{"allow":["GET"]}}],"collection":[{"href":"https:\/\/marmarayerelhizmet.com\/index.php\/wp-json\/wp\/v2\/posts"}],"about":[{"href":"https:\/\/marmarayerelhizmet.com\/index.php\/wp-json\/wp\/v2\/types\/post"}],"author":[{"embeddable":true,"href":"https:\/\/marmarayerelhizmet.com\/index.php\/wp-json\/wp\/v2\/users\/3"}],"replies":[{"embeddable":true,"href":"https:\/\/marmarayerelhizmet.com\/index.php\/wp-json\/wp\/v2\/comments?post=12322"}],"version-history":[{"count":0,"href":"https:\/\/marmarayerelhizmet.com\/index.php\/wp-json\/wp\/v2\/posts\/12322\/revisions"}],"wp:featuredmedia":[{"embeddable":true,"href":"https:\/\/marmarayerelhizmet.com\/index.php\/wp-json\/wp\/v2\/media\/12324"}],"wp:attachment":[{"href":"https:\/\/marmarayerelhizmet.com\/index.php\/wp-json\/wp\/v2\/media?parent=12322"}],"wp:term":[{"taxonomy":"category","embeddable":true,"href":"https:\/\/marmarayerelhizmet.com\/index.php\/wp-json\/wp\/v2\/categories?post=12322"},{"taxonomy":"post_tag","embeddable":true,"href":"https:\/\/marmarayerelhizmet.com\/index.php\/wp-json\/wp\/v2\/tags?post=12322"}],"curies":[{"name":"wp","href":"https:\/\/api.w.org\/{rel}","templated":true}]}}