{"id":12318,"date":"2023-07-15T14:45:03","date_gmt":"2023-07-15T11:45:03","guid":{"rendered":"https:\/\/marmarayerelhizmet.com\/?p=12318"},"modified":"2023-07-15T14:45:03","modified_gmt":"2023-07-15T11:45:03","slug":"15-temmuz-sehit-ve-gazilerine-saygi-seyri","status":"publish","type":"post","link":"https:\/\/marmarayerelhizmet.com\/index.php\/2023\/07\/15\/15-temmuz-sehit-ve-gazilerine-saygi-seyri\/","title":{"rendered":"15 Temmuz \u015eehit ve Gazilerine Sayg\u0131 Seyri"},"content":{"rendered":"<p><strong><span style=\"font-family: arial, helvetica, sans-serif; font-size: 14px;\">15 Temmuz \u015fehit ve gazileri i\u00e7in Bo\u011faz&#8217;da 8 deniz arac\u0131yla sayg\u0131 seyri ger\u00e7ekle\u015ftirildi. Sirenlerin \u00e7al\u0131n\u0131p su g\u00f6sterilerinin yap\u0131ld\u0131\u011f\u0131 seyir, vatanda\u015flardan da yo\u011fun ilgi g\u00f6rd\u00fc.<br \/>\n<\/span><\/strong><br \/>\n<span style=\"font-family: arial, helvetica, sans-serif; font-size: 14px;\">Ula\u015ft\u0131rma ve Altyap\u0131 Bakanl\u0131\u011f\u0131 K\u0131y\u0131 Emniyeti Genel M\u00fcd\u00fcrl\u00fc\u011f\u00fcnce, 15 Temmuz \u015fehit ve gazileri i\u00e7in \u0130stanbul Bo\u011faz\u0131\u2019nda deniz ara\u00e7lar\u0131yla sayg\u0131 seyri ger\u00e7ekle\u015ftirildi. Geleneksel sayg\u0131 seyrinde, 3 adet h\u0131zl\u0131 can kurtarma (tahlisiye) botu, 3 adet rhib bot (rip bot) ve 2 adet de r\u00f6mork\u00f6r olmak \u00fczere toplam 8 deniz arac\u0131 haz\u0131r bulundu.<\/span><\/p>\n<p><strong><span style=\"font-family: arial, helvetica, sans-serif; font-size: 14px;\">Halk\u0131 selamlay\u0131p su g\u00f6sterisi yapt\u0131lar<\/span><\/strong><br \/>\n<span style=\"font-family: arial, helvetica, sans-serif; font-size: 14px;\">K\u0131y\u0131 Emniyeti Genel M\u00fcd\u00fcrl\u00fc\u011f\u00fcn\u00fcn Merkez Yerle\u015fkesinden ba\u015flanan sayg\u0131 seyrine kat\u0131lan deniz ara\u00e7lar\u0131, \u00f6nce Beylerbeyi\u2019nden Fatih Sultan Mehmet K\u00f6pr\u00fcs\u00fc\u2019ne kadar Anadolu Yakas\u0131 sahil band\u0131na paralel olarak ge\u00e7i\u015f yapt\u0131. Daha sonra sahil boyunca halk\u0131 selamlay\u0131p Fatih Sultan Mehmet K\u00f6pr\u00fcs\u00fc\u2019n\u00fcn alt\u0131ndan Avrupa Yakas\u0131&#8217;na ge\u00e7ti. \u00d6nce Ortak\u00f6y Meydan\u0131\u2019ndaki halk\u0131 selamlay\u0131p su g\u00f6sterisi ger\u00e7ekle\u015ftiren ara\u00e7lar, ayn\u0131 g\u00f6steriyi \u00dcsk\u00fcdar Meydan\u0131 \u00f6n\u00fcnde de yapt\u0131ktan sonra sayg\u0131 seyri sona erdi.<\/span><\/p>\n","protected":false},"excerpt":{"rendered":"<p>15 Temmuz \u015fehit ve gazileri i\u00e7in Bo\u011faz&#8217;da 8 deniz arac\u0131yla sayg\u0131 seyri ger\u00e7ekle\u015ftirildi. Sirenlerin \u00e7al\u0131n\u0131p su g\u00f6sterilerinin yap\u0131ld\u0131\u011f\u0131 seyir, vatanda\u015flardan<\/p>\n","protected":false},"author":3,"featured_media":12320,"comment_status":"open","ping_status":"open","sticky":false,"template":"","format":"standard","meta":{"colormag_page_container_layout":"default_layout","colormag_page_sidebar_layout":"default_layout","footnotes":""},"categories":[1,5],"tags":[],"class_list":["post-12318","post","type-post","status-publish","format-standard","has-post-thumbnail","hentry","category-genel","category-gundem"],"_links":{"self":[{"href":"https:\/\/marmarayerelhizmet.com\/index.php\/wp-json\/wp\/v2\/posts\/12318","targetHints":{"allow":["GET"]}}],"collection":[{"href":"https:\/\/marmarayerelhizmet.com\/index.php\/wp-json\/wp\/v2\/posts"}],"about":[{"href":"https:\/\/marmarayerelhizmet.com\/index.php\/wp-json\/wp\/v2\/types\/post"}],"author":[{"embeddable":true,"href":"https:\/\/marmarayerelhizmet.com\/index.php\/wp-json\/wp\/v2\/users\/3"}],"replies":[{"embeddable":true,"href":"https:\/\/marmarayerelhizmet.com\/index.php\/wp-json\/wp\/v2\/comments?post=12318"}],"version-history":[{"count":0,"href":"https:\/\/marmarayerelhizmet.com\/index.php\/wp-json\/wp\/v2\/posts\/12318\/revisions"}],"wp:featuredmedia":[{"embeddable":true,"href":"https:\/\/marmarayerelhizmet.com\/index.php\/wp-json\/wp\/v2\/media\/12320"}],"wp:attachment":[{"href":"https:\/\/marmarayerelhizmet.com\/index.php\/wp-json\/wp\/v2\/media?parent=12318"}],"wp:term":[{"taxonomy":"category","embeddable":true,"href":"https:\/\/marmarayerelhizmet.com\/index.php\/wp-json\/wp\/v2\/categories?post=12318"},{"taxonomy":"post_tag","embeddable":true,"href":"https:\/\/marmarayerelhizmet.com\/index.php\/wp-json\/wp\/v2\/tags?post=12318"}],"curies":[{"name":"wp","href":"https:\/\/api.w.org\/{rel}","templated":true}]}}