{"id":12310,"date":"2023-07-15T14:41:42","date_gmt":"2023-07-15T11:41:42","guid":{"rendered":"https:\/\/marmarayerelhizmet.com\/?p=12310"},"modified":"2023-07-15T14:41:42","modified_gmt":"2023-07-15T11:41:42","slug":"inegolde-600-fidan-dikildi","status":"publish","type":"post","link":"https:\/\/marmarayerelhizmet.com\/index.php\/2023\/07\/15\/inegolde-600-fidan-dikildi\/","title":{"rendered":"\u0130neg\u00f6l&#8217;de 600 Fidan Dikildi"},"content":{"rendered":"<p><strong><span style=\"font-family: arial, helvetica, sans-serif; font-size: 14px;\">\u0130neg\u00f6l Belediyesi, 15 Temmuz Demokrasi ve Milli Birlik G\u00fcn\u00fc etkinlikleri \u00e7er\u00e7evesinde Akhisar Mahallesinde fidan dikimi ger\u00e7ekle\u015ftirdi. \u0130lk 6 ayda toprakla bulu\u015fan 600\u2019\u00fcnc\u00fc fidan, 15 Temmuz \u015fehitleri an\u0131s\u0131na dikildi.<br \/>\n<\/span><\/strong><br \/>\n<span style=\"font-family: arial, helvetica, sans-serif; font-size: 14px;\">\u0130neg\u00f6l Belediyesi, 15 Temmuz Demokrasi ve Milli Birlik G\u00fcn\u00fc etkinlikleri \u00e7er\u00e7evesinde \u0130neg\u00f6l\u2019de art\u0131k geleneksel hale gelen fidan dikim etkinli\u011fini Per\u015fembe g\u00fcn\u00fc ger\u00e7ekle\u015ftirdi. Akhisar Mahallesi Y\u00fckselen Sokak\u2019ta Park Bah\u00e7eler M\u00fcd\u00fcrl\u00fc\u011f\u00fc taraf\u0131ndan olu\u015fturulan \u00e7ocuk oyun alan\u0131 ile koruluk alanda 112 adet yeti\u015fkin formda a\u011fa\u00e7 toprakla bulu\u015furken, \u0130neg\u00f6l Belediyesi taraf\u0131ndan ilk 6 ayda toplamda 600 fidan dikildi\u011fi ifade edildi. 600\u2019\u00fcnc\u00fc fidan, 15 Temmuz \u015fehitleri ad\u0131na toprakla bulu\u015ftu.<\/span><br \/>\n<span style=\"font-family: arial, helvetica, sans-serif; font-size: 14px;\">Belediye Ba\u015fkan\u0131 Alper Taban, beraberindeki Ba\u015fkan Yard\u0131mc\u0131s\u0131 Fevzi D\u00fclger, AK Parti \u0130l\u00e7e Ba\u015fkan\u0131 Mustafa Durmu\u015f, meclis \u00fcyeleri ve parti y\u00f6neticileriyle birlikte Per\u015fembe g\u00fcn\u00fc hem yap\u0131m\u0131 tamamlanan \u00e7ocuk oyun alan\u0131n\u0131 incelemek hem de 15 Temmuz \u015fehitleri ad\u0131na fidan dikimini ger\u00e7ekle\u015ftirmek ad\u0131na alana geldi. Burada 112 adet fidan protokol \u00fcyeleri ve Park Bah\u00e7eler M\u00fcd\u00fcrl\u00fc\u011f\u00fc personeli taraf\u0131ndan dikildi.<\/span><br \/>\n<span style=\"font-family: arial, helvetica, sans-serif; font-size: 14px;\">Fidan dikiminde konu\u015fan Belediye Ba\u015fkan\u0131 Alper Taban, 15 Temmuz\u2019un demokrasinin simgesi oldu\u011funu ifade ederek; \u201cBir milletin her ya\u015ftan insan\u0131 ile milli bir duru\u015f sergiledi\u011fi g\u00fcn\u00fcn ad\u0131d\u0131r 15 Temmuz. 15 Temmuz\u2019da inanc\u0131m\u0131z ve tek y\u00fcrek olmam\u0131z bizi g\u00fc\u00e7l\u00fc k\u0131lm\u0131\u015ft\u0131r. Bu g\u00fc\u00e7 ile demokrasi zaferi kazan\u0131lm\u0131\u015ft\u0131r. Bug\u00fcn de demokrasi zaferimizin 7\u2019nci y\u0131l d\u00f6n\u00fcm\u00fcnde art\u0131k geleneksel hale getirdi\u011fimiz \u015fehitlerimiz ad\u0131na fidan dikimini ger\u00e7ekle\u015ftiriyoruz. Ayn\u0131 zamanda bu y\u0131l i\u00e7erisindeki 600\u2019\u00fcnc\u00fc fidan\u0131 toprakla bulu\u015fturmu\u015f olduk burada. Ben bu vesileyle; ba\u015fta 15 Temmuz \u015fehitlerimiz olmak \u00fczere bu vatan u\u011fruna can vermi\u015f t\u00fcm \u015fehitlerimizi bir kez daha rahmetle an\u0131yorum\u201d dedi.<\/span><br \/>\n<span style=\"font-family: arial, helvetica, sans-serif; font-size: 14px;\">Yap\u0131lan \u00e7al\u0131\u015fma hakk\u0131nda da bilgi veren Ba\u015fkan Taban, \u201cAkhisar Mahallesi Y\u00fckselen Sokak \u00fczerinde bulunan alan\u0131 \u00c7ocuk Oyun Park\u0131 ve 15 Temmuz A\u011fa\u00e7land\u0131rma Alan\u0131 olarak d\u00fczenliyoruz. Toplam 2900 m2 alan \u00fczerinde; 2000 m2 ye\u015fil alan, 650 m2 sert zemin alan\u0131 ve 250 m2 \u00e7ocuk oyun alan\u0131 bulunuyor. Ye\u015fil alanda 108 adet ve \u00e7ocuk oyun alan\u0131nda 4 adet yeti\u015fkin a\u011fa\u00e7 dikimi yap\u0131larak toplamda 112 adet a\u011fa\u00e7 bu alanda toprakla bulu\u015fuyor. Yap\u0131lan \u00e7al\u0131\u015fman\u0131n hay\u0131rl\u0131 olmas\u0131n\u0131 diliyorum\u201d diye konu\u015ftu.<\/span><\/p>\n","protected":false},"excerpt":{"rendered":"<p>\u0130neg\u00f6l Belediyesi, 15 Temmuz Demokrasi ve Milli Birlik G\u00fcn\u00fc etkinlikleri \u00e7er\u00e7evesinde Akhisar Mahallesinde fidan dikimi ger\u00e7ekle\u015ftirdi. \u0130lk 6 ayda toprakla<\/p>\n","protected":false},"author":3,"featured_media":12312,"comment_status":"open","ping_status":"open","sticky":false,"template":"","format":"standard","meta":{"colormag_page_container_layout":"default_layout","colormag_page_sidebar_layout":"default_layout","footnotes":""},"categories":[1,5,8],"tags":[],"class_list":["post-12310","post","type-post","status-publish","format-standard","has-post-thumbnail","hentry","category-genel","category-gundem","category-siyaset"],"_links":{"self":[{"href":"https:\/\/marmarayerelhizmet.com\/index.php\/wp-json\/wp\/v2\/posts\/12310","targetHints":{"allow":["GET"]}}],"collection":[{"href":"https:\/\/marmarayerelhizmet.com\/index.php\/wp-json\/wp\/v2\/posts"}],"about":[{"href":"https:\/\/marmarayerelhizmet.com\/index.php\/wp-json\/wp\/v2\/types\/post"}],"author":[{"embeddable":true,"href":"https:\/\/marmarayerelhizmet.com\/index.php\/wp-json\/wp\/v2\/users\/3"}],"replies":[{"embeddable":true,"href":"https:\/\/marmarayerelhizmet.com\/index.php\/wp-json\/wp\/v2\/comments?post=12310"}],"version-history":[{"count":0,"href":"https:\/\/marmarayerelhizmet.com\/index.php\/wp-json\/wp\/v2\/posts\/12310\/revisions"}],"wp:featuredmedia":[{"embeddable":true,"href":"https:\/\/marmarayerelhizmet.com\/index.php\/wp-json\/wp\/v2\/media\/12312"}],"wp:attachment":[{"href":"https:\/\/marmarayerelhizmet.com\/index.php\/wp-json\/wp\/v2\/media?parent=12310"}],"wp:term":[{"taxonomy":"category","embeddable":true,"href":"https:\/\/marmarayerelhizmet.com\/index.php\/wp-json\/wp\/v2\/categories?post=12310"},{"taxonomy":"post_tag","embeddable":true,"href":"https:\/\/marmarayerelhizmet.com\/index.php\/wp-json\/wp\/v2\/tags?post=12310"}],"curies":[{"name":"wp","href":"https:\/\/api.w.org\/{rel}","templated":true}]}}